{"id":2269,"date":"2024-02-17T15:43:46","date_gmt":"2024-02-17T15:43:46","guid":{"rendered":"https:\/\/elregionaldigital.info\/?p=2269"},"modified":"2024-03-06T03:20:47","modified_gmt":"2024-03-06T03:20:47","slug":"fundacion-bbva-mexico-y-el-tecnologico-de-monterrey-se-unen-para-promover-la-inclusion-y-la-educacion","status":"publish","type":"post","link":"https:\/\/elregionaldigital.info\/?p=2269","title":{"rendered":"Fundaci\u00f3n BBVA M\u00e9xico y el Tecnol\u00f3gico de Monterrey se unen para promover la inclusi\u00f3n y la educaci\u00f3n"},"content":{"rendered":"\n<p>L\u00edderes del Ma\u00f1ana y Chavos que Inspiran tienen como objetivo contribuir a la movilidad social en M\u00e9xico a trav\u00e9s de la educaci\u00f3n, adem\u00e1s de fomentar el compromiso social con futuras generaciones<\/p>\n\n\n\n<p>FEBRERO 17, 2024<\/p>\n\n\n\n<p>La&nbsp;<strong>Fundaci\u00f3n BBVA M\u00e9xico<\/strong>&nbsp;y el&nbsp;<strong>Tecnol\u00f3gico de Monterrey<\/strong>&nbsp;est\u00e1n convencidos de que para transformar a M\u00e9xico se requiere de la colaboraci\u00f3n entre actores sociales. Es por ello que desde 2019 iniciaron la colaboraci\u00f3n a trav\u00e9s de los programas de Becas BBVA para<strong>&nbsp;Chavos&nbsp;que&nbsp;Inspiran&nbsp;<\/strong>y&nbsp;<strong>L\u00edderes del Ma\u00f1ana.<\/strong><\/p>\n\n\n\n<p>Desde el 2019 las instituciones han&nbsp;transformado la vida de 452 estudiantes con una inversi\u00f3n superior a 89 millones de pesos.<\/p>\n\n\n\n<p><a href=\"https:\/\/lideresdelmanana.itesm.mx\/\" target=\"_blank\" rel=\"noreferrer noopener\">L\u00edderes del Ma\u00f1ana<\/a>&nbsp;del Tecnol\u00f3gico de Monterrey es un programa que detona el cambio, la movilidad social y la trascendencia, a trav\u00e9s de la reciprocidad de las y los j\u00f3venes talentosos que obtienen las becas; y de la sensibilidad social y generosidad de los donantes que contribuyen en la formaci\u00f3n de estos j\u00f3venes.<\/p>\n\n\n\n<p>Durante once a\u00f1os, este programa ha impulsado y facilitado el acceso a educaci\u00f3n de calidad para cientos de j\u00f3venes, logrando romper barreras econ\u00f3micas y ofrecer apoyo financiero con una beca del 100% para estudiar una carrera profesional en el Tec de Monterrey.<\/p>\n\n\n\n<p>Por otro lado, el programa de&nbsp;<strong>Becas BBVA para Chavos que Inspiran<\/strong>&nbsp;tiene como prop\u00f3sito promover la continuidad escolar e impulsar la movilidad social. Este programa transforma la vida de j\u00f3venes talentosos y de escasos recursos de todo el pa\u00eds al darles acompa\u00f1amiento econ\u00f3mico, acad\u00e9mico y psicol\u00f3gico desde que inician la secundaria hasta que concluyen la universidad y consiguen su primer empleo.<\/p>\n\n\n\n<p>Ambos programas coinciden en que ofrecen oportunidades a j\u00f3venes talentosos que son estudiantes de excelencia acad\u00e9mica que adem\u00e1s tienen vulnerabilidad econ\u00f3mica. Estos j\u00f3venes son los agentes de cambio que promueven el progreso y la transformaci\u00f3n en M\u00e9xico. L\u00edderes del Ma\u00f1ana y Chavos que Inspiran tienen como objetivo contribuir a la movilidad social en M\u00e9xico a trav\u00e9s de la educaci\u00f3n, adem\u00e1s de fomentar el compromiso social con futuras generaciones.<\/p>\n","protected":false},"excerpt":{"rendered":"<p>L\u00edderes del Ma\u00f1ana y Chavos que Inspiran tienen como objetivo contribuir a la movilidad social en M\u00e9xico a trav\u00e9s de la educaci\u00f3n, adem\u00e1s de fomentar el compromiso social con futuras generaciones FEBRERO 17, 2024 La&nbsp;Fundaci\u00f3n BBVA M\u00e9xico&nbsp;y el&nbsp;Tecnol\u00f3gico de Monterrey&nbsp;est\u00e1n convencidos de que para transformar a M\u00e9xico se requiere de la colaboraci\u00f3n entre actores sociales. [&hellip;]<\/p>\n","protected":false},"author":1,"featured_media":2270,"comment_status":"open","ping_status":"open","sticky":false,"template":"","format":"standard","meta":{"footnotes":""},"categories":[5],"tags":[],"class_list":["post-2269","post","type-post","status-publish","format-standard","has-post-thumbnail","hentry","category-nacional"],"blog_post_layout_featured_media_urls":{"thumbnail":["https:\/\/elregionaldigital.info\/wp-content\/uploads\/2024\/02\/ceremonia-de-bienvenida-chavos-que-inspiran-1-scaled-1-150x150.webp",150,150,true],"full":["https:\/\/elregionaldigital.info\/wp-content\/uploads\/2024\/02\/ceremonia-de-bienvenida-chavos-que-inspiran-1-scaled-1.webp",2048,997,false]},"categories_names":{"5":{"name":"Nacional","link":"https:\/\/elregionaldigital.info\/?cat=5"}},"tags_names":[],"comments_number":"0","wpmagazine_modules_lite_featured_media_urls":{"thumbnail":["https:\/\/elregionaldigital.info\/wp-content\/uploads\/2024\/02\/ceremonia-de-bienvenida-chavos-que-inspiran-1-scaled-1-150x150.webp",150,150,true],"cvmm-medium":["https:\/\/elregionaldigital.info\/wp-content\/uploads\/2024\/02\/ceremonia-de-bienvenida-chavos-que-inspiran-1-scaled-1-300x300.webp",300,300,true],"cvmm-medium-plus":["https:\/\/elregionaldigital.info\/wp-content\/uploads\/2024\/02\/ceremonia-de-bienvenida-chavos-que-inspiran-1-scaled-1-305x207.webp",305,207,true],"cvmm-portrait":["https:\/\/elregionaldigital.info\/wp-content\/uploads\/2024\/02\/ceremonia-de-bienvenida-chavos-que-inspiran-1-scaled-1-400x600.webp",400,600,true],"cvmm-medium-square":["https:\/\/elregionaldigital.info\/wp-content\/uploads\/2024\/02\/ceremonia-de-bienvenida-chavos-que-inspiran-1-scaled-1-600x600.webp",600,600,true],"cvmm-large":["https:\/\/elregionaldigital.info\/wp-content\/uploads\/2024\/02\/ceremonia-de-bienvenida-chavos-que-inspiran-1-scaled-1-1024x997.webp",1024,997,true],"cvmm-small":["https:\/\/elregionaldigital.info\/wp-content\/uploads\/2024\/02\/ceremonia-de-bienvenida-chavos-que-inspiran-1-scaled-1-130x95.webp",130,95,true],"full":["https:\/\/elregionaldigital.info\/wp-content\/uploads\/2024\/02\/ceremonia-de-bienvenida-chavos-que-inspiran-1-scaled-1.webp",2048,997,false]},"_links":{"self":[{"href":"https:\/\/elregionaldigital.info\/index.php?rest_route=\/wp\/v2\/posts\/2269","targetHints":{"allow":["GET"]}}],"collection":[{"href":"https:\/\/elregionaldigital.info\/index.php?rest_route=\/wp\/v2\/posts"}],"about":[{"href":"https:\/\/elregionaldigital.info\/index.php?rest_route=\/wp\/v2\/types\/post"}],"author":[{"embeddable":true,"href":"https:\/\/elregionaldigital.info\/index.php?rest_route=\/wp\/v2\/users\/1"}],"replies":[{"embeddable":true,"href":"https:\/\/elregionaldigital.info\/index.php?rest_route=%2Fwp%2Fv2%2Fcomments&post=2269"}],"version-history":[{"count":1,"href":"https:\/\/elregionaldigital.info\/index.php?rest_route=\/wp\/v2\/posts\/2269\/revisions"}],"predecessor-version":[{"id":2271,"href":"https:\/\/elregionaldigital.info\/index.php?rest_route=\/wp\/v2\/posts\/2269\/revisions\/2271"}],"wp:featuredmedia":[{"embeddable":true,"href":"https:\/\/elregionaldigital.info\/index.php?rest_route=\/wp\/v2\/media\/2270"}],"wp:attachment":[{"href":"https:\/\/elregionaldigital.info\/index.php?rest_route=%2Fwp%2Fv2%2Fmedia&parent=2269"}],"wp:term":[{"taxonomy":"category","embeddable":true,"href":"https:\/\/elregionaldigital.info\/index.php?rest_route=%2Fwp%2Fv2%2Fcategories&post=2269"},{"taxonomy":"post_tag","embeddable":true,"href":"https:\/\/elregionaldigital.info\/index.php?rest_route=%2Fwp%2Fv2%2Ftags&post=2269"}],"curies":[{"name":"wp","href":"https:\/\/api.w.org\/{rel}","templated":true}]}}