{"id":2266,"date":"2024-02-18T15:38:50","date_gmt":"2024-02-18T15:38:50","guid":{"rendered":"https:\/\/elregionaldigital.info\/?p=2266"},"modified":"2024-03-05T08:36:41","modified_gmt":"2024-03-05T08:36:41","slug":"torero-sufre-cornada-en-la-plaza-mexico","status":"publish","type":"post","link":"https:\/\/elregionaldigital.info\/?p=2266","title":{"rendered":"Torero sufre cornada en la Plaza M\u00e9xico"},"content":{"rendered":"\n<p>H\u00e9ctor Guti\u00e9rrez sufri\u00f3 un corte de 20 cent\u00edmetros en la pierna derecha.<\/p>\n\n\n\n<p>18 de febrero2024<\/p>\n\n\n\n<p>El matador H\u00e9ctor Guti\u00e9rrez fue herido por el&nbsp;<strong>toro \u201cHeroico\u201d<\/strong>, en corrida registrada en la Plaza de Toros M\u00e9xico.<\/p>\n\n\n\n<p>El ejemplar de VillaCarmela era el primero de la tarde para el hidroc\u00e1lido.<\/p>\n\n\n\n<p>Guti\u00e9rrez intent\u00f3 mantenerse en el ruedo para matar al animal, pero no pudo mantenerse en pie y finalmente fue retirado para recibir atenci\u00f3n m\u00e9dica. Alejandro Talavante sali\u00f3 al ruedo para matar al toro y luego continu\u00f3 con su propio ejemplar.<\/p>\n","protected":false},"excerpt":{"rendered":"<p>H\u00e9ctor Guti\u00e9rrez sufri\u00f3 un corte de 20 cent\u00edmetros en la pierna derecha. 18 de febrero2024 El matador H\u00e9ctor Guti\u00e9rrez fue herido por el&nbsp;toro \u201cHeroico\u201d, en corrida registrada en la Plaza de Toros M\u00e9xico. El ejemplar de VillaCarmela era el primero de la tarde para el hidroc\u00e1lido. Guti\u00e9rrez intent\u00f3 mantenerse en el ruedo para matar al [&hellip;]<\/p>\n","protected":false},"author":1,"featured_media":2267,"comment_status":"open","ping_status":"open","sticky":false,"template":"","format":"standard","meta":{"footnotes":""},"categories":[6],"tags":[],"class_list":["post-2266","post","type-post","status-publish","format-standard","has-post-thumbnail","hentry","category-deportes"],"blog_post_layout_featured_media_urls":{"thumbnail":["https:\/\/elregionaldigital.info\/wp-content\/uploads\/2024\/02\/cornada-torero-mexico-plaza-cdmx-18022024-150x150.webp",150,150,true],"full":["https:\/\/elregionaldigital.info\/wp-content\/uploads\/2024\/02\/cornada-torero-mexico-plaza-cdmx-18022024.webp",1200,750,false]},"categories_names":{"6":{"name":"Deportes","link":"https:\/\/elregionaldigital.info\/?cat=6"}},"tags_names":[],"comments_number":"0","wpmagazine_modules_lite_featured_media_urls":{"thumbnail":["https:\/\/elregionaldigital.info\/wp-content\/uploads\/2024\/02\/cornada-torero-mexico-plaza-cdmx-18022024-150x150.webp",150,150,true],"cvmm-medium":["https:\/\/elregionaldigital.info\/wp-content\/uploads\/2024\/02\/cornada-torero-mexico-plaza-cdmx-18022024-300x300.webp",300,300,true],"cvmm-medium-plus":["https:\/\/elregionaldigital.info\/wp-content\/uploads\/2024\/02\/cornada-torero-mexico-plaza-cdmx-18022024-305x207.webp",305,207,true],"cvmm-portrait":["https:\/\/elregionaldigital.info\/wp-content\/uploads\/2024\/02\/cornada-torero-mexico-plaza-cdmx-18022024-400x600.webp",400,600,true],"cvmm-medium-square":["https:\/\/elregionaldigital.info\/wp-content\/uploads\/2024\/02\/cornada-torero-mexico-plaza-cdmx-18022024-600x600.webp",600,600,true],"cvmm-large":["https:\/\/elregionaldigital.info\/wp-content\/uploads\/2024\/02\/cornada-torero-mexico-plaza-cdmx-18022024-1024x750.webp",1024,750,true],"cvmm-small":["https:\/\/elregionaldigital.info\/wp-content\/uploads\/2024\/02\/cornada-torero-mexico-plaza-cdmx-18022024-130x95.webp",130,95,true],"full":["https:\/\/elregionaldigital.info\/wp-content\/uploads\/2024\/02\/cornada-torero-mexico-plaza-cdmx-18022024.webp",1200,750,false]},"_links":{"self":[{"href":"https:\/\/elregionaldigital.info\/index.php?rest_route=\/wp\/v2\/posts\/2266","targetHints":{"allow":["GET"]}}],"collection":[{"href":"https:\/\/elregionaldigital.info\/index.php?rest_route=\/wp\/v2\/posts"}],"about":[{"href":"https:\/\/elregionaldigital.info\/index.php?rest_route=\/wp\/v2\/types\/post"}],"author":[{"embeddable":true,"href":"https:\/\/elregionaldigital.info\/index.php?rest_route=\/wp\/v2\/users\/1"}],"replies":[{"embeddable":true,"href":"https:\/\/elregionaldigital.info\/index.php?rest_route=%2Fwp%2Fv2%2Fcomments&post=2266"}],"version-history":[{"count":1,"href":"https:\/\/elregionaldigital.info\/index.php?rest_route=\/wp\/v2\/posts\/2266\/revisions"}],"predecessor-version":[{"id":2268,"href":"https:\/\/elregionaldigital.info\/index.php?rest_route=\/wp\/v2\/posts\/2266\/revisions\/2268"}],"wp:featuredmedia":[{"embeddable":true,"href":"https:\/\/elregionaldigital.info\/index.php?rest_route=\/wp\/v2\/media\/2267"}],"wp:attachment":[{"href":"https:\/\/elregionaldigital.info\/index.php?rest_route=%2Fwp%2Fv2%2Fmedia&parent=2266"}],"wp:term":[{"taxonomy":"category","embeddable":true,"href":"https:\/\/elregionaldigital.info\/index.php?rest_route=%2Fwp%2Fv2%2Fcategories&post=2266"},{"taxonomy":"post_tag","embeddable":true,"href":"https:\/\/elregionaldigital.info\/index.php?rest_route=%2Fwp%2Fv2%2Ftags&post=2266"}],"curies":[{"name":"wp","href":"https:\/\/api.w.org\/{rel}","templated":true}]}}