{"id":2254,"date":"2024-02-15T19:03:59","date_gmt":"2024-02-15T19:03:59","guid":{"rendered":"http:\/\/elregionaldigital.info\/?p=2254"},"modified":"2024-03-05T08:38:05","modified_gmt":"2024-03-05T08:38:05","slug":"xochitl-galvez-y-claudia-sheinbaum-confirman-audiencia-con-el-papa-francisco","status":"publish","type":"post","link":"https:\/\/elregionaldigital.info\/?p=2254","title":{"rendered":"Claudia Sheinbaum y X\u00f3chitl G\u00e1lvez confirman audiencia con el Papa Francisco."},"content":{"rendered":"\n<p>15 de Febrero2024<\/p>\n\n\n\n<figure class=\"wp-block-image size-large\"><img loading=\"lazy\" decoding=\"async\" width=\"1024\" height=\"640\" src=\"http:\/\/elregionaldigital.info\/wp-content\/uploads\/2024\/02\/Xochitl-Claudia--1024x640.webp\" alt=\"\" class=\"wp-image-2255\" srcset=\"https:\/\/elregionaldigital.info\/wp-content\/uploads\/2024\/02\/Xochitl-Claudia--1024x640.webp 1024w, https:\/\/elregionaldigital.info\/wp-content\/uploads\/2024\/02\/Xochitl-Claudia--300x188.webp 300w, https:\/\/elregionaldigital.info\/wp-content\/uploads\/2024\/02\/Xochitl-Claudia--768x480.webp 768w, https:\/\/elregionaldigital.info\/wp-content\/uploads\/2024\/02\/Xochitl-Claudia-.webp 1200w\" sizes=\"auto, (max-width: 1024px) 100vw, 1024px\" \/><\/figure>\n\n\n\n<p>La aspirante presidencial opositora,&nbsp;<strong>X\u00f3chitl G\u00e1lvez<\/strong>, confirm\u00f3 el encuentro que sostuvo con el<strong>&nbsp;Papa Francisco<\/strong>&nbsp;en la Ciudad del Vaticano, asegurando que fue un di\u00e1logo en el que reafirm\u00f3 su&nbsp;<strong>\u201c<\/strong><strong>fe por Dios y la Iglesia Cat\u00f3lica\u201d<\/strong>.&nbsp;<\/p>\n\n\n\n<p>La candidata\u00a0<strong>estuvo acompa\u00f1ada<\/strong>\u00a0por su esposo y sus dos hijos, Diana y Juan Pablo, recalcando la emotividad de este encuentro ya que su familia guarda<strong>\u00a0\u201cprofundas convicciones cat\u00f3licas desde hace muchas generaciones\u201d<\/strong>.\u00a0<\/p>\n\n\n\n<p>Por otra parte la Candidata Claudia Sheinbaum por medio de sus redes sociales, comparti\u00f3 que dicho encuentro se realiz\u00f3 esta ma\u00f1ana de jueves en el despacho privado de Francisco en Santa Marta, el cual tuvo la duraci\u00f3n de tan solo una hora.<\/p>\n\n\n\n<p>&#8220;Fue una hora excepcional que nunca olvidar\u00e9, con una forma sencilla y c\u00e1lida que muestra su grandeza. Le llev\u00e9 de regalo unas hermosas piezas del pueblo wix\u00e1rika\u201d,  Enfatiz\u00f3la Candidata Presidencial.<\/p>\n","protected":false},"excerpt":{"rendered":"<p>15 de Febrero2024 La aspirante presidencial opositora,&nbsp;X\u00f3chitl G\u00e1lvez, confirm\u00f3 el encuentro que sostuvo con el&nbsp;Papa Francisco&nbsp;en la Ciudad del Vaticano, asegurando que fue un di\u00e1logo en el que reafirm\u00f3 su&nbsp;\u201cfe por Dios y la Iglesia Cat\u00f3lica\u201d.&nbsp; La candidata\u00a0estuvo acompa\u00f1ada\u00a0por su esposo y sus dos hijos, Diana y Juan Pablo, recalcando la emotividad de este encuentro [&hellip;]<\/p>\n","protected":false},"author":1,"featured_media":2256,"comment_status":"open","ping_status":"open","sticky":false,"template":"","format":"standard","meta":{"footnotes":""},"categories":[5],"tags":[],"class_list":["post-2254","post","type-post","status-publish","format-standard","has-post-thumbnail","hentry","category-nacional"],"blog_post_layout_featured_media_urls":{"thumbnail":["https:\/\/elregionaldigital.info\/wp-content\/uploads\/2024\/02\/claudia-sheinbaum-papa-francisco-150x150.webp",150,150,true],"full":["https:\/\/elregionaldigital.info\/wp-content\/uploads\/2024\/02\/claudia-sheinbaum-papa-francisco.webp",1920,1280,false]},"categories_names":{"5":{"name":"Nacional","link":"https:\/\/elregionaldigital.info\/?cat=5"}},"tags_names":[],"comments_number":"0","wpmagazine_modules_lite_featured_media_urls":{"thumbnail":["https:\/\/elregionaldigital.info\/wp-content\/uploads\/2024\/02\/claudia-sheinbaum-papa-francisco-150x150.webp",150,150,true],"cvmm-medium":["https:\/\/elregionaldigital.info\/wp-content\/uploads\/2024\/02\/claudia-sheinbaum-papa-francisco-300x300.webp",300,300,true],"cvmm-medium-plus":["https:\/\/elregionaldigital.info\/wp-content\/uploads\/2024\/02\/claudia-sheinbaum-papa-francisco-305x207.webp",305,207,true],"cvmm-portrait":["https:\/\/elregionaldigital.info\/wp-content\/uploads\/2024\/02\/claudia-sheinbaum-papa-francisco-400x600.webp",400,600,true],"cvmm-medium-square":["https:\/\/elregionaldigital.info\/wp-content\/uploads\/2024\/02\/claudia-sheinbaum-papa-francisco-600x600.webp",600,600,true],"cvmm-large":["https:\/\/elregionaldigital.info\/wp-content\/uploads\/2024\/02\/claudia-sheinbaum-papa-francisco-1024x1024.webp",1024,1024,true],"cvmm-small":["https:\/\/elregionaldigital.info\/wp-content\/uploads\/2024\/02\/claudia-sheinbaum-papa-francisco-130x95.webp",130,95,true],"full":["https:\/\/elregionaldigital.info\/wp-content\/uploads\/2024\/02\/claudia-sheinbaum-papa-francisco.webp",1920,1280,false]},"_links":{"self":[{"href":"https:\/\/elregionaldigital.info\/index.php?rest_route=\/wp\/v2\/posts\/2254","targetHints":{"allow":["GET"]}}],"collection":[{"href":"https:\/\/elregionaldigital.info\/index.php?rest_route=\/wp\/v2\/posts"}],"about":[{"href":"https:\/\/elregionaldigital.info\/index.php?rest_route=\/wp\/v2\/types\/post"}],"author":[{"embeddable":true,"href":"https:\/\/elregionaldigital.info\/index.php?rest_route=\/wp\/v2\/users\/1"}],"replies":[{"embeddable":true,"href":"https:\/\/elregionaldigital.info\/index.php?rest_route=%2Fwp%2Fv2%2Fcomments&post=2254"}],"version-history":[{"count":2,"href":"https:\/\/elregionaldigital.info\/index.php?rest_route=\/wp\/v2\/posts\/2254\/revisions"}],"predecessor-version":[{"id":2258,"href":"https:\/\/elregionaldigital.info\/index.php?rest_route=\/wp\/v2\/posts\/2254\/revisions\/2258"}],"wp:featuredmedia":[{"embeddable":true,"href":"https:\/\/elregionaldigital.info\/index.php?rest_route=\/wp\/v2\/media\/2256"}],"wp:attachment":[{"href":"https:\/\/elregionaldigital.info\/index.php?rest_route=%2Fwp%2Fv2%2Fmedia&parent=2254"}],"wp:term":[{"taxonomy":"category","embeddable":true,"href":"https:\/\/elregionaldigital.info\/index.php?rest_route=%2Fwp%2Fv2%2Fcategories&post=2254"},{"taxonomy":"post_tag","embeddable":true,"href":"https:\/\/elregionaldigital.info\/index.php?rest_route=%2Fwp%2Fv2%2Ftags&post=2254"}],"curies":[{"name":"wp","href":"https:\/\/api.w.org\/{rel}","templated":true}]}}