{"id":2237,"date":"2024-02-11T00:59:30","date_gmt":"2024-02-11T00:59:30","guid":{"rendered":"http:\/\/elregionaldigital.info\/?p=2237"},"modified":"2024-03-06T03:29:35","modified_gmt":"2024-03-06T03:29:35","slug":"inaugura-uat-conferencias-virtuales-mujeres-haciendo-historia","status":"publish","type":"post","link":"https:\/\/elregionaldigital.info\/?p=2237","title":{"rendered":"Inaugura UAT conferencias virtuales \u201cMujeres Haciendo Historia\u201d"},"content":{"rendered":"\n<p>Ciudad Victoria, Tamaulipas., 11 de febrero de 2024.<\/p>\n\n\n\n<p>La Universidad Aut\u00f3noma de Tamaulipas (UAT), en su firme compromiso con la<br>equidad de g\u00e9nero y la promoci\u00f3n de la inclusi\u00f3n, inici\u00f3 el ciclo de conferencias<br>virtuales \u201cMujeres Haciendo Historia\u201d, una iniciativa para explorar y resaltar los<br>invaluables aportes de destacadas mujeres en la construcci\u00f3n y comprensi\u00f3n de<br>nuestra historia.<br>Organizado por el Instituto de Investigaciones Hist\u00f3ricas de la UAT, el ciclo<br>est\u00e1 compuesto por una selecci\u00f3n de nueve ponencias, en un espacio de reflexi\u00f3n<br>y an\u00e1lisis dirigido tanto a la comunidad universitaria como al p\u00fablico en general.<br>A lo largo de este periodo, desde el 7 de febrero hasta el 5 de junio, se<br>ofrece acceso gratuito y virtual a las transmisiones de estas conferencias, con el<br>objetivo de ampliar el alcance y la participaci\u00f3n de manera inclusiva.<br>La inauguraci\u00f3n estuvo a cargo de la ponente Ma. Concepci\u00f3n Gavira<br>M\u00e1rquez, de la Universidad Michoacana de San Nicol\u00e1s de Hidalgo en Morelia,<br>M\u00e9xico, con su conferencia \u201cMujer y Miner\u00eda en el siglo XVIII: Las Azogueras<br>Andinas\u201d. En este contexto, se destac\u00f3 el papel fundamental de las mujeres<br>empresarias mineras en Oruro y Potos\u00ed, as\u00ed como la importancia de profundizar en<br>el an\u00e1lisis de los factores que influyen en la participaci\u00f3n femenina en el \u00e1mbito<br>empresarial.<br>El compromiso de la UAT con la educaci\u00f3n humanista y la b\u00fasqueda activa<br>de la equidad de g\u00e9nero se ve reflejado en esta destacada iniciativa, que no solo<br>busca resaltar el papel hist\u00f3rico de las mujeres, sino tambi\u00e9n fomentar una<br>reflexi\u00f3n cr\u00edtica sobre la importancia de la inclusi\u00f3n y la diversidad en todos los<br>\u00e1mbitos de la sociedad.<br>El programa continuar\u00e1 con dos conferencias mensuales, explorando una<br>amplia gama de temas hist\u00f3ricos que van desde la vida cotidiana en conventos<br>hasta la econom\u00eda y pol\u00edtica en diferentes contextos temporales y geogr\u00e1ficos,<br>abordando tem\u00e1ticas cruciales como migraci\u00f3n, colonizaci\u00f3n y poblamiento,<\/p>\n\n\n\n<p class=\"has-text-align-center\">Las pr\u00f3ximas conferencias se llevar\u00e1n a cabo el 21 de febrero, 6 y 20 de marzo, 10 y 24 de abril,<br>8 y 22 de mayo, y 5 de junio.<br>Para m\u00e1s detalles sobre fechas espec\u00edficas y ponentes, ingresar al perfil Facebook del Instituto de Investigaciones Hist\u00f3ricas de la UAT.<\/p>\n","protected":false},"excerpt":{"rendered":"<p>Ciudad Victoria, Tamaulipas., 11 de febrero de 2024. La Universidad Aut\u00f3noma de Tamaulipas (UAT), en su firme compromiso con laequidad de g\u00e9nero y la promoci\u00f3n de la inclusi\u00f3n, inici\u00f3 el ciclo de conferenciasvirtuales \u201cMujeres Haciendo Historia\u201d, una iniciativa para explorar y resaltar losinvaluables aportes de destacadas mujeres en la construcci\u00f3n y comprensi\u00f3n denuestra historia.Organizado por [&hellip;]<\/p>\n","protected":false},"author":1,"featured_media":2238,"comment_status":"open","ping_status":"open","sticky":false,"template":"","format":"standard","meta":{"footnotes":""},"categories":[2],"tags":[],"class_list":["post-2237","post","type-post","status-publish","format-standard","has-post-thumbnail","hentry","category-tamaulipas"],"blog_post_layout_featured_media_urls":{"thumbnail":["https:\/\/elregionaldigital.info\/wp-content\/uploads\/2024\/02\/iih-150x150.jpg",150,150,true],"full":["https:\/\/elregionaldigital.info\/wp-content\/uploads\/2024\/02\/iih.jpg",2155,1700,false]},"categories_names":{"2":{"name":"Tamaulipas","link":"https:\/\/elregionaldigital.info\/?cat=2"}},"tags_names":[],"comments_number":"0","wpmagazine_modules_lite_featured_media_urls":{"thumbnail":["https:\/\/elregionaldigital.info\/wp-content\/uploads\/2024\/02\/iih-150x150.jpg",150,150,true],"cvmm-medium":["https:\/\/elregionaldigital.info\/wp-content\/uploads\/2024\/02\/iih-300x300.jpg",300,300,true],"cvmm-medium-plus":["https:\/\/elregionaldigital.info\/wp-content\/uploads\/2024\/02\/iih-305x207.jpg",305,207,true],"cvmm-portrait":["https:\/\/elregionaldigital.info\/wp-content\/uploads\/2024\/02\/iih-400x600.jpg",400,600,true],"cvmm-medium-square":["https:\/\/elregionaldigital.info\/wp-content\/uploads\/2024\/02\/iih-600x600.jpg",600,600,true],"cvmm-large":["https:\/\/elregionaldigital.info\/wp-content\/uploads\/2024\/02\/iih-1024x1024.jpg",1024,1024,true],"cvmm-small":["https:\/\/elregionaldigital.info\/wp-content\/uploads\/2024\/02\/iih-130x95.jpg",130,95,true],"full":["https:\/\/elregionaldigital.info\/wp-content\/uploads\/2024\/02\/iih.jpg",2155,1700,false]},"_links":{"self":[{"href":"https:\/\/elregionaldigital.info\/index.php?rest_route=\/wp\/v2\/posts\/2237","targetHints":{"allow":["GET"]}}],"collection":[{"href":"https:\/\/elregionaldigital.info\/index.php?rest_route=\/wp\/v2\/posts"}],"about":[{"href":"https:\/\/elregionaldigital.info\/index.php?rest_route=\/wp\/v2\/types\/post"}],"author":[{"embeddable":true,"href":"https:\/\/elregionaldigital.info\/index.php?rest_route=\/wp\/v2\/users\/1"}],"replies":[{"embeddable":true,"href":"https:\/\/elregionaldigital.info\/index.php?rest_route=%2Fwp%2Fv2%2Fcomments&post=2237"}],"version-history":[{"count":1,"href":"https:\/\/elregionaldigital.info\/index.php?rest_route=\/wp\/v2\/posts\/2237\/revisions"}],"predecessor-version":[{"id":2239,"href":"https:\/\/elregionaldigital.info\/index.php?rest_route=\/wp\/v2\/posts\/2237\/revisions\/2239"}],"wp:featuredmedia":[{"embeddable":true,"href":"https:\/\/elregionaldigital.info\/index.php?rest_route=\/wp\/v2\/media\/2238"}],"wp:attachment":[{"href":"https:\/\/elregionaldigital.info\/index.php?rest_route=%2Fwp%2Fv2%2Fmedia&parent=2237"}],"wp:term":[{"taxonomy":"category","embeddable":true,"href":"https:\/\/elregionaldigital.info\/index.php?rest_route=%2Fwp%2Fv2%2Fcategories&post=2237"},{"taxonomy":"post_tag","embeddable":true,"href":"https:\/\/elregionaldigital.info\/index.php?rest_route=%2Fwp%2Fv2%2Ftags&post=2237"}],"curies":[{"name":"wp","href":"https:\/\/api.w.org\/{rel}","templated":true}]}}