{"id":2219,"date":"2024-02-07T16:27:28","date_gmt":"2024-02-07T16:27:28","guid":{"rendered":"http:\/\/elregionaldigital.info\/?p=2219"},"modified":"2024-03-06T03:35:40","modified_gmt":"2024-03-06T03:35:40","slug":"proceso-historico-de-elecciones-en-la-uat-damaso-anaya","status":"publish","type":"post","link":"https:\/\/elregionaldigital.info\/?p=2219","title":{"rendered":"Proceso hist\u00f3rico de elecciones en la UAT  : M.V.Z. D\u00e1maso Anaya Alvarado ."},"content":{"rendered":"\n<p>07febrero 2024<\/p>\n\n\n\n<figure class=\"wp-block-image size-large\"><img loading=\"lazy\" decoding=\"async\" width=\"1024\" height=\"803\" src=\"http:\/\/elregionaldigital.info\/wp-content\/uploads\/2024\/02\/MVZ-1024x803.jpeg\" alt=\"\" class=\"wp-image-2220\" srcset=\"https:\/\/elregionaldigital.info\/wp-content\/uploads\/2024\/02\/MVZ-1024x803.jpeg 1024w, https:\/\/elregionaldigital.info\/wp-content\/uploads\/2024\/02\/MVZ-300x235.jpeg 300w, https:\/\/elregionaldigital.info\/wp-content\/uploads\/2024\/02\/MVZ-768x602.jpeg 768w, https:\/\/elregionaldigital.info\/wp-content\/uploads\/2024\/02\/MVZ.jpeg 1139w\" sizes=\"auto, (max-width: 1024px) 100vw, 1024px\" \/><\/figure>\n\n\n\n<p>Ciudad Victoria, Tamaulipas (7 de febrero de 2024).- El aspirante a la titularidad de la Rector\u00eda para el periodo 2024-2028 D\u00e1maso Anaya Alvarado destac\u00f3 el proceso democr\u00e1tico hist\u00f3rico que vive la Universidad Aut\u00f3noma de Tamaulipas.<\/p>\n\n\n\n<p>\u201cVenimos a ejercer el voto como catedr\u00e1tico de la Universidad Aut\u00f3noma de Tamaulipas, la universidad tiene m\u00e1s de 70 a\u00f1os y en la historia era solamente un solo candidato, hoy hubo cinco precandidatos\u201d. Cabe mencionar que hubo quien declino ala candidatura sin embargo \u201cQuedamos dos nada m\u00e1s, un hombre y una mujer, pueden ver la democracia que existe actualmente en la universidad, la apertura que se tiene, as\u00ed vamos a continuar nosotros tambi\u00e9n, en la apertura en todos los sentidos de la Universidad\u201d.<\/p>\n\n\n\n<p>Al acudir a votar a la Facultad de Medicina Veterinaria y Zootecnia, Anaya Alvarado se\u00f1al\u00f3 que esta ma\u00f1ana imparti\u00f3 c\u00e1tedra antes de ejercer su derecho al voto.<\/p>\n\n\n\n<p>Anunci\u00f3 que si el voto universitario lo favorece para llegar a la rector\u00eda de la m\u00e1xima casa de estudios \u201cno cambiar\u00e1\u201d.<\/p>\n\n\n\n<p>\u201cVamos a seguir dando clases normalmente yo no voy a cambiar\u201d, asever\u00f3.<\/p>\n\n\n\n<p>Cabe se\u00f1alar que Anaya Alvarado es egresado de la Facultad de Medicina Veterinaria y Zootecnia.<\/p>\n","protected":false},"excerpt":{"rendered":"<p>07febrero 2024 Ciudad Victoria, Tamaulipas (7 de febrero de 2024).- El aspirante a la titularidad de la Rector\u00eda para el periodo 2024-2028 D\u00e1maso Anaya Alvarado destac\u00f3 el proceso democr\u00e1tico hist\u00f3rico que vive la Universidad Aut\u00f3noma de Tamaulipas. \u201cVenimos a ejercer el voto como catedr\u00e1tico de la Universidad Aut\u00f3noma de Tamaulipas, la universidad tiene m\u00e1s de [&hellip;]<\/p>\n","protected":false},"author":1,"featured_media":2220,"comment_status":"open","ping_status":"open","sticky":false,"template":"","format":"standard","meta":{"footnotes":""},"categories":[4],"tags":[],"class_list":["post-2219","post","type-post","status-publish","format-standard","has-post-thumbnail","hentry","category-universidades"],"blog_post_layout_featured_media_urls":{"thumbnail":["https:\/\/elregionaldigital.info\/wp-content\/uploads\/2024\/02\/MVZ-150x150.jpeg",150,150,true],"full":["https:\/\/elregionaldigital.info\/wp-content\/uploads\/2024\/02\/MVZ.jpeg",1139,893,false]},"categories_names":{"4":{"name":"Universidades","link":"https:\/\/elregionaldigital.info\/?cat=4"}},"tags_names":[],"comments_number":"0","wpmagazine_modules_lite_featured_media_urls":{"thumbnail":["https:\/\/elregionaldigital.info\/wp-content\/uploads\/2024\/02\/MVZ-150x150.jpeg",150,150,true],"cvmm-medium":["https:\/\/elregionaldigital.info\/wp-content\/uploads\/2024\/02\/MVZ-300x300.jpeg",300,300,true],"cvmm-medium-plus":["https:\/\/elregionaldigital.info\/wp-content\/uploads\/2024\/02\/MVZ-305x207.jpeg",305,207,true],"cvmm-portrait":["https:\/\/elregionaldigital.info\/wp-content\/uploads\/2024\/02\/MVZ-400x600.jpeg",400,600,true],"cvmm-medium-square":["https:\/\/elregionaldigital.info\/wp-content\/uploads\/2024\/02\/MVZ-600x600.jpeg",600,600,true],"cvmm-large":["https:\/\/elregionaldigital.info\/wp-content\/uploads\/2024\/02\/MVZ-1024x893.jpeg",1024,893,true],"cvmm-small":["https:\/\/elregionaldigital.info\/wp-content\/uploads\/2024\/02\/MVZ-130x95.jpeg",130,95,true],"full":["https:\/\/elregionaldigital.info\/wp-content\/uploads\/2024\/02\/MVZ.jpeg",1139,893,false]},"_links":{"self":[{"href":"https:\/\/elregionaldigital.info\/index.php?rest_route=\/wp\/v2\/posts\/2219","targetHints":{"allow":["GET"]}}],"collection":[{"href":"https:\/\/elregionaldigital.info\/index.php?rest_route=\/wp\/v2\/posts"}],"about":[{"href":"https:\/\/elregionaldigital.info\/index.php?rest_route=\/wp\/v2\/types\/post"}],"author":[{"embeddable":true,"href":"https:\/\/elregionaldigital.info\/index.php?rest_route=\/wp\/v2\/users\/1"}],"replies":[{"embeddable":true,"href":"https:\/\/elregionaldigital.info\/index.php?rest_route=%2Fwp%2Fv2%2Fcomments&post=2219"}],"version-history":[{"count":2,"href":"https:\/\/elregionaldigital.info\/index.php?rest_route=\/wp\/v2\/posts\/2219\/revisions"}],"predecessor-version":[{"id":2223,"href":"https:\/\/elregionaldigital.info\/index.php?rest_route=\/wp\/v2\/posts\/2219\/revisions\/2223"}],"wp:featuredmedia":[{"embeddable":true,"href":"https:\/\/elregionaldigital.info\/index.php?rest_route=\/wp\/v2\/media\/2220"}],"wp:attachment":[{"href":"https:\/\/elregionaldigital.info\/index.php?rest_route=%2Fwp%2Fv2%2Fmedia&parent=2219"}],"wp:term":[{"taxonomy":"category","embeddable":true,"href":"https:\/\/elregionaldigital.info\/index.php?rest_route=%2Fwp%2Fv2%2Fcategories&post=2219"},{"taxonomy":"post_tag","embeddable":true,"href":"https:\/\/elregionaldigital.info\/index.php?rest_route=%2Fwp%2Fv2%2Ftags&post=2219"}],"curies":[{"name":"wp","href":"https:\/\/api.w.org\/{rel}","templated":true}]}}