{"id":2196,"date":"2024-02-01T13:05:07","date_gmt":"2024-02-01T13:05:07","guid":{"rendered":"http:\/\/elregionaldigital.info\/?p=2196"},"modified":"2024-03-06T03:26:21","modified_gmt":"2024-03-06T03:26:21","slug":"presento-dif-tamaulipas-primer-informe-de-actividades-la-paz-es-el-camino-y-tu-eres-el-reflejo","status":"publish","type":"post","link":"https:\/\/elregionaldigital.info\/?p=2196","title":{"rendered":"Presento DIF Tamaulipas primer informe de actividades \u201cLa paz es el camino y t\u00fa eres el reflejo\u201d"},"content":{"rendered":"\n<figure class=\"wp-block-image size-full\"><img loading=\"lazy\" decoding=\"async\" width=\"1271\" height=\"721\" src=\"http:\/\/elregionaldigital.info\/wp-content\/uploads\/2024\/02\/dif-tamaulipas-1.jpg\" alt=\"\" class=\"wp-image-2207\" srcset=\"https:\/\/elregionaldigital.info\/wp-content\/uploads\/2024\/02\/dif-tamaulipas-1.jpg 1271w, https:\/\/elregionaldigital.info\/wp-content\/uploads\/2024\/02\/dif-tamaulipas-1-300x170.jpg 300w, https:\/\/elregionaldigital.info\/wp-content\/uploads\/2024\/02\/dif-tamaulipas-1-1024x581.jpg 1024w, https:\/\/elregionaldigital.info\/wp-content\/uploads\/2024\/02\/dif-tamaulipas-1-768x436.jpg 768w\" sizes=\"auto, (max-width: 1271px) 100vw, 1271px\" \/><\/figure>\n\n\n\n<p>El d\u00eda de ayer 31 de Enero Ante Invitados de diferentes Rubros y ciudadan\u00eda en general y Con la consigna de que Tamaulipas se consolida como un estado humano y solidario, gracias a la empat\u00eda de los Mensajeros de Paz quienes en sus acciones construyen historias de amor al pr\u00f3jimo, rinde su Primer Informe de Labores la Dra. Mar\u00eda Santiago de Villarreal, Presidenta del DIF Estatal.<\/p>\n\n\n\n<p>Este evento protocolario de rendici\u00f3n de cuentas a la ciudadan\u00eda, se realiz\u00f3 en el Teatro Amalia Gonz\u00e1lez Caballero, el cual fue atestiguado por el Gobernador Dr. Am\u00e9rico Villarreal Anaya, y bajo el slogan de \u201cla paz es el camino y t\u00fa eres el reflejo\u201d se presentaron las acciones a favor de los m\u00e1s necesitados.<\/p>\n\n\n\n<p>Entre estas tareas menesterosas destacan los apoyos a personas con discapacidad, y son cifras de 92 mil rehabilitaciones, aparatos funcionales, becas, transporte, alimentaci\u00f3n, entre otros.<\/p>\n\n\n\n<p>Y en el rubro de salud beneficiaron con 120mil consultas, tratamientos dentales, cirug\u00edas, servicios de nutrici\u00f3n, audici\u00f3n y optometr\u00eda, adem\u00e1s de privilegiar los programas alimentarios para los m\u00e1s necesitados.<\/p>\n\n\n\n<p>De esta forma el Sistema DIF Tamaulipas sigue abanderando acciones para coadyuvar con las familias que se encuentran en situaciones de extrema pobreza, adem\u00e1s de que con otros programas permanentes de ayuda siguen al pie del ca\u00f1\u00f3n.<\/p>\n\n\n\n<h2 class=\"wp-block-heading\">Navegaci\u00f3n de entradas<\/h2>\n\n\n\n<p><a href=\"https:\/\/agenciadenoticias.info\/?p=1596\"><\/a><\/p>\n","protected":false},"excerpt":{"rendered":"<p>El d\u00eda de ayer 31 de Enero Ante Invitados de diferentes Rubros y ciudadan\u00eda en general y Con la consigna de que Tamaulipas se consolida como un estado humano y solidario, gracias a la empat\u00eda de los Mensajeros de Paz quienes en sus acciones construyen historias de amor al pr\u00f3jimo, rinde su Primer Informe de [&hellip;]<\/p>\n","protected":false},"author":1,"featured_media":2206,"comment_status":"open","ping_status":"open","sticky":false,"template":"","format":"standard","meta":{"footnotes":""},"categories":[2],"tags":[],"class_list":["post-2196","post","type-post","status-publish","format-standard","has-post-thumbnail","hentry","category-tamaulipas"],"blog_post_layout_featured_media_urls":{"thumbnail":["https:\/\/elregionaldigital.info\/wp-content\/uploads\/2024\/02\/dif-tamaulipas-150x150.jpg",150,150,true],"full":["https:\/\/elregionaldigital.info\/wp-content\/uploads\/2024\/02\/dif-tamaulipas.jpg",1271,721,false]},"categories_names":{"2":{"name":"Tamaulipas","link":"https:\/\/elregionaldigital.info\/?cat=2"}},"tags_names":[],"comments_number":"0","wpmagazine_modules_lite_featured_media_urls":{"thumbnail":["https:\/\/elregionaldigital.info\/wp-content\/uploads\/2024\/02\/dif-tamaulipas-150x150.jpg",150,150,true],"cvmm-medium":["https:\/\/elregionaldigital.info\/wp-content\/uploads\/2024\/02\/dif-tamaulipas-300x300.jpg",300,300,true],"cvmm-medium-plus":["https:\/\/elregionaldigital.info\/wp-content\/uploads\/2024\/02\/dif-tamaulipas-305x207.jpg",305,207,true],"cvmm-portrait":["https:\/\/elregionaldigital.info\/wp-content\/uploads\/2024\/02\/dif-tamaulipas-400x600.jpg",400,600,true],"cvmm-medium-square":["https:\/\/elregionaldigital.info\/wp-content\/uploads\/2024\/02\/dif-tamaulipas-600x600.jpg",600,600,true],"cvmm-large":["https:\/\/elregionaldigital.info\/wp-content\/uploads\/2024\/02\/dif-tamaulipas-1024x721.jpg",1024,721,true],"cvmm-small":["https:\/\/elregionaldigital.info\/wp-content\/uploads\/2024\/02\/dif-tamaulipas-130x95.jpg",130,95,true],"full":["https:\/\/elregionaldigital.info\/wp-content\/uploads\/2024\/02\/dif-tamaulipas.jpg",1271,721,false]},"_links":{"self":[{"href":"https:\/\/elregionaldigital.info\/index.php?rest_route=\/wp\/v2\/posts\/2196","targetHints":{"allow":["GET"]}}],"collection":[{"href":"https:\/\/elregionaldigital.info\/index.php?rest_route=\/wp\/v2\/posts"}],"about":[{"href":"https:\/\/elregionaldigital.info\/index.php?rest_route=\/wp\/v2\/types\/post"}],"author":[{"embeddable":true,"href":"https:\/\/elregionaldigital.info\/index.php?rest_route=\/wp\/v2\/users\/1"}],"replies":[{"embeddable":true,"href":"https:\/\/elregionaldigital.info\/index.php?rest_route=%2Fwp%2Fv2%2Fcomments&post=2196"}],"version-history":[{"count":2,"href":"https:\/\/elregionaldigital.info\/index.php?rest_route=\/wp\/v2\/posts\/2196\/revisions"}],"predecessor-version":[{"id":2209,"href":"https:\/\/elregionaldigital.info\/index.php?rest_route=\/wp\/v2\/posts\/2196\/revisions\/2209"}],"wp:featuredmedia":[{"embeddable":true,"href":"https:\/\/elregionaldigital.info\/index.php?rest_route=\/wp\/v2\/media\/2206"}],"wp:attachment":[{"href":"https:\/\/elregionaldigital.info\/index.php?rest_route=%2Fwp%2Fv2%2Fmedia&parent=2196"}],"wp:term":[{"taxonomy":"category","embeddable":true,"href":"https:\/\/elregionaldigital.info\/index.php?rest_route=%2Fwp%2Fv2%2Fcategories&post=2196"},{"taxonomy":"post_tag","embeddable":true,"href":"https:\/\/elregionaldigital.info\/index.php?rest_route=%2Fwp%2Fv2%2Ftags&post=2196"}],"curies":[{"name":"wp","href":"https:\/\/api.w.org\/{rel}","templated":true}]}}