{"id":2193,"date":"2024-01-31T11:30:51","date_gmt":"2024-01-31T11:30:51","guid":{"rendered":"http:\/\/elregionaldigital.info\/?p=2193"},"modified":"2024-02-01T11:32:11","modified_gmt":"2024-02-01T11:32:11","slug":"2193","status":"publish","type":"post","link":"https:\/\/elregionaldigital.info\/?p=2193","title":{"rendered":""},"content":{"rendered":"\n<h1 class=\"wp-block-heading\">Pronostican Lluvias Aisladas Para Este Mi\u00e9rcoles En Tamaulipas<\/h1>\n\n\n\n<figure class=\"wp-block-image size-full\"><img loading=\"lazy\" decoding=\"async\" width=\"942\" height=\"532\" src=\"http:\/\/elregionaldigital.info\/wp-content\/uploads\/2024\/02\/hay-lluvia-ligera-en-cinco.webp\" alt=\"\" class=\"wp-image-2194\" srcset=\"https:\/\/elregionaldigital.info\/wp-content\/uploads\/2024\/02\/hay-lluvia-ligera-en-cinco.webp 942w, https:\/\/elregionaldigital.info\/wp-content\/uploads\/2024\/02\/hay-lluvia-ligera-en-cinco-300x169.webp 300w, https:\/\/elregionaldigital.info\/wp-content\/uploads\/2024\/02\/hay-lluvia-ligera-en-cinco-768x434.webp 768w\" sizes=\"auto, (max-width: 942px) 100vw, 942px\" \/><\/figure>\n\n\n\n<p>El mi\u00e9rcoles 31 de enero de 2024, Tamaulipas experimentar\u00e1 condiciones clim\u00e1ticas variadas, con una masa de aire polar que mantendr\u00e1 el ambiente fr\u00edo a muy fr\u00edo durante la noche y la posibilidad de heladas al amanecer.<\/p>\n\n\n\n<p>Ambiente agradable y presencia de viento del Sureste con velocidades de 15-25 km\/h y r\u00e1fagas de viento entre los 30-50 km\/h por la tarde.<br>Persistir\u00e1 la nubosidad media y alta asociada a la corriente en chorro, probabilidad de lloviznas aislada en el Altiplano durante la noche.<\/p>\n\n\n\n<p>En pr\u00f3ximos d\u00edas entrar\u00e1 el frente fr\u00edo 32 de los 55 que se esperan en la temporada invernal, Cu\u00eddese y proteja a los suyos .<a href=\"http:\/\/noticiasdigitales.info\/wp-admin\/post.php?post=2173&amp;action=edit\">Editar<\/a><\/p>\n","protected":false},"excerpt":{"rendered":"<p>Pronostican Lluvias Aisladas Para Este Mi\u00e9rcoles En Tamaulipas El mi\u00e9rcoles 31 de enero de 2024, Tamaulipas experimentar\u00e1 condiciones clim\u00e1ticas variadas, con una masa de aire polar que mantendr\u00e1 el ambiente fr\u00edo a muy fr\u00edo durante la noche y la posibilidad de heladas al amanecer. Ambiente agradable y presencia de viento del Sureste con velocidades de [&hellip;]<\/p>\n","protected":false},"author":1,"featured_media":0,"comment_status":"open","ping_status":"open","sticky":false,"template":"","format":"standard","meta":{"footnotes":""},"categories":[2],"tags":[],"class_list":["post-2193","post","type-post","status-publish","format-standard","hentry","category-tamaulipas"],"blog_post_layout_featured_media_urls":{"thumbnail":"","full":""},"categories_names":{"2":{"name":"Tamaulipas","link":"https:\/\/elregionaldigital.info\/?cat=2"}},"tags_names":[],"comments_number":"0","wpmagazine_modules_lite_featured_media_urls":{"thumbnail":"","cvmm-medium":"","cvmm-medium-plus":"","cvmm-portrait":"","cvmm-medium-square":"","cvmm-large":"","cvmm-small":"","full":""},"_links":{"self":[{"href":"https:\/\/elregionaldigital.info\/index.php?rest_route=\/wp\/v2\/posts\/2193","targetHints":{"allow":["GET"]}}],"collection":[{"href":"https:\/\/elregionaldigital.info\/index.php?rest_route=\/wp\/v2\/posts"}],"about":[{"href":"https:\/\/elregionaldigital.info\/index.php?rest_route=\/wp\/v2\/types\/post"}],"author":[{"embeddable":true,"href":"https:\/\/elregionaldigital.info\/index.php?rest_route=\/wp\/v2\/users\/1"}],"replies":[{"embeddable":true,"href":"https:\/\/elregionaldigital.info\/index.php?rest_route=%2Fwp%2Fv2%2Fcomments&post=2193"}],"version-history":[{"count":1,"href":"https:\/\/elregionaldigital.info\/index.php?rest_route=\/wp\/v2\/posts\/2193\/revisions"}],"predecessor-version":[{"id":2195,"href":"https:\/\/elregionaldigital.info\/index.php?rest_route=\/wp\/v2\/posts\/2193\/revisions\/2195"}],"wp:attachment":[{"href":"https:\/\/elregionaldigital.info\/index.php?rest_route=%2Fwp%2Fv2%2Fmedia&parent=2193"}],"wp:term":[{"taxonomy":"category","embeddable":true,"href":"https:\/\/elregionaldigital.info\/index.php?rest_route=%2Fwp%2Fv2%2Fcategories&post=2193"},{"taxonomy":"post_tag","embeddable":true,"href":"https:\/\/elregionaldigital.info\/index.php?rest_route=%2Fwp%2Fv2%2Ftags&post=2193"}],"curies":[{"name":"wp","href":"https:\/\/api.w.org\/{rel}","templated":true}]}}