{"id":2169,"date":"2024-01-24T15:25:00","date_gmt":"2024-01-24T15:25:00","guid":{"rendered":"http:\/\/elregionaldigital.info\/?p=2169"},"modified":"2024-01-29T03:27:19","modified_gmt":"2024-01-29T03:27:19","slug":"visita-damaso-anaya-las-facultades-de-la-uat-en-matamoros","status":"publish","type":"post","link":"https:\/\/elregionaldigital.info\/?p=2169","title":{"rendered":"Visita D\u00e1maso Anaya las facultades de la UAT en Matamoros"},"content":{"rendered":"\n<figure class=\"wp-block-image size-large\"><img loading=\"lazy\" decoding=\"async\" width=\"1024\" height=\"576\" src=\"http:\/\/elregionaldigital.info\/wp-content\/uploads\/2024\/01\/2-34-1024x576.jpg\" alt=\"\" class=\"wp-image-2170\" srcset=\"https:\/\/elregionaldigital.info\/wp-content\/uploads\/2024\/01\/2-34-1024x576.jpg 1024w, https:\/\/elregionaldigital.info\/wp-content\/uploads\/2024\/01\/2-34-300x169.jpg 300w, https:\/\/elregionaldigital.info\/wp-content\/uploads\/2024\/01\/2-34-768x432.jpg 768w, https:\/\/elregionaldigital.info\/wp-content\/uploads\/2024\/01\/2-34-1536x864.jpg 1536w, https:\/\/elregionaldigital.info\/wp-content\/uploads\/2024\/01\/2-34.jpg 1600w\" sizes=\"auto, (max-width: 1024px) 100vw, 1024px\" \/><\/figure>\n\n\n\n<p>Ciudad Victoria, Tam.; 24 de enero de 2024.<br><br>El rector D\u00e1maso Anaya Alvarado visit\u00f3 las dependencias de la Universidad<br>Aut\u00f3noma de Tamaulipas (UAT) en la ciudad de Matamoros, donde se reuni\u00f3 con<br>estudiantes, docentes, personal administrativo y directivos, como parte de la gira<br>Diagn\u00f3stico 2024 que realiza por las diferentes facultades, unidades acad\u00e9micas y<br>escuelas de la m\u00e1xima casa de estudios del estado.<br>En el inicio de sus actividades en esa ciudad fronteriza, el MVZ D\u00e1maso<br>Anaya estuvo en la Unidad Acad\u00e9mica Multidisciplinaria Matamoros (UAMM), para<br>desarrollar una agenda de trabajo acompa\u00f1ado por la directora de esa instituci\u00f3n,<br>la Dra. Yolanda Castillo Muraira, quien encabez\u00f3 la presentaci\u00f3n de indicadores y<br>avances de los programas educativos, de la investigaci\u00f3n, vinculaci\u00f3n y servicios<br>que se ofrecen a la sociedad.<br>De igual manera se reuni\u00f3 con el claustro docente y coordinadores de<br>carrera, y estableci\u00f3 un di\u00e1logo con estudiantes para escuchar sus planteamientos<br>e inquietudes en un ejercicio de interacci\u00f3n que contribuye a fortalecer su<br>educaci\u00f3n con una visi\u00f3n sensible a las necesidades sociales.<br>En ese contexto, el rector reconoci\u00f3 el trabajo que realiza la UAM<br>Matamoros y su vinculaci\u00f3n con la comunidad mediante la formaci\u00f3n de<br>profesionales en las carreras de Enfermer\u00eda, Psicolog\u00eda, y Seguridad, Salud y<br>Medio Ambiente.<br>Posteriormente, el rector se traslad\u00f3 a la Facultad de Medicina e Ingenier\u00eda<br>en Sistemas Computacionales de Matamoros, donde tambi\u00e9n sostuvo reuniones<br>con estudiantes, docentes y directivos.<br>Acompa\u00f1ado del Mtro. Pedro Luis Mendoza M\u00fazquiz, director de esa<br>instituci\u00f3n acad\u00e9mica, el MVZ Anaya Alvarado recorri\u00f3 las instalaciones del plantel<br>universitario y conoci\u00f3 los proyectos en materia acad\u00e9mica, de vinculaci\u00f3n e<br>investigaci\u00f3n que ah\u00ed se desarrollan.<br>En su oportunidad, el rector D\u00e1maso Anaya Alvarado reiter\u00f3 el compromiso<\/p>\n\n\n\n<p>de impulsar el trabajo acad\u00e9mico para contar con una universidad humanista y<br>cercana a su sociedad. Pero, adem\u00e1s, de fortalecer la formaci\u00f3n de la juventud<br>mediante programas acad\u00e9micos enfocados a la formaci\u00f3n integral y con la firme<br>convicci\u00f3n de coadyuvar al desarrollo del estado.<\/p>\n","protected":false},"excerpt":{"rendered":"<p>Ciudad Victoria, Tam.; 24 de enero de 2024. El rector D\u00e1maso Anaya Alvarado visit\u00f3 las dependencias de la UniversidadAut\u00f3noma de Tamaulipas (UAT) en la ciudad de Matamoros, donde se reuni\u00f3 conestudiantes, docentes, personal administrativo y directivos, como parte de la giraDiagn\u00f3stico 2024 que realiza por las diferentes facultades, unidades acad\u00e9micas yescuelas de la m\u00e1xima casa [&hellip;]<\/p>\n","protected":false},"author":1,"featured_media":2170,"comment_status":"open","ping_status":"open","sticky":false,"template":"","format":"standard","meta":{"footnotes":""},"categories":[4],"tags":[],"class_list":["post-2169","post","type-post","status-publish","format-standard","has-post-thumbnail","hentry","category-universidades"],"blog_post_layout_featured_media_urls":{"thumbnail":["https:\/\/elregionaldigital.info\/wp-content\/uploads\/2024\/01\/2-34-150x150.jpg",150,150,true],"full":["https:\/\/elregionaldigital.info\/wp-content\/uploads\/2024\/01\/2-34.jpg",1600,900,false]},"categories_names":{"4":{"name":"Universidades","link":"https:\/\/elregionaldigital.info\/?cat=4"}},"tags_names":[],"comments_number":"0","wpmagazine_modules_lite_featured_media_urls":{"thumbnail":["https:\/\/elregionaldigital.info\/wp-content\/uploads\/2024\/01\/2-34-150x150.jpg",150,150,true],"cvmm-medium":["https:\/\/elregionaldigital.info\/wp-content\/uploads\/2024\/01\/2-34-300x300.jpg",300,300,true],"cvmm-medium-plus":["https:\/\/elregionaldigital.info\/wp-content\/uploads\/2024\/01\/2-34-305x207.jpg",305,207,true],"cvmm-portrait":["https:\/\/elregionaldigital.info\/wp-content\/uploads\/2024\/01\/2-34-400x600.jpg",400,600,true],"cvmm-medium-square":["https:\/\/elregionaldigital.info\/wp-content\/uploads\/2024\/01\/2-34-600x600.jpg",600,600,true],"cvmm-large":["https:\/\/elregionaldigital.info\/wp-content\/uploads\/2024\/01\/2-34-1024x900.jpg",1024,900,true],"cvmm-small":["https:\/\/elregionaldigital.info\/wp-content\/uploads\/2024\/01\/2-34-130x95.jpg",130,95,true],"full":["https:\/\/elregionaldigital.info\/wp-content\/uploads\/2024\/01\/2-34.jpg",1600,900,false]},"_links":{"self":[{"href":"https:\/\/elregionaldigital.info\/index.php?rest_route=\/wp\/v2\/posts\/2169","targetHints":{"allow":["GET"]}}],"collection":[{"href":"https:\/\/elregionaldigital.info\/index.php?rest_route=\/wp\/v2\/posts"}],"about":[{"href":"https:\/\/elregionaldigital.info\/index.php?rest_route=\/wp\/v2\/types\/post"}],"author":[{"embeddable":true,"href":"https:\/\/elregionaldigital.info\/index.php?rest_route=\/wp\/v2\/users\/1"}],"replies":[{"embeddable":true,"href":"https:\/\/elregionaldigital.info\/index.php?rest_route=%2Fwp%2Fv2%2Fcomments&post=2169"}],"version-history":[{"count":1,"href":"https:\/\/elregionaldigital.info\/index.php?rest_route=\/wp\/v2\/posts\/2169\/revisions"}],"predecessor-version":[{"id":2171,"href":"https:\/\/elregionaldigital.info\/index.php?rest_route=\/wp\/v2\/posts\/2169\/revisions\/2171"}],"wp:featuredmedia":[{"embeddable":true,"href":"https:\/\/elregionaldigital.info\/index.php?rest_route=\/wp\/v2\/media\/2170"}],"wp:attachment":[{"href":"https:\/\/elregionaldigital.info\/index.php?rest_route=%2Fwp%2Fv2%2Fmedia&parent=2169"}],"wp:term":[{"taxonomy":"category","embeddable":true,"href":"https:\/\/elregionaldigital.info\/index.php?rest_route=%2Fwp%2Fv2%2Fcategories&post=2169"},{"taxonomy":"post_tag","embeddable":true,"href":"https:\/\/elregionaldigital.info\/index.php?rest_route=%2Fwp%2Fv2%2Ftags&post=2169"}],"curies":[{"name":"wp","href":"https:\/\/api.w.org\/{rel}","templated":true}]}}