{"id":2163,"date":"2024-01-22T14:58:00","date_gmt":"2024-01-22T14:58:00","guid":{"rendered":"http:\/\/elregionaldigital.info\/?p=2163"},"modified":"2024-01-29T03:18:15","modified_gmt":"2024-01-29T03:18:15","slug":"repartidor-de-didi-se-vuelve-viral-al-entregar-pedidos-a-caballo-en-durango","status":"publish","type":"post","link":"https:\/\/elregionaldigital.info\/?p=2163","title":{"rendered":"Repartidor de Didi se vuelve viral al entregar pedidos a caballo en Durango"},"content":{"rendered":"\n<p>La historia de un<strong>&nbsp;repartidor de Didi&nbsp;<\/strong>que realiza su&nbsp;<strong>trabajo a caballo&nbsp;<\/strong>ha generado gran admiraci\u00f3n en los&nbsp;<strong>ciudadanos de Durango<\/strong><\/p>\n\n\n\n<p>22 de Enero 2024 \u00b7<\/p>\n\n\n\n<figure class=\"wp-block-image size-full\"><img loading=\"lazy\" decoding=\"async\" width=\"718\" height=\"452\" src=\"http:\/\/elregionaldigital.info\/wp-content\/uploads\/2024\/01\/repartidor_didi_a_caballo.jpg_793492074.webp\" alt=\"\" class=\"wp-image-2164\" srcset=\"https:\/\/elregionaldigital.info\/wp-content\/uploads\/2024\/01\/repartidor_didi_a_caballo.jpg_793492074.webp 718w, https:\/\/elregionaldigital.info\/wp-content\/uploads\/2024\/01\/repartidor_didi_a_caballo.jpg_793492074-300x189.webp 300w\" sizes=\"auto, (max-width: 718px) 100vw, 718px\" \/><\/figure>\n\n\n\n<p>En un hecho ins\u00f3lito,<strong>&nbsp;un repartidor de la plataforma Didi&nbsp;<\/strong>ha sido captado realizando su trabajo de repartici\u00f3n a caballo en la ciudad de&nbsp;<strong>Durango<\/strong>, generando sorpresa y admiraci\u00f3n entre los usuarios de<strong>&nbsp;redes sociales.<\/strong>&nbsp;<\/p>\n\n\n\n<p>El curioso suceso fue documentado en videos que circularon r\u00e1pidamente en&nbsp;<strong>diversas plataformas,<\/strong>&nbsp;destacando la imagen de&nbsp;<strong>un jinete con la mochila t\u00e9rmica caracter\u00edstica de la plataforma<\/strong>, recorriendo el bullicioso bulevar Armando del Castillo Franco y deteni\u00e9ndose en un minisuper.<\/p>\n\n\n\n<p>Seg\u00fan un espectador de la escena, la decisi\u00f3n de utilizar un caballo en lugar de una motocicleta se habr\u00eda tomado debido a una posible descompostura del veh\u00edculo de motor.\u00a0Este singular m\u00e9todo de reparto no pas\u00f3 desapercibido,\u00a0<strong>ganando atenci\u00f3n y comentarios en las redes sociales<\/strong><\/p>\n","protected":false},"excerpt":{"rendered":"<p>La historia de un&nbsp;repartidor de Didi&nbsp;que realiza su&nbsp;trabajo a caballo&nbsp;ha generado gran admiraci\u00f3n en los&nbsp;ciudadanos de Durango 22 de Enero 2024 \u00b7 En un hecho ins\u00f3lito,&nbsp;un repartidor de la plataforma Didi&nbsp;ha sido captado realizando su trabajo de repartici\u00f3n a caballo en la ciudad de&nbsp;Durango, generando sorpresa y admiraci\u00f3n entre los usuarios de&nbsp;redes sociales.&nbsp; El curioso [&hellip;]<\/p>\n","protected":false},"author":1,"featured_media":2164,"comment_status":"open","ping_status":"open","sticky":false,"template":"","format":"standard","meta":{"footnotes":""},"categories":[1],"tags":[],"class_list":["post-2163","post","type-post","status-publish","format-standard","has-post-thumbnail","hentry","category-sin-categoria"],"blog_post_layout_featured_media_urls":{"thumbnail":["https:\/\/elregionaldigital.info\/wp-content\/uploads\/2024\/01\/repartidor_didi_a_caballo.jpg_793492074-150x150.webp",150,150,true],"full":["https:\/\/elregionaldigital.info\/wp-content\/uploads\/2024\/01\/repartidor_didi_a_caballo.jpg_793492074.webp",718,452,false]},"categories_names":{"1":{"name":"Sin categor\u00eda","link":"https:\/\/elregionaldigital.info\/?cat=1"}},"tags_names":[],"comments_number":"0","wpmagazine_modules_lite_featured_media_urls":{"thumbnail":["https:\/\/elregionaldigital.info\/wp-content\/uploads\/2024\/01\/repartidor_didi_a_caballo.jpg_793492074-150x150.webp",150,150,true],"cvmm-medium":["https:\/\/elregionaldigital.info\/wp-content\/uploads\/2024\/01\/repartidor_didi_a_caballo.jpg_793492074-300x300.webp",300,300,true],"cvmm-medium-plus":["https:\/\/elregionaldigital.info\/wp-content\/uploads\/2024\/01\/repartidor_didi_a_caballo.jpg_793492074-305x207.webp",305,207,true],"cvmm-portrait":["https:\/\/elregionaldigital.info\/wp-content\/uploads\/2024\/01\/repartidor_didi_a_caballo.jpg_793492074-400x452.webp",400,452,true],"cvmm-medium-square":["https:\/\/elregionaldigital.info\/wp-content\/uploads\/2024\/01\/repartidor_didi_a_caballo.jpg_793492074-600x452.webp",600,452,true],"cvmm-large":["https:\/\/elregionaldigital.info\/wp-content\/uploads\/2024\/01\/repartidor_didi_a_caballo.jpg_793492074.webp",718,452,false],"cvmm-small":["https:\/\/elregionaldigital.info\/wp-content\/uploads\/2024\/01\/repartidor_didi_a_caballo.jpg_793492074-130x95.webp",130,95,true],"full":["https:\/\/elregionaldigital.info\/wp-content\/uploads\/2024\/01\/repartidor_didi_a_caballo.jpg_793492074.webp",718,452,false]},"_links":{"self":[{"href":"https:\/\/elregionaldigital.info\/index.php?rest_route=\/wp\/v2\/posts\/2163","targetHints":{"allow":["GET"]}}],"collection":[{"href":"https:\/\/elregionaldigital.info\/index.php?rest_route=\/wp\/v2\/posts"}],"about":[{"href":"https:\/\/elregionaldigital.info\/index.php?rest_route=\/wp\/v2\/types\/post"}],"author":[{"embeddable":true,"href":"https:\/\/elregionaldigital.info\/index.php?rest_route=\/wp\/v2\/users\/1"}],"replies":[{"embeddable":true,"href":"https:\/\/elregionaldigital.info\/index.php?rest_route=%2Fwp%2Fv2%2Fcomments&post=2163"}],"version-history":[{"count":1,"href":"https:\/\/elregionaldigital.info\/index.php?rest_route=\/wp\/v2\/posts\/2163\/revisions"}],"predecessor-version":[{"id":2165,"href":"https:\/\/elregionaldigital.info\/index.php?rest_route=\/wp\/v2\/posts\/2163\/revisions\/2165"}],"wp:featuredmedia":[{"embeddable":true,"href":"https:\/\/elregionaldigital.info\/index.php?rest_route=\/wp\/v2\/media\/2164"}],"wp:attachment":[{"href":"https:\/\/elregionaldigital.info\/index.php?rest_route=%2Fwp%2Fv2%2Fmedia&parent=2163"}],"wp:term":[{"taxonomy":"category","embeddable":true,"href":"https:\/\/elregionaldigital.info\/index.php?rest_route=%2Fwp%2Fv2%2Fcategories&post=2163"},{"taxonomy":"post_tag","embeddable":true,"href":"https:\/\/elregionaldigital.info\/index.php?rest_route=%2Fwp%2Fv2%2Ftags&post=2163"}],"curies":[{"name":"wp","href":"https:\/\/api.w.org\/{rel}","templated":true}]}}