{"id":2157,"date":"2024-01-19T14:48:00","date_gmt":"2024-01-19T14:48:00","guid":{"rendered":"http:\/\/elregionaldigital.info\/?p=2157"},"modified":"2024-01-29T02:52:04","modified_gmt":"2024-01-29T02:52:04","slug":"respalda-el-patronato-de-la-uat-la-labor-de-damaso-anaya","status":"publish","type":"post","link":"https:\/\/elregionaldigital.info\/?p=2157","title":{"rendered":"Respalda el Patronato de la UAT la labor de D\u00e1maso Anaya"},"content":{"rendered":"\n<figure class=\"wp-block-image size-large\"><img loading=\"lazy\" decoding=\"async\" width=\"1024\" height=\"616\" src=\"http:\/\/elregionaldigital.info\/wp-content\/uploads\/2024\/01\/WhatsApp-Image-2024-01-19-at-14.13.18-2-1024x616.jpeg\" alt=\"\" class=\"wp-image-2158\" srcset=\"https:\/\/elregionaldigital.info\/wp-content\/uploads\/2024\/01\/WhatsApp-Image-2024-01-19-at-14.13.18-2-1024x616.jpeg 1024w, https:\/\/elregionaldigital.info\/wp-content\/uploads\/2024\/01\/WhatsApp-Image-2024-01-19-at-14.13.18-2-300x180.jpeg 300w, https:\/\/elregionaldigital.info\/wp-content\/uploads\/2024\/01\/WhatsApp-Image-2024-01-19-at-14.13.18-2-768x462.jpeg 768w, https:\/\/elregionaldigital.info\/wp-content\/uploads\/2024\/01\/WhatsApp-Image-2024-01-19-at-14.13.18-2.jpeg 1166w\" sizes=\"auto, (max-width: 1024px) 100vw, 1024px\" \/><\/figure>\n\n\n\n<p>Ciudad Victoria, Tam.; 19 de enero de 2024.<\/p>\n\n\n\n<p><\/p>\n\n\n\n<p>Los integrantes del Honorable Patronato de la Universidad Aut\u00f3noma de<br>Tamaulipas (UAT)<br>respaldaron de manera un\u00e1nime la destacada labor del MVZ D\u00e1maso Anaya<br>Alvarado en la transformaci\u00f3n y la excelencia educativa de la instituci\u00f3n.<br>Lo anterior se destac\u00f3 durante la cent\u00e9sima d\u00e9cima s\u00e9ptima reuni\u00f3n<br>ordinaria del \u00f3rgano colegiado, efectuada en la sala ejecutiva del Centro de<br>Gesti\u00f3n del Conocimiento del Campus Victoria.<br>Entre otros puntos de la agenda, D\u00e1maso Anaya present\u00f3 al Patronato de<br>la UAT el informe de los estados financieros al 31 de diciembre de 2023 y el<br>proyecto de presupuesto de ingresos y egresos 2024 de la m\u00e1xima casa de<br>estudios de la entidad.<br>Por su parte, y en cumplimiento de sus atribuciones de vigilar, analizar y<br>ajustar la propuesta presupuestal, los integrantes del Patronato aprobaron el<br>proyecto de presupuesto anual presentado por el rector, mismo que, de<br>conformidad con el Estatuto de la UAT, fue turnado para su aprobaci\u00f3n a la<br>Asamblea Universitaria.<br>La reuni\u00f3n fue presidida por el Dr. Francisco Rivera Cortez, representante<br>del Patronato por Ciudad Mante, con la participaci\u00f3n presencial del C. P. Glafiro<br>Montemayor Quintanilla, el C. P. Miguel V\u00edctor Salm\u00e1n \u00c1lvarez y el Mtro. Salvador<br>Salazar Herrera, representantes de Nuevo Laredo, Ciudad Victoria y Tampico,<br>respectivamente, adem\u00e1s del Ing. Arturo Garza Uribe, representante del Patronato<br>de la UAT por Matamoros, quien sigui\u00f3 la sesi\u00f3n en la modalidad a distancia.<br>Durante la reuni\u00f3n, D\u00e1maso Anaya explic\u00f3 los indicadores estrat\u00e9gicos<br>clave en el desarrollo institucional y comparti\u00f3 los avances de la gira de trabajo<br>que ha emprendido por las facultades, unidades acad\u00e9micas y escuelas de la UAT<\/p>\n\n\n\n<p>para fortalecer y estrechar los v\u00ednculos con la comunidad universitaria.<br>Este encuentro refleja el firme compromiso del rector y el Patronato<br>Universitario de trabajar de la mano para potenciar as\u00ed el desarrollo integral de la<br>m\u00e1xima casa de estudios de Tamaulipas.<\/p>\n","protected":false},"excerpt":{"rendered":"<p>Ciudad Victoria, Tam.; 19 de enero de 2024. Los integrantes del Honorable Patronato de la Universidad Aut\u00f3noma deTamaulipas (UAT)respaldaron de manera un\u00e1nime la destacada labor del MVZ D\u00e1maso AnayaAlvarado en la transformaci\u00f3n y la excelencia educativa de la instituci\u00f3n.Lo anterior se destac\u00f3 durante la cent\u00e9sima d\u00e9cima s\u00e9ptima reuni\u00f3nordinaria del \u00f3rgano colegiado, efectuada en la sala [&hellip;]<\/p>\n","protected":false},"author":1,"featured_media":2158,"comment_status":"open","ping_status":"open","sticky":false,"template":"","format":"standard","meta":{"footnotes":""},"categories":[4],"tags":[],"class_list":["post-2157","post","type-post","status-publish","format-standard","has-post-thumbnail","hentry","category-universidades"],"blog_post_layout_featured_media_urls":{"thumbnail":["https:\/\/elregionaldigital.info\/wp-content\/uploads\/2024\/01\/WhatsApp-Image-2024-01-19-at-14.13.18-2-150x150.jpeg",150,150,true],"full":["https:\/\/elregionaldigital.info\/wp-content\/uploads\/2024\/01\/WhatsApp-Image-2024-01-19-at-14.13.18-2.jpeg",1166,701,false]},"categories_names":{"4":{"name":"Universidades","link":"https:\/\/elregionaldigital.info\/?cat=4"}},"tags_names":[],"comments_number":"0","wpmagazine_modules_lite_featured_media_urls":{"thumbnail":["https:\/\/elregionaldigital.info\/wp-content\/uploads\/2024\/01\/WhatsApp-Image-2024-01-19-at-14.13.18-2-150x150.jpeg",150,150,true],"cvmm-medium":["https:\/\/elregionaldigital.info\/wp-content\/uploads\/2024\/01\/WhatsApp-Image-2024-01-19-at-14.13.18-2-300x300.jpeg",300,300,true],"cvmm-medium-plus":["https:\/\/elregionaldigital.info\/wp-content\/uploads\/2024\/01\/WhatsApp-Image-2024-01-19-at-14.13.18-2-305x207.jpeg",305,207,true],"cvmm-portrait":["https:\/\/elregionaldigital.info\/wp-content\/uploads\/2024\/01\/WhatsApp-Image-2024-01-19-at-14.13.18-2-400x600.jpeg",400,600,true],"cvmm-medium-square":["https:\/\/elregionaldigital.info\/wp-content\/uploads\/2024\/01\/WhatsApp-Image-2024-01-19-at-14.13.18-2-600x600.jpeg",600,600,true],"cvmm-large":["https:\/\/elregionaldigital.info\/wp-content\/uploads\/2024\/01\/WhatsApp-Image-2024-01-19-at-14.13.18-2-1024x701.jpeg",1024,701,true],"cvmm-small":["https:\/\/elregionaldigital.info\/wp-content\/uploads\/2024\/01\/WhatsApp-Image-2024-01-19-at-14.13.18-2-130x95.jpeg",130,95,true],"full":["https:\/\/elregionaldigital.info\/wp-content\/uploads\/2024\/01\/WhatsApp-Image-2024-01-19-at-14.13.18-2.jpeg",1166,701,false]},"_links":{"self":[{"href":"https:\/\/elregionaldigital.info\/index.php?rest_route=\/wp\/v2\/posts\/2157","targetHints":{"allow":["GET"]}}],"collection":[{"href":"https:\/\/elregionaldigital.info\/index.php?rest_route=\/wp\/v2\/posts"}],"about":[{"href":"https:\/\/elregionaldigital.info\/index.php?rest_route=\/wp\/v2\/types\/post"}],"author":[{"embeddable":true,"href":"https:\/\/elregionaldigital.info\/index.php?rest_route=\/wp\/v2\/users\/1"}],"replies":[{"embeddable":true,"href":"https:\/\/elregionaldigital.info\/index.php?rest_route=%2Fwp%2Fv2%2Fcomments&post=2157"}],"version-history":[{"count":1,"href":"https:\/\/elregionaldigital.info\/index.php?rest_route=\/wp\/v2\/posts\/2157\/revisions"}],"predecessor-version":[{"id":2159,"href":"https:\/\/elregionaldigital.info\/index.php?rest_route=\/wp\/v2\/posts\/2157\/revisions\/2159"}],"wp:featuredmedia":[{"embeddable":true,"href":"https:\/\/elregionaldigital.info\/index.php?rest_route=\/wp\/v2\/media\/2158"}],"wp:attachment":[{"href":"https:\/\/elregionaldigital.info\/index.php?rest_route=%2Fwp%2Fv2%2Fmedia&parent=2157"}],"wp:term":[{"taxonomy":"category","embeddable":true,"href":"https:\/\/elregionaldigital.info\/index.php?rest_route=%2Fwp%2Fv2%2Fcategories&post=2157"},{"taxonomy":"post_tag","embeddable":true,"href":"https:\/\/elregionaldigital.info\/index.php?rest_route=%2Fwp%2Fv2%2Ftags&post=2157"}],"curies":[{"name":"wp","href":"https:\/\/api.w.org\/{rel}","templated":true}]}}