{"id":2128,"date":"2024-01-12T03:31:08","date_gmt":"2024-01-12T03:31:08","guid":{"rendered":"http:\/\/elregionaldigital.info\/?p=2128"},"modified":"2024-01-12T03:31:08","modified_gmt":"2024-01-12T03:31:08","slug":"la-sala-superior-del-tepjf-echa-abajo-reforma-del-ine","status":"publish","type":"post","link":"https:\/\/elregionaldigital.info\/?p=2128","title":{"rendered":"La Sala Superior del TEPJF echa abajo reforma del INE"},"content":{"rendered":"\n<p>Estableci\u00f3 condiciones y requisitos no previstos en la ley, por lo que excedi\u00f3 su facultad reglamentaria el Consejo General del Instituto&nbsp;<\/p>\n\n\n\n<p>2024-01-12<\/p>\n\n\n\n<figure class=\"wp-block-image size-full\"><img loading=\"lazy\" decoding=\"async\" width=\"800\" height=\"526\" src=\"http:\/\/elregionaldigital.info\/wp-content\/uploads\/2024\/01\/1001.jpg\" alt=\"\" class=\"wp-image-2129\" srcset=\"https:\/\/elregionaldigital.info\/wp-content\/uploads\/2024\/01\/1001.jpg 800w, https:\/\/elregionaldigital.info\/wp-content\/uploads\/2024\/01\/1001-300x197.jpg 300w, https:\/\/elregionaldigital.info\/wp-content\/uploads\/2024\/01\/1001-768x505.jpg 768w\" sizes=\"auto, (max-width: 800px) 100vw, 800px\" \/><\/figure>\n\n\n\n<p>Ciudad de M\u00e9xico.- La Sala Superior del Tribunal Electoral del Poder Judicial de la Federaci\u00f3n (TEPJF) modific\u00f3, por mayor\u00eda de votos, con el voto en contra de la magistrada Janine Ot\u00e1lora Malassis y del magistrado Reyes Rodr\u00edguez Mondrag\u00f3n, el acuerdo INE\/CG686\/2023 emitido por el Consejo General del INE en el que se aprob\u00f3 un mecanismo extraordinario para garantizar la oportuna integraci\u00f3n y adecuado funcionamiento de los \u00f3rganos centrales del INE, en el cual, entre otras cuestiones, se establecieron plazos y requisitos para que la consejera presidenta presentara al pleno las propuestas para ocupar las titularidades de la Secretar\u00eda Ejecutiva, direcciones y unidades t\u00e9cnicas, o bien, las encargadur\u00edas de despacho respectivas.<\/p>\n\n\n\n<p>Inconformes con lo anterior, Morena, PRI y PT impugnaron el acuerdo al considerar que, en su concepto, se excedi\u00f3 la facultad reglamentaria del Consejo General del INE, en virtud de que se implement\u00f3 un procedimiento que determina plazos y requisitos no previstos en la ley.<\/p>\n\n\n\n<p>En sesi\u00f3n p\u00fablica presencial, la Sala Superior, a propuesta de la magistrada presidenta M\u00f3nica Aral\u00ed Soto Fregoso, dej\u00f3 sin efectos el establecimiento de los plazos de 30 d\u00edas para que la consejera presidenta presente las propuestas correspondientes y de 12 meses como l\u00edmite temporal que podr\u00edan permanecer las encargadur\u00edas de despacho; as\u00ed como las condicionantes de formar parte de la estructura del \u00e1rea respectiva, ocupar un cargo inmediato inferior al del titular y ser miembro del Servicio Profesional Electoral Nacional o la persona de mayor antig\u00fcedad.<\/p>\n\n\n\n<p>Al respecto, el pleno consider\u00f3 que la responsable estableci\u00f3 condiciones y requisitos no previstos en la ley, por lo que excedi\u00f3 su facultad reglamentaria.<\/p>\n\n\n\n<p>En consecuencia, la consejera presidenta podr\u00e1 proponer al Consejo General las personas titulares de las \u00e1reas mencionadas y, en caso de que no se aprueben las propuestas, designar a las personas encargadas de despacho. En el caso de la Secretar\u00eda Ejecutiva, la encargadur\u00eda deber\u00e1 recaer en alguna de las personas titulares de las direcciones ejecutivas o encargados de despacho de las mismas, que al momento del dictado de la resoluci\u00f3n se encuentren en funciones y que cumplan con los requisitos de ley. Por cuanto hace a las encargadur\u00edas de las direcciones y unidades t\u00e9cnicas, la Presidencia podr\u00e1 designar libremente, sin m\u00e1s condici\u00f3n que los requisitos previstos en la norma vigente.<\/p>\n\n\n\n<p>Esas designaciones podr\u00e1n ejercer el cargo hasta la conclusi\u00f3n del proceso electoral, en el entendido de que, si el Consejo General del INE alcanza los consensos necesarios, podr\u00e1 realizar, en cualquier momento, las designaciones de las personas titulares conforme al procedimiento vigente (SUP-RAP-388\/2023 y acumulados).<\/p>\n","protected":false},"excerpt":{"rendered":"<p>Estableci\u00f3 condiciones y requisitos no previstos en la ley, por lo que excedi\u00f3 su facultad reglamentaria el Consejo General del Instituto&nbsp; 2024-01-12 Ciudad de M\u00e9xico.- La Sala Superior del Tribunal Electoral del Poder Judicial de la Federaci\u00f3n (TEPJF) modific\u00f3, por mayor\u00eda de votos, con el voto en contra de la magistrada Janine Ot\u00e1lora Malassis y [&hellip;]<\/p>\n","protected":false},"author":1,"featured_media":2129,"comment_status":"open","ping_status":"open","sticky":false,"template":"","format":"standard","meta":{"footnotes":""},"categories":[5],"tags":[],"class_list":["post-2128","post","type-post","status-publish","format-standard","has-post-thumbnail","hentry","category-nacional"],"blog_post_layout_featured_media_urls":{"thumbnail":["https:\/\/elregionaldigital.info\/wp-content\/uploads\/2024\/01\/1001-150x150.jpg",150,150,true],"full":["https:\/\/elregionaldigital.info\/wp-content\/uploads\/2024\/01\/1001.jpg",800,526,false]},"categories_names":{"5":{"name":"Nacional","link":"https:\/\/elregionaldigital.info\/?cat=5"}},"tags_names":[],"comments_number":"0","wpmagazine_modules_lite_featured_media_urls":{"thumbnail":["https:\/\/elregionaldigital.info\/wp-content\/uploads\/2024\/01\/1001-150x150.jpg",150,150,true],"cvmm-medium":["https:\/\/elregionaldigital.info\/wp-content\/uploads\/2024\/01\/1001-300x300.jpg",300,300,true],"cvmm-medium-plus":["https:\/\/elregionaldigital.info\/wp-content\/uploads\/2024\/01\/1001-305x207.jpg",305,207,true],"cvmm-portrait":["https:\/\/elregionaldigital.info\/wp-content\/uploads\/2024\/01\/1001-400x526.jpg",400,526,true],"cvmm-medium-square":["https:\/\/elregionaldigital.info\/wp-content\/uploads\/2024\/01\/1001-600x526.jpg",600,526,true],"cvmm-large":["https:\/\/elregionaldigital.info\/wp-content\/uploads\/2024\/01\/1001.jpg",800,526,false],"cvmm-small":["https:\/\/elregionaldigital.info\/wp-content\/uploads\/2024\/01\/1001-130x95.jpg",130,95,true],"full":["https:\/\/elregionaldigital.info\/wp-content\/uploads\/2024\/01\/1001.jpg",800,526,false]},"_links":{"self":[{"href":"https:\/\/elregionaldigital.info\/index.php?rest_route=\/wp\/v2\/posts\/2128","targetHints":{"allow":["GET"]}}],"collection":[{"href":"https:\/\/elregionaldigital.info\/index.php?rest_route=\/wp\/v2\/posts"}],"about":[{"href":"https:\/\/elregionaldigital.info\/index.php?rest_route=\/wp\/v2\/types\/post"}],"author":[{"embeddable":true,"href":"https:\/\/elregionaldigital.info\/index.php?rest_route=\/wp\/v2\/users\/1"}],"replies":[{"embeddable":true,"href":"https:\/\/elregionaldigital.info\/index.php?rest_route=%2Fwp%2Fv2%2Fcomments&post=2128"}],"version-history":[{"count":1,"href":"https:\/\/elregionaldigital.info\/index.php?rest_route=\/wp\/v2\/posts\/2128\/revisions"}],"predecessor-version":[{"id":2130,"href":"https:\/\/elregionaldigital.info\/index.php?rest_route=\/wp\/v2\/posts\/2128\/revisions\/2130"}],"wp:featuredmedia":[{"embeddable":true,"href":"https:\/\/elregionaldigital.info\/index.php?rest_route=\/wp\/v2\/media\/2129"}],"wp:attachment":[{"href":"https:\/\/elregionaldigital.info\/index.php?rest_route=%2Fwp%2Fv2%2Fmedia&parent=2128"}],"wp:term":[{"taxonomy":"category","embeddable":true,"href":"https:\/\/elregionaldigital.info\/index.php?rest_route=%2Fwp%2Fv2%2Fcategories&post=2128"},{"taxonomy":"post_tag","embeddable":true,"href":"https:\/\/elregionaldigital.info\/index.php?rest_route=%2Fwp%2Fv2%2Ftags&post=2128"}],"curies":[{"name":"wp","href":"https:\/\/api.w.org\/{rel}","templated":true}]}}