{"id":2125,"date":"2024-01-11T22:25:00","date_gmt":"2024-01-11T22:25:00","guid":{"rendered":"http:\/\/elregionaldigital.info\/?p=2125"},"modified":"2024-01-12T03:26:48","modified_gmt":"2024-01-12T03:26:48","slug":"propina-juez-golpe-al-auditor-espino","status":"publish","type":"post","link":"https:\/\/elregionaldigital.info\/?p=2125","title":{"rendered":"Propina juez golpe al auditor Espino"},"content":{"rendered":"\n<p>Pr\u00e1cticas dilatorias del funcionario revelan su compromiso de continuar protegiendo a su jefe Cabeza de Vaca<\/p>\n\n\n\n<p>2024-01-11<\/p>\n\n\n\n<figure class=\"wp-block-image size-full\"><img loading=\"lazy\" decoding=\"async\" width=\"800\" height=\"533\" src=\"http:\/\/elregionaldigital.info\/wp-content\/uploads\/2024\/01\/2024-01-11-174936Auditor_Jorge_Espino_Ascanio.png\" alt=\"\" class=\"wp-image-2126\" srcset=\"https:\/\/elregionaldigital.info\/wp-content\/uploads\/2024\/01\/2024-01-11-174936Auditor_Jorge_Espino_Ascanio.png 800w, https:\/\/elregionaldigital.info\/wp-content\/uploads\/2024\/01\/2024-01-11-174936Auditor_Jorge_Espino_Ascanio-300x200.png 300w, https:\/\/elregionaldigital.info\/wp-content\/uploads\/2024\/01\/2024-01-11-174936Auditor_Jorge_Espino_Ascanio-768x512.png 768w\" sizes=\"auto, (max-width: 800px) 100vw, 800px\" \/><\/figure>\n\n\n\n<p>Ciudad Victoria, Tamaulipas, 11 de enero 2024.- El Segundo Tribunal Colegiado del Decimonoveno Circuito, con residencia en Victoria, resolvi\u00f3 este d\u00eda el recurso de queja interpuesto por el Congreso del Estado en contra de la suspensi\u00f3n otorgada a favor de Jorge Espino Ascanio, auditor superior del Estado y revoc\u00f3 el amparo otorgado por una jueza.<br>Con este fallo, el hasta ahora auditor deber\u00e1 iniciar el proceso de entrega-recepci\u00f3n del \u00f3rgano fiscalizador y dejar su cargo el pr\u00f3ximo 8 de febrero del presente a\u00f1o.<br>En la resoluci\u00f3n del Tribunal Colegiado, emitida este jueves, se revoca la resoluci\u00f3n de la titular del Juzgado Decimoprimero, concedida el pasado mes de diciembre y ordena negar la suspensi\u00f3n otorgada a Espino Ascanio.\u00a0<br>En el juicio de amparo promovido, Espino pretend\u00eda que su periodo se extendiera un a\u00f1o m\u00e1s, es decir, concluir su funci\u00f3n el 8 de febrero de 2025, para lo cual solicit\u00f3 que se aplicara en su favor una reforma constitucional efectuada en 2017 que modifica el periodo del auditor superior, lo cual resulta evidentemente ilegal e inconstitucional.<br>Por otro lado, pretend\u00eda desconocer la designaci\u00f3n del Congreso del Estado del auditor interino, a fin de evitar el proceso de entrega-recepci\u00f3n a que le obliga la ley.<br>Las pr\u00e1cticas dilatorias y evasivas del auditor Espino Ascanio, de no permitir la renovaci\u00f3n de dicho cargo, denotan su compromiso de continuar protegiendo las cuentas p\u00fablicas de su jefe el ex gobernador del estado, Francisco Javier Garc\u00eda Cabeza de Vaca. \u00a0<\/p>\n","protected":false},"excerpt":{"rendered":"<p>Pr\u00e1cticas dilatorias del funcionario revelan su compromiso de continuar protegiendo a su jefe Cabeza de Vaca 2024-01-11 Ciudad Victoria, Tamaulipas, 11 de enero 2024.- El Segundo Tribunal Colegiado del Decimonoveno Circuito, con residencia en Victoria, resolvi\u00f3 este d\u00eda el recurso de queja interpuesto por el Congreso del Estado en contra de la suspensi\u00f3n otorgada a [&hellip;]<\/p>\n","protected":false},"author":1,"featured_media":2126,"comment_status":"open","ping_status":"open","sticky":false,"template":"","format":"standard","meta":{"footnotes":""},"categories":[2],"tags":[],"class_list":["post-2125","post","type-post","status-publish","format-standard","has-post-thumbnail","hentry","category-tamaulipas"],"blog_post_layout_featured_media_urls":{"thumbnail":["https:\/\/elregionaldigital.info\/wp-content\/uploads\/2024\/01\/2024-01-11-174936Auditor_Jorge_Espino_Ascanio-150x150.png",150,150,true],"full":["https:\/\/elregionaldigital.info\/wp-content\/uploads\/2024\/01\/2024-01-11-174936Auditor_Jorge_Espino_Ascanio.png",800,533,false]},"categories_names":{"2":{"name":"Tamaulipas","link":"https:\/\/elregionaldigital.info\/?cat=2"}},"tags_names":[],"comments_number":"0","wpmagazine_modules_lite_featured_media_urls":{"thumbnail":["https:\/\/elregionaldigital.info\/wp-content\/uploads\/2024\/01\/2024-01-11-174936Auditor_Jorge_Espino_Ascanio-150x150.png",150,150,true],"cvmm-medium":["https:\/\/elregionaldigital.info\/wp-content\/uploads\/2024\/01\/2024-01-11-174936Auditor_Jorge_Espino_Ascanio-300x300.png",300,300,true],"cvmm-medium-plus":["https:\/\/elregionaldigital.info\/wp-content\/uploads\/2024\/01\/2024-01-11-174936Auditor_Jorge_Espino_Ascanio-305x207.png",305,207,true],"cvmm-portrait":["https:\/\/elregionaldigital.info\/wp-content\/uploads\/2024\/01\/2024-01-11-174936Auditor_Jorge_Espino_Ascanio-400x533.png",400,533,true],"cvmm-medium-square":["https:\/\/elregionaldigital.info\/wp-content\/uploads\/2024\/01\/2024-01-11-174936Auditor_Jorge_Espino_Ascanio-600x533.png",600,533,true],"cvmm-large":["https:\/\/elregionaldigital.info\/wp-content\/uploads\/2024\/01\/2024-01-11-174936Auditor_Jorge_Espino_Ascanio.png",800,533,false],"cvmm-small":["https:\/\/elregionaldigital.info\/wp-content\/uploads\/2024\/01\/2024-01-11-174936Auditor_Jorge_Espino_Ascanio-130x95.png",130,95,true],"full":["https:\/\/elregionaldigital.info\/wp-content\/uploads\/2024\/01\/2024-01-11-174936Auditor_Jorge_Espino_Ascanio.png",800,533,false]},"_links":{"self":[{"href":"https:\/\/elregionaldigital.info\/index.php?rest_route=\/wp\/v2\/posts\/2125","targetHints":{"allow":["GET"]}}],"collection":[{"href":"https:\/\/elregionaldigital.info\/index.php?rest_route=\/wp\/v2\/posts"}],"about":[{"href":"https:\/\/elregionaldigital.info\/index.php?rest_route=\/wp\/v2\/types\/post"}],"author":[{"embeddable":true,"href":"https:\/\/elregionaldigital.info\/index.php?rest_route=\/wp\/v2\/users\/1"}],"replies":[{"embeddable":true,"href":"https:\/\/elregionaldigital.info\/index.php?rest_route=%2Fwp%2Fv2%2Fcomments&post=2125"}],"version-history":[{"count":1,"href":"https:\/\/elregionaldigital.info\/index.php?rest_route=\/wp\/v2\/posts\/2125\/revisions"}],"predecessor-version":[{"id":2127,"href":"https:\/\/elregionaldigital.info\/index.php?rest_route=\/wp\/v2\/posts\/2125\/revisions\/2127"}],"wp:featuredmedia":[{"embeddable":true,"href":"https:\/\/elregionaldigital.info\/index.php?rest_route=\/wp\/v2\/media\/2126"}],"wp:attachment":[{"href":"https:\/\/elregionaldigital.info\/index.php?rest_route=%2Fwp%2Fv2%2Fmedia&parent=2125"}],"wp:term":[{"taxonomy":"category","embeddable":true,"href":"https:\/\/elregionaldigital.info\/index.php?rest_route=%2Fwp%2Fv2%2Fcategories&post=2125"},{"taxonomy":"post_tag","embeddable":true,"href":"https:\/\/elregionaldigital.info\/index.php?rest_route=%2Fwp%2Fv2%2Ftags&post=2125"}],"curies":[{"name":"wp","href":"https:\/\/api.w.org\/{rel}","templated":true}]}}