{"id":2119,"date":"2024-01-10T03:52:00","date_gmt":"2024-01-10T03:52:00","guid":{"rendered":"http:\/\/elregionaldigital.info\/?p=2119"},"modified":"2024-01-10T05:55:21","modified_gmt":"2024-01-10T05:55:21","slug":"jaime-lozano-hara-gira-europea","status":"publish","type":"post","link":"https:\/\/elregionaldigital.info\/?p=2119","title":{"rendered":"Jaime Lozano har\u00e1 gira europea"},"content":{"rendered":"\n<p>Jaime Lozano realizar\u00e1 una gira por Europa, en donde visitar\u00e1 a todos y cada uno de los jugadores seleccionables<\/p>\n\n\n\n<p>10 de enero de 2024 &#8211; <\/p>\n\n\n\n<figure class=\"wp-block-image size-full\"><img loading=\"lazy\" decoding=\"async\" width=\"770\" height=\"485\" src=\"http:\/\/elregionaldigital.info\/wp-content\/uploads\/2024\/01\/imago-1450578_crop1704858657881.jpg_1970638775.webp\" alt=\"\" class=\"wp-image-2120\" srcset=\"https:\/\/elregionaldigital.info\/wp-content\/uploads\/2024\/01\/imago-1450578_crop1704858657881.jpg_1970638775.webp 770w, https:\/\/elregionaldigital.info\/wp-content\/uploads\/2024\/01\/imago-1450578_crop1704858657881.jpg_1970638775-300x189.webp 300w, https:\/\/elregionaldigital.info\/wp-content\/uploads\/2024\/01\/imago-1450578_crop1704858657881.jpg_1970638775-768x484.webp 768w\" sizes=\"auto, (max-width: 770px) 100vw, 770px\" \/><\/figure>\n\n\n\n<p>Ante la intensa actividad que se avecina en este 2024 para la Selecci\u00f3n Mexicana de futbol, el director t\u00e9cnico nacional,&nbsp;Jaime Lozano realizar\u00e1 una gira por Europa, en donde visitar\u00e1 a todos y cada uno de los jugadores&nbsp;seleccionables&nbsp;que militan en equipos del Viejo Continente.<\/p>\n\n\n\n<p>As\u00ed,&nbsp;<strong>el &#8220;Jimmy&#8221; estar\u00e1 en Europa del 4 al 25 de febrero del otro lado del Oc\u00e9ano Atl\u00e1ntico junto a su cuerpo t\u00e9cnico<\/strong>, as\u00ed como del director deportivo del Tricolor, Duilio Davino.<\/p>\n\n\n\n<p>La intenci\u00f3n es que Lozano y su equipo de trabajo dialoguen y le den a conocer los planes de convocatoria a los seleccionados nacionales, como lo son Guillermo Ochoa, Johan V\u00e1squez, Edson \u00c1lvarez, Orbel\u00edn Pineda, Hirving Lozano, Santiago Gim\u00e9nez, Gerardo Arteaga, Ra\u00fal Jim\u00e9nez, Jorge S\u00e1nchez, Luis Ch\u00e1vez, Juli\u00e1n Araujo y C\u00e9sar Montes.<\/p>\n\n\n\n<p><strong>La primera actividad del a\u00f1o para el combinado mexicano ser\u00e1 en el &nbsp;pr\u00f3ximo mes de marzo<\/strong>, cuando enfrenten el Final Four de la Concacaf, en donde se ver\u00e1n las caras con Panam\u00e1 en la Semifinal.&nbsp;Estos partidos de la&nbsp;Nations&nbsp;League&nbsp;ser\u00e1n del 21 al 24 de marzo en la Uni\u00f3n Americana.<\/p>\n","protected":false},"excerpt":{"rendered":"<p>Jaime Lozano realizar\u00e1 una gira por Europa, en donde visitar\u00e1 a todos y cada uno de los jugadores seleccionables 10 de enero de 2024 &#8211; Ante la intensa actividad que se avecina en este 2024 para la Selecci\u00f3n Mexicana de futbol, el director t\u00e9cnico nacional,&nbsp;Jaime Lozano realizar\u00e1 una gira por Europa, en donde visitar\u00e1 a [&hellip;]<\/p>\n","protected":false},"author":1,"featured_media":2121,"comment_status":"open","ping_status":"open","sticky":false,"template":"","format":"standard","meta":{"footnotes":""},"categories":[6],"tags":[],"class_list":["post-2119","post","type-post","status-publish","format-standard","has-post-thumbnail","hentry","category-deportes"],"blog_post_layout_featured_media_urls":{"thumbnail":["https:\/\/elregionaldigital.info\/wp-content\/uploads\/2024\/01\/imago-1450578_crop1704858657881.jpg_1970638775-1-150x150.webp",150,150,true],"full":["https:\/\/elregionaldigital.info\/wp-content\/uploads\/2024\/01\/imago-1450578_crop1704858657881.jpg_1970638775-1.webp",770,485,false]},"categories_names":{"6":{"name":"Deportes","link":"https:\/\/elregionaldigital.info\/?cat=6"}},"tags_names":[],"comments_number":"0","wpmagazine_modules_lite_featured_media_urls":{"thumbnail":["https:\/\/elregionaldigital.info\/wp-content\/uploads\/2024\/01\/imago-1450578_crop1704858657881.jpg_1970638775-1-150x150.webp",150,150,true],"cvmm-medium":["https:\/\/elregionaldigital.info\/wp-content\/uploads\/2024\/01\/imago-1450578_crop1704858657881.jpg_1970638775-1-300x300.webp",300,300,true],"cvmm-medium-plus":["https:\/\/elregionaldigital.info\/wp-content\/uploads\/2024\/01\/imago-1450578_crop1704858657881.jpg_1970638775-1-305x207.webp",305,207,true],"cvmm-portrait":["https:\/\/elregionaldigital.info\/wp-content\/uploads\/2024\/01\/imago-1450578_crop1704858657881.jpg_1970638775-1-400x485.webp",400,485,true],"cvmm-medium-square":["https:\/\/elregionaldigital.info\/wp-content\/uploads\/2024\/01\/imago-1450578_crop1704858657881.jpg_1970638775-1-600x485.webp",600,485,true],"cvmm-large":["https:\/\/elregionaldigital.info\/wp-content\/uploads\/2024\/01\/imago-1450578_crop1704858657881.jpg_1970638775-1.webp",770,485,false],"cvmm-small":["https:\/\/elregionaldigital.info\/wp-content\/uploads\/2024\/01\/imago-1450578_crop1704858657881.jpg_1970638775-1-130x95.webp",130,95,true],"full":["https:\/\/elregionaldigital.info\/wp-content\/uploads\/2024\/01\/imago-1450578_crop1704858657881.jpg_1970638775-1.webp",770,485,false]},"_links":{"self":[{"href":"https:\/\/elregionaldigital.info\/index.php?rest_route=\/wp\/v2\/posts\/2119","targetHints":{"allow":["GET"]}}],"collection":[{"href":"https:\/\/elregionaldigital.info\/index.php?rest_route=\/wp\/v2\/posts"}],"about":[{"href":"https:\/\/elregionaldigital.info\/index.php?rest_route=\/wp\/v2\/types\/post"}],"author":[{"embeddable":true,"href":"https:\/\/elregionaldigital.info\/index.php?rest_route=\/wp\/v2\/users\/1"}],"replies":[{"embeddable":true,"href":"https:\/\/elregionaldigital.info\/index.php?rest_route=%2Fwp%2Fv2%2Fcomments&post=2119"}],"version-history":[{"count":1,"href":"https:\/\/elregionaldigital.info\/index.php?rest_route=\/wp\/v2\/posts\/2119\/revisions"}],"predecessor-version":[{"id":2122,"href":"https:\/\/elregionaldigital.info\/index.php?rest_route=\/wp\/v2\/posts\/2119\/revisions\/2122"}],"wp:featuredmedia":[{"embeddable":true,"href":"https:\/\/elregionaldigital.info\/index.php?rest_route=\/wp\/v2\/media\/2121"}],"wp:attachment":[{"href":"https:\/\/elregionaldigital.info\/index.php?rest_route=%2Fwp%2Fv2%2Fmedia&parent=2119"}],"wp:term":[{"taxonomy":"category","embeddable":true,"href":"https:\/\/elregionaldigital.info\/index.php?rest_route=%2Fwp%2Fv2%2Fcategories&post=2119"},{"taxonomy":"post_tag","embeddable":true,"href":"https:\/\/elregionaldigital.info\/index.php?rest_route=%2Fwp%2Fv2%2Ftags&post=2119"}],"curies":[{"name":"wp","href":"https:\/\/api.w.org\/{rel}","templated":true}]}}