{"id":2115,"date":"2024-01-07T15:17:00","date_gmt":"2024-01-07T15:17:00","guid":{"rendered":"http:\/\/elregionaldigital.info\/?p=2115"},"modified":"2024-01-09T04:31:59","modified_gmt":"2024-01-09T04:31:59","slug":"marco-batarse-se-reune-con-lideres-politicos","status":"publish","type":"post","link":"https:\/\/elregionaldigital.info\/?p=2115","title":{"rendered":"Marco Batarse se reune con l\u00edderes pol\u00edticos"},"content":{"rendered":"\n<figure class=\"wp-block-image size-full is-resized\"><img loading=\"lazy\" decoding=\"async\" width=\"680\" height=\"833\" src=\"http:\/\/elregionaldigital.info\/wp-content\/uploads\/2024\/01\/418421840_914456616721589_8890745728435973053_n.jpg\" alt=\"\" class=\"wp-image-2117\" style=\"width:646px;height:auto\" srcset=\"https:\/\/elregionaldigital.info\/wp-content\/uploads\/2024\/01\/418421840_914456616721589_8890745728435973053_n.jpg 680w, https:\/\/elregionaldigital.info\/wp-content\/uploads\/2024\/01\/418421840_914456616721589_8890745728435973053_n-245x300.jpg 245w\" sizes=\"auto, (max-width: 680px) 100vw, 680px\" \/><\/figure>\n\n\n\n<p>Este fin de semana en su muro de Facebook, el aspirante a senador por Morena Marco Batarse Ferrel publica una foto en la que escribe #Claudia Nos Une con mis amigos Juan Diego Guajardo y Humberto Prieto!, Saludos mi gente excelente s\u00e1bado!<\/p>\n\n\n\n<p>Batarse Ferrel, representante en Tamaulipas de Claudia Sheinbaum, precandidata de Morena a la Presidencia de la Rep\u00fablica, se observa abrazado del ex panista el diputado por Reynosa Humberto Prieto y por el ex alcalde de R\u00edo Bravo Juan Diego Guajardo.<\/p>\n\n\n\n<p>Sin lugar a dudas, BATARSE FERREL sigue fortaleciendo en Tamaulipas la imagen de CLAUDIA SHEINBAUM, pues cada d\u00eda se suman m\u00e1s ciudadanos al proyecto de la precandidata presidencial.<\/p>\n\n\n\n<p>Desde finales de septiembre del a\u00f1o pasado, en que la misma SHEINBAUM lo nombr\u00f3 como su representante estatal en el Estado, BATARSE FERREL se puso a chambear para cumplir con \u00e9xito dicha encomienda.<\/p>\n\n\n\n<p>poco a poco  va  logrando tener buenos  resultados para  que  la gente   vote  a favor de la  candidata de morena CLAUDIA SHEIMBAUM,  ya que BATARSE FERREL se la pasa recorriendo toda la geograf\u00eda tamaulipeca, sumando a personas y grupos ciudadanos al proyecto de MORENA, para  muestra un boton con la imagen que   subio en redes sociales,  logrando dialogar y convencer a m\u00e1s tamaulipecas y tamaulipecos de que CLAUDIA es la mejor opci\u00f3n para ser la pr\u00f3xima y primera presidenta de nuestro pa\u00eds.<\/p>\n\n\n\n<p>Este 2024 es un a\u00f1o crucial, pues se llevar\u00e1 a cabo la elecci\u00f3n m\u00e1s grande de toda la historia, se disputar\u00e1n m\u00e1s de 20 mil cargos p\u00fablicos, incluyendo la presidencia de la Rep\u00fablica.<\/p>\n\n\n\n<p>En todo el pa\u00eds, miles y miles de ciudadanos est\u00e1n convencidos de que SHEINBAUM ser\u00e1 quien gane las elecciones presidenciales.<\/p>\n\n\n\n<p>El fortalecimiento  de la imagen de  CLAUDIA SHEIMBAUM  es el resultado del  trabajo que est\u00e1 haciendo con los cuadros politicos de su coordinador estatal, MARCO BATARSE FERREL. <\/p>\n\n\n\n<p><\/p>\n","protected":false},"excerpt":{"rendered":"<p>Este fin de semana en su muro de Facebook, el aspirante a senador por Morena Marco Batarse Ferrel publica una foto en la que escribe #Claudia Nos Une con mis amigos Juan Diego Guajardo y Humberto Prieto!, Saludos mi gente excelente s\u00e1bado! Batarse Ferrel, representante en Tamaulipas de Claudia Sheinbaum, precandidata de Morena a la [&hellip;]<\/p>\n","protected":false},"author":1,"featured_media":2117,"comment_status":"open","ping_status":"open","sticky":false,"template":"","format":"standard","meta":{"footnotes":""},"categories":[2],"tags":[],"class_list":["post-2115","post","type-post","status-publish","format-standard","has-post-thumbnail","hentry","category-tamaulipas"],"blog_post_layout_featured_media_urls":{"thumbnail":["https:\/\/elregionaldigital.info\/wp-content\/uploads\/2024\/01\/418421840_914456616721589_8890745728435973053_n-150x150.jpg",150,150,true],"full":["https:\/\/elregionaldigital.info\/wp-content\/uploads\/2024\/01\/418421840_914456616721589_8890745728435973053_n.jpg",680,833,false]},"categories_names":{"2":{"name":"Tamaulipas","link":"https:\/\/elregionaldigital.info\/?cat=2"}},"tags_names":[],"comments_number":"0","wpmagazine_modules_lite_featured_media_urls":{"thumbnail":["https:\/\/elregionaldigital.info\/wp-content\/uploads\/2024\/01\/418421840_914456616721589_8890745728435973053_n-150x150.jpg",150,150,true],"cvmm-medium":["https:\/\/elregionaldigital.info\/wp-content\/uploads\/2024\/01\/418421840_914456616721589_8890745728435973053_n-300x300.jpg",300,300,true],"cvmm-medium-plus":["https:\/\/elregionaldigital.info\/wp-content\/uploads\/2024\/01\/418421840_914456616721589_8890745728435973053_n-305x207.jpg",305,207,true],"cvmm-portrait":["https:\/\/elregionaldigital.info\/wp-content\/uploads\/2024\/01\/418421840_914456616721589_8890745728435973053_n-400x600.jpg",400,600,true],"cvmm-medium-square":["https:\/\/elregionaldigital.info\/wp-content\/uploads\/2024\/01\/418421840_914456616721589_8890745728435973053_n-600x600.jpg",600,600,true],"cvmm-large":["https:\/\/elregionaldigital.info\/wp-content\/uploads\/2024\/01\/418421840_914456616721589_8890745728435973053_n.jpg",680,833,false],"cvmm-small":["https:\/\/elregionaldigital.info\/wp-content\/uploads\/2024\/01\/418421840_914456616721589_8890745728435973053_n-130x95.jpg",130,95,true],"full":["https:\/\/elregionaldigital.info\/wp-content\/uploads\/2024\/01\/418421840_914456616721589_8890745728435973053_n.jpg",680,833,false]},"_links":{"self":[{"href":"https:\/\/elregionaldigital.info\/index.php?rest_route=\/wp\/v2\/posts\/2115","targetHints":{"allow":["GET"]}}],"collection":[{"href":"https:\/\/elregionaldigital.info\/index.php?rest_route=\/wp\/v2\/posts"}],"about":[{"href":"https:\/\/elregionaldigital.info\/index.php?rest_route=\/wp\/v2\/types\/post"}],"author":[{"embeddable":true,"href":"https:\/\/elregionaldigital.info\/index.php?rest_route=\/wp\/v2\/users\/1"}],"replies":[{"embeddable":true,"href":"https:\/\/elregionaldigital.info\/index.php?rest_route=%2Fwp%2Fv2%2Fcomments&post=2115"}],"version-history":[{"count":1,"href":"https:\/\/elregionaldigital.info\/index.php?rest_route=\/wp\/v2\/posts\/2115\/revisions"}],"predecessor-version":[{"id":2118,"href":"https:\/\/elregionaldigital.info\/index.php?rest_route=\/wp\/v2\/posts\/2115\/revisions\/2118"}],"wp:featuredmedia":[{"embeddable":true,"href":"https:\/\/elregionaldigital.info\/index.php?rest_route=\/wp\/v2\/media\/2117"}],"wp:attachment":[{"href":"https:\/\/elregionaldigital.info\/index.php?rest_route=%2Fwp%2Fv2%2Fmedia&parent=2115"}],"wp:term":[{"taxonomy":"category","embeddable":true,"href":"https:\/\/elregionaldigital.info\/index.php?rest_route=%2Fwp%2Fv2%2Fcategories&post=2115"},{"taxonomy":"post_tag","embeddable":true,"href":"https:\/\/elregionaldigital.info\/index.php?rest_route=%2Fwp%2Fv2%2Ftags&post=2115"}],"curies":[{"name":"wp","href":"https:\/\/api.w.org\/{rel}","templated":true}]}}