{"id":2104,"date":"2024-01-05T14:09:00","date_gmt":"2024-01-05T14:09:00","guid":{"rendered":"http:\/\/elregionaldigital.info\/?p=2104"},"modified":"2024-01-09T02:44:26","modified_gmt":"2024-01-09T02:44:26","slug":"oscar-pistorius-sale-de-la-carcel-casi-11-anos-despues-de-matar-a-su-novia","status":"publish","type":"post","link":"https:\/\/elregionaldigital.info\/?p=2104","title":{"rendered":"Oscar Pistorius sale de la c\u00e1rcel casi 11 a\u00f1os despu\u00e9s de matar a su novia"},"content":{"rendered":"\n<p>El exatleta sudafricano Oscar Pistorius se encontraba en la c\u00e1rcel desde 2014 por haber matado a su novia, la modelo Reeva Steenkamp<\/p>\n\n\n\n<p>ENERO 5, 2024<\/p>\n\n\n\n<figure class=\"wp-block-image size-large\"><img loading=\"lazy\" decoding=\"async\" width=\"1024\" height=\"619\" src=\"http:\/\/elregionaldigital.info\/wp-content\/uploads\/2024\/01\/oscar-pistorius-1024x619.webp\" alt=\"\" class=\"wp-image-2105\" srcset=\"https:\/\/elregionaldigital.info\/wp-content\/uploads\/2024\/01\/oscar-pistorius-1024x619.webp 1024w, https:\/\/elregionaldigital.info\/wp-content\/uploads\/2024\/01\/oscar-pistorius-300x181.webp 300w, https:\/\/elregionaldigital.info\/wp-content\/uploads\/2024\/01\/oscar-pistorius-768x465.webp 768w, https:\/\/elregionaldigital.info\/wp-content\/uploads\/2024\/01\/oscar-pistorius.webp 1536w\" sizes=\"auto, (max-width: 1024px) 100vw, 1024px\" \/><\/figure>\n\n\n\n<p>El exatleta sudafricano<strong>&nbsp;Oscar Pistorius<\/strong>, plusmarquista mundial paral\u00edmpico de 100, 200 y 400 metros y en la c\u00e1rcel desde&nbsp;<strong>2014<\/strong>&nbsp;por haber&nbsp;<strong>matado<\/strong>&nbsp;un a\u00f1o antes a su novia, la modelo&nbsp;<strong>Reeva Steenkamp<\/strong>,&nbsp;<strong>sali\u00f3 de la c\u00e1rcel este viernes<\/strong>&nbsp;tras&nbsp;<a href=\"https:\/\/lopezdoriga.com\/deportes\/dan-libertad-condicional-oscar-pistorius-asesinato-novia\/\" target=\"_blank\" rel=\"noreferrer noopener\">haber obtenido la libertad condicional<\/a>, confirm\u00f3 el&nbsp;<strong>Departamento de Servicios Penitenciarios<\/strong>&nbsp;(DCS) de&nbsp;<strong>Sud\u00e1frica<\/strong>.<\/p>\n\n\n\n<blockquote class=\"wp-block-quote is-layout-flow wp-block-quote-is-layout-flow\">\n<p>El Departamento de Servicios Penitenciarios (DCS) confirma que Oscar Pistorius est\u00e1 en libertad condicional, con efecto a partir del 5 de enero de 2024. Fue admitido en el sistema penitenciario comunitario y est\u00e1 ahora en casa\u201d, se\u00f1al\u00f3 esta instituci\u00f3n a trav\u00e9s de un comunicado.<\/p>\n<\/blockquote>\n\n\n\n<p>Las autoridades penitenciarias concedieron la libertad condicional a Pistorius el pasado 24 de noviembre, durante una audiencia a puerta cerrada en la prisi\u00f3n de Atteridgeville, en Pretoria.<\/p>\n\n\n\n<p>Este mi\u00e9rcoles, el DCS indic\u00f3 que, a pesar del \u201cperfil p\u00fablico elevado\u201d del atleta, se le aplicar\u00e1n las \u201ccondiciones generales\u201d de ese r\u00e9gimen como, por ejemplo, estar \u201cen casa a determinadas horas del d\u00eda\u201d.<\/p>\n\n\n\n<blockquote class=\"wp-block-quote is-layout-flow wp-block-quote-is-layout-flow\">\n<p>No podr\u00e1 consumir alcohol y otras sustancias. (\u2026) Al igual que otras personas en libertad condicional, Pistorius tiene prohibido realizar entrevistas con los medios de comunicaci\u00f3n\u201d, a\u00f1adi\u00f3 el organismo, al precisar que esas restricciones ser\u00e1n v\u00e1lidas hasta el vencimiento de la sentencia en 2029.<\/p>\n<\/blockquote>\n\n\n\n<p>En un comunicado recogido por medios locales, la madre de la modelo asesinada,<strong>\u00a0June Steenkamp<\/strong>, dijo este viernes que el dolor por la muerte de su hija es a\u00fan \u201ccrudo y real\u201d y lament\u00f3 que \u201cla intensidad de la cobertura (medi\u00e1tica) del juicio\u201d y de las peticiones de libertad condicional posteriores signific\u00f3 la \u201cp\u00e9rdida\u201d de su privacidad\u201d y \u201cdificult\u00f3 el duelo en paz\u201d.<\/p>\n\n\n\n<p>\u201cSiempre hemos sabido que la libertad condicional es parte del sistema legal sudafricano y siempre hemos dicho que la ley deber seguir su curso\u201d, afirm\u00f3 Steenkamp, si bien destac\u00f3 que \u201cnunca podr\u00e1 haber justicia si tu ser querido nunca regresar\u00e1\u201d.<\/p>\n\n\n\n<blockquote class=\"wp-block-quote is-layout-flow wp-block-quote-is-layout-flow\">\n<p>Las condiciones impuestas por la junta de libertad condicional, que incluyen cursos de gesti\u00f3n de la ira y programas sobre violencia de g\u00e9nero, env\u00edan un mensaje claro de que la violencia de g\u00e9nero es tomada en serio\u201d, a\u00f1adi\u00f3.<\/p>\n<\/blockquote>\n\n\n\n<p>Esta era la segunda vez que Pistorius solicitaba la libertad condicional, que le fue denegada el pasado marzo pese a que el condenado argument\u00f3 que se aument\u00f3 injustamente tanto su tiempo en prisi\u00f3n como el m\u00ednimo requerido para optar a esa medida, violando as\u00ed sus \u201cderechos fundamentales\u201d.<\/p>\n\n\n\n<p>Pistorius, de 37 a\u00f1os, llev\u00f3 entonces su caso al Tribunal Constitucional de Sud\u00e1frica, que el pasado octubre dict\u00f3 que el deportista pod\u00eda optar a la libertad condicional.<\/p>\n\n\n\n<p>Antes de que empezase la audiencia de noviembre donde finalmente le fue concedida, June Steenkamp dijo no estar \u201cconvencida\u201d de que \u201cOscar se haya rehabilitado\u201d, seg\u00fan una carta le\u00edda por sus abogados.<\/p>\n\n\n\n<p>Pistorius cumple condena por asesinar a tiros a Reeva Steenkamp, que entonces ten\u00eda 29 a\u00f1os, en su casa de Pretoria el D\u00eda de San Valent\u00edn de 2013, cuando se encontraba en la cima de su fama y hab\u00eda amasado una fortuna en su carrera deportiva.<\/p>\n\n\n\n<p>Le dispar\u00f3 cuatro veces a trav\u00e9s de la puerta cerrada del ba\u00f1o y ha intentado defender sin \u00e9xito que entr\u00f3 en p\u00e1nico al confundir a la modelo con un ladr\u00f3n que habr\u00eda accedido a la vivienda por la ventana del ba\u00f1o.<\/p>\n\n\n\n<p>\u201cNo creo en la versi\u00f3n de Oscar. (\u2026) No conozco a nadie que lo haga. Mi querida hija grit\u00f3 por su vida, lo suficientemente alto como para que los vecinos la escuchasen\u201d, se\u00f1al\u00f3 el pasado noviembre, en su carta, la madre de la v\u00edctima.<\/p>\n\n\n\n<p>No vio la salida de prisi\u00f3n este viernes de Pistorius, en cambio, el padre de la modelo asesinada, Barry Steenkamp, que falleci\u00f3 con 80 a\u00f1os el pasado mes de septiembre.<\/p>\n\n\n\n<p>Tras un juicio que capt\u00f3 una atenci\u00f3n medi\u00e1tica mundial, Pistorius fue inicialmente condenado en octubre de 2014 a cinco a\u00f1os de prisi\u00f3n por homicidio imprudente, pero la Fiscal\u00eda apel\u00f3 el fallo.<\/p>\n\n\n\n<p>En 2015, el&nbsp;<strong>Tribunal Supremo de Apelaci\u00f3n de Sud\u00e1frica<\/strong>&nbsp;anul\u00f3 esa condena y lo declar\u00f3 culpable de asesinato, remitiendo el caso de nuevo a un tribunal de primera instancia que, en julio de 2016, sentenci\u00f3 a Pistorius a seis a\u00f1os de c\u00e1rcel por asesinato.<\/p>\n\n\n\n<p>Sin embargo, tras otro recurso de la Fiscal\u00eda, el Tribunal Supremo de Apelaci\u00f3n elev\u00f3 la pena en noviembre de 2017 a quince a\u00f1os, el m\u00ednimo contemplado por la ley en casos de asesinato salvo situaciones excepcionales.<\/p>\n\n\n\n<p>En la pr\u00e1ctica, esa sentencia signific\u00f3 trece a\u00f1os y cinco meses de c\u00e1rcel, al descontarse el tiempo que Pistorius -que pas\u00f3 una etapa en libertad bajo fianza y bajo arresto domiciliario- ya hab\u00eda permanecido en prisi\u00f3n.<\/p>\n\n\n\n<p>Nacido con un problema gen\u00e9tico que llev\u00f3 a sus padres a decidir amputarle las dos piernas por debajo de las rodillas cuando ten\u00eda once meses, Pistorius alcanz\u00f3 fama mundial al correr en los Juegos Ol\u00edmpicos de Londres (2012) sobre dos pr\u00f3tesis de carbono.<\/p>\n\n\n\n<p>Con informaci\u00f3n de EFE<\/p>\n","protected":false},"excerpt":{"rendered":"<p>El exatleta sudafricano Oscar Pistorius se encontraba en la c\u00e1rcel desde 2014 por haber matado a su novia, la modelo Reeva Steenkamp ENERO 5, 2024 El exatleta sudafricano&nbsp;Oscar Pistorius, plusmarquista mundial paral\u00edmpico de 100, 200 y 400 metros y en la c\u00e1rcel desde&nbsp;2014&nbsp;por haber&nbsp;matado&nbsp;un a\u00f1o antes a su novia, la modelo&nbsp;Reeva Steenkamp,&nbsp;sali\u00f3 de la c\u00e1rcel [&hellip;]<\/p>\n","protected":false},"author":1,"featured_media":2105,"comment_status":"open","ping_status":"open","sticky":false,"template":"","format":"standard","meta":{"footnotes":""},"categories":[4],"tags":[],"class_list":["post-2104","post","type-post","status-publish","format-standard","has-post-thumbnail","hentry","category-universidades"],"blog_post_layout_featured_media_urls":{"thumbnail":["https:\/\/elregionaldigital.info\/wp-content\/uploads\/2024\/01\/oscar-pistorius-150x150.webp",150,150,true],"full":["https:\/\/elregionaldigital.info\/wp-content\/uploads\/2024\/01\/oscar-pistorius.webp",1536,929,false]},"categories_names":{"4":{"name":"Universidades","link":"https:\/\/elregionaldigital.info\/?cat=4"}},"tags_names":[],"comments_number":"0","wpmagazine_modules_lite_featured_media_urls":{"thumbnail":["https:\/\/elregionaldigital.info\/wp-content\/uploads\/2024\/01\/oscar-pistorius-150x150.webp",150,150,true],"cvmm-medium":["https:\/\/elregionaldigital.info\/wp-content\/uploads\/2024\/01\/oscar-pistorius-300x300.webp",300,300,true],"cvmm-medium-plus":["https:\/\/elregionaldigital.info\/wp-content\/uploads\/2024\/01\/oscar-pistorius-305x207.webp",305,207,true],"cvmm-portrait":["https:\/\/elregionaldigital.info\/wp-content\/uploads\/2024\/01\/oscar-pistorius-400x600.webp",400,600,true],"cvmm-medium-square":["https:\/\/elregionaldigital.info\/wp-content\/uploads\/2024\/01\/oscar-pistorius-600x600.webp",600,600,true],"cvmm-large":["https:\/\/elregionaldigital.info\/wp-content\/uploads\/2024\/01\/oscar-pistorius-1024x929.webp",1024,929,true],"cvmm-small":["https:\/\/elregionaldigital.info\/wp-content\/uploads\/2024\/01\/oscar-pistorius-130x95.webp",130,95,true],"full":["https:\/\/elregionaldigital.info\/wp-content\/uploads\/2024\/01\/oscar-pistorius.webp",1536,929,false]},"_links":{"self":[{"href":"https:\/\/elregionaldigital.info\/index.php?rest_route=\/wp\/v2\/posts\/2104","targetHints":{"allow":["GET"]}}],"collection":[{"href":"https:\/\/elregionaldigital.info\/index.php?rest_route=\/wp\/v2\/posts"}],"about":[{"href":"https:\/\/elregionaldigital.info\/index.php?rest_route=\/wp\/v2\/types\/post"}],"author":[{"embeddable":true,"href":"https:\/\/elregionaldigital.info\/index.php?rest_route=\/wp\/v2\/users\/1"}],"replies":[{"embeddable":true,"href":"https:\/\/elregionaldigital.info\/index.php?rest_route=%2Fwp%2Fv2%2Fcomments&post=2104"}],"version-history":[{"count":1,"href":"https:\/\/elregionaldigital.info\/index.php?rest_route=\/wp\/v2\/posts\/2104\/revisions"}],"predecessor-version":[{"id":2106,"href":"https:\/\/elregionaldigital.info\/index.php?rest_route=\/wp\/v2\/posts\/2104\/revisions\/2106"}],"wp:featuredmedia":[{"embeddable":true,"href":"https:\/\/elregionaldigital.info\/index.php?rest_route=\/wp\/v2\/media\/2105"}],"wp:attachment":[{"href":"https:\/\/elregionaldigital.info\/index.php?rest_route=%2Fwp%2Fv2%2Fmedia&parent=2104"}],"wp:term":[{"taxonomy":"category","embeddable":true,"href":"https:\/\/elregionaldigital.info\/index.php?rest_route=%2Fwp%2Fv2%2Fcategories&post=2104"},{"taxonomy":"post_tag","embeddable":true,"href":"https:\/\/elregionaldigital.info\/index.php?rest_route=%2Fwp%2Fv2%2Ftags&post=2104"}],"curies":[{"name":"wp","href":"https:\/\/api.w.org\/{rel}","templated":true}]}}