{"id":2075,"date":"2023-12-27T16:04:00","date_gmt":"2023-12-27T16:04:00","guid":{"rendered":"http:\/\/elregionaldigital.info\/?p=2075"},"modified":"2023-12-29T04:08:40","modified_gmt":"2023-12-29T04:08:40","slug":"reportan-que-la-primera-actriz-silvia-pinal-se-encuentra-en-terapia-intensiva","status":"publish","type":"post","link":"https:\/\/elregionaldigital.info\/?p=2075","title":{"rendered":"Reportan que la primera actriz Silvia Pinal se encuentra en terapia intensiva"},"content":{"rendered":"\n<p>De acuerdo con el reporte del periodista de espect\u00e1culos Gustavo Adolfo Infante, la int\u00e9rprete de 92 a\u00f1os ingres\u00f3 a un hospital del sur de la Ciudad de M\u00e9xico el pasado 21 de diciembre<\/p>\n\n\n\n<p>DICIEMBRE 27, 2023<\/p>\n\n\n\n<figure class=\"wp-block-image size-large\"><img loading=\"lazy\" decoding=\"async\" width=\"1024\" height=\"576\" src=\"http:\/\/elregionaldigital.info\/wp-content\/uploads\/2023\/12\/la-diva-silvia-pinal-recibe-homenaje-en-el-palacio-de-bellas-artes-de-mexico-1-1024x576.webp\" alt=\"\" class=\"wp-image-2076\" srcset=\"https:\/\/elregionaldigital.info\/wp-content\/uploads\/2023\/12\/la-diva-silvia-pinal-recibe-homenaje-en-el-palacio-de-bellas-artes-de-mexico-1-1024x576.webp 1024w, https:\/\/elregionaldigital.info\/wp-content\/uploads\/2023\/12\/la-diva-silvia-pinal-recibe-homenaje-en-el-palacio-de-bellas-artes-de-mexico-1-300x169.webp 300w, https:\/\/elregionaldigital.info\/wp-content\/uploads\/2023\/12\/la-diva-silvia-pinal-recibe-homenaje-en-el-palacio-de-bellas-artes-de-mexico-1-768x432.webp 768w, https:\/\/elregionaldigital.info\/wp-content\/uploads\/2023\/12\/la-diva-silvia-pinal-recibe-homenaje-en-el-palacio-de-bellas-artes-de-mexico-1.webp 1536w\" sizes=\"auto, (max-width: 1024px) 100vw, 1024px\" \/><\/figure>\n\n\n\n<p>Este martes se report\u00f3 que la&nbsp;<a href=\"https:\/\/lopezdoriga.com\/?s=Silvia+Pinal\" target=\"_blank\" rel=\"noreferrer noopener\">primera actriz<\/a>&nbsp;<strong>Silvia Pinal<\/strong>&nbsp;se encuentra en terapia intensiva, pero estable.<\/p>\n\n\n\n<p>De acuerdo con el\u00a0<a href=\"https:\/\/twitter.com\/GAINFANTE\" target=\"_blank\" rel=\"noreferrer noopener\">periodista de espect\u00e1culos<\/a>\u00a0<strong>Gustavo Adolfo Infante<\/strong>, la int\u00e9rprete de 92 a\u00f1os ingres\u00f3 a un hospital del sur de la Ciudad de M\u00e9xico el pasado 21 de diciembre.<\/p>\n\n\n\n<blockquote class=\"wp-block-quote is-layout-flow wp-block-quote-is-layout-flow\">\n<p>Empez\u00f3 a no responder, do\u00f1a&nbsp;<strong>Silvia Pinal<\/strong>&nbsp;se empez\u00f3 a poner morada, no respiraba. Se la llevaron a un hospital del sur de la&nbsp;<strong>Ciudad de M\u00e9xico<\/strong>, y cuando lleg\u00f3 al hospital le tomaron los signos vitales, la respiraci\u00f3n, no estaba respirando ya. La tuvieron que meter de inmediato a terapia intensiva. Lleva seis d\u00edas do\u00f1a Silvia en terapia intensiva\u201d, expuso el periodista en una transmisi\u00f3n en vivo.<\/p>\n<\/blockquote>\n\n\n\n<p><strong>Infante Sea\u00f1ez<\/strong>&nbsp;expuso que no ha conseguido mayores detalles sobre el estado y las condiciones de la primera actriz, y revel\u00f3 que le lleg\u00f3 el reporte desde el 24 de diciembre, pero que no lo dio a conocer porque quer\u00eda corroborar la informaci\u00f3n.<\/p>\n\n\n\n<p><strong>Silvia Pinal<\/strong>, nacida el 12 de septiembre de 1931 en la ciudad de&nbsp;<strong>Guaymas<\/strong>,&nbsp;<strong>Sonora<\/strong>, es considerada una de las grandes de la \u00e9poca de oro del cine mexicano, al igual que Dolores del R\u00edo (1904-1983) y Mar\u00eda F\u00e9lix (1914-2002).<\/p>\n\n\n\n<p>Uno de los aspectos m\u00e1s impactantes de la carrera de Pinal, considerada como la&nbsp;<strong>\u00faltima diva del cine<\/strong>,&nbsp;<strong>radio<\/strong>,&nbsp;<strong>teatro<\/strong>&nbsp;y&nbsp;<strong>televisi\u00f3n mexicana<\/strong>,&nbsp;es su amplia interpretaci\u00f3n de papeles protagonistas y grandes personajes, en una industria en la que estos terminaban cuando las mujeres cumpl\u00edan 40 a\u00f1os.<\/p>\n\n\n\n<p>Pinal Hidalgo trabaj\u00f3 con el cineasta espa\u00f1ol Luis Bu\u00f1uel, con quien rod\u00f3 pel\u00edculas como \u201cViridiana\u201d (1961), \u201cEl \u00e1ngel exterminador\u201d (1962) y \u201cSim\u00f3n del desierto\u201d (1965).<\/p>\n\n\n\n<p>Ya en una edad m\u00e1s madura, Pinal tambi\u00e9n se convirti\u00f3 en una figura cercana para toda una nueva generaci\u00f3n de mexicanos cuando produjo y present\u00f3 la serie de antolog\u00eda \u201cMujer, casos de la vida real\u201d (1986-2007) en la televisi\u00f3n abierta de M\u00e9xico.<\/p>\n\n\n\n<p>Con informaci\u00f3n de L\u00f3pez-D\u00f3riga Digital<\/p>\n","protected":false},"excerpt":{"rendered":"<p>De acuerdo con el reporte del periodista de espect\u00e1culos Gustavo Adolfo Infante, la int\u00e9rprete de 92 a\u00f1os ingres\u00f3 a un hospital del sur de la Ciudad de M\u00e9xico el pasado 21 de diciembre DICIEMBRE 27, 2023 Este martes se report\u00f3 que la&nbsp;primera actriz&nbsp;Silvia Pinal&nbsp;se encuentra en terapia intensiva, pero estable. De acuerdo con el\u00a0periodista de [&hellip;]<\/p>\n","protected":false},"author":1,"featured_media":2076,"comment_status":"open","ping_status":"open","sticky":false,"template":"","format":"standard","meta":{"footnotes":""},"categories":[3],"tags":[],"class_list":["post-2075","post","type-post","status-publish","format-standard","has-post-thumbnail","hentry","category-entretenimiento"],"blog_post_layout_featured_media_urls":{"thumbnail":["https:\/\/elregionaldigital.info\/wp-content\/uploads\/2023\/12\/la-diva-silvia-pinal-recibe-homenaje-en-el-palacio-de-bellas-artes-de-mexico-1-150x150.webp",150,150,true],"full":["https:\/\/elregionaldigital.info\/wp-content\/uploads\/2023\/12\/la-diva-silvia-pinal-recibe-homenaje-en-el-palacio-de-bellas-artes-de-mexico-1.webp",1536,864,false]},"categories_names":{"3":{"name":"Entretenimiento","link":"https:\/\/elregionaldigital.info\/?cat=3"}},"tags_names":[],"comments_number":"0","wpmagazine_modules_lite_featured_media_urls":{"thumbnail":["https:\/\/elregionaldigital.info\/wp-content\/uploads\/2023\/12\/la-diva-silvia-pinal-recibe-homenaje-en-el-palacio-de-bellas-artes-de-mexico-1-150x150.webp",150,150,true],"cvmm-medium":["https:\/\/elregionaldigital.info\/wp-content\/uploads\/2023\/12\/la-diva-silvia-pinal-recibe-homenaje-en-el-palacio-de-bellas-artes-de-mexico-1-300x300.webp",300,300,true],"cvmm-medium-plus":["https:\/\/elregionaldigital.info\/wp-content\/uploads\/2023\/12\/la-diva-silvia-pinal-recibe-homenaje-en-el-palacio-de-bellas-artes-de-mexico-1-305x207.webp",305,207,true],"cvmm-portrait":["https:\/\/elregionaldigital.info\/wp-content\/uploads\/2023\/12\/la-diva-silvia-pinal-recibe-homenaje-en-el-palacio-de-bellas-artes-de-mexico-1-400x600.webp",400,600,true],"cvmm-medium-square":["https:\/\/elregionaldigital.info\/wp-content\/uploads\/2023\/12\/la-diva-silvia-pinal-recibe-homenaje-en-el-palacio-de-bellas-artes-de-mexico-1-600x600.webp",600,600,true],"cvmm-large":["https:\/\/elregionaldigital.info\/wp-content\/uploads\/2023\/12\/la-diva-silvia-pinal-recibe-homenaje-en-el-palacio-de-bellas-artes-de-mexico-1-1024x864.webp",1024,864,true],"cvmm-small":["https:\/\/elregionaldigital.info\/wp-content\/uploads\/2023\/12\/la-diva-silvia-pinal-recibe-homenaje-en-el-palacio-de-bellas-artes-de-mexico-1-130x95.webp",130,95,true],"full":["https:\/\/elregionaldigital.info\/wp-content\/uploads\/2023\/12\/la-diva-silvia-pinal-recibe-homenaje-en-el-palacio-de-bellas-artes-de-mexico-1.webp",1536,864,false]},"_links":{"self":[{"href":"https:\/\/elregionaldigital.info\/index.php?rest_route=\/wp\/v2\/posts\/2075","targetHints":{"allow":["GET"]}}],"collection":[{"href":"https:\/\/elregionaldigital.info\/index.php?rest_route=\/wp\/v2\/posts"}],"about":[{"href":"https:\/\/elregionaldigital.info\/index.php?rest_route=\/wp\/v2\/types\/post"}],"author":[{"embeddable":true,"href":"https:\/\/elregionaldigital.info\/index.php?rest_route=\/wp\/v2\/users\/1"}],"replies":[{"embeddable":true,"href":"https:\/\/elregionaldigital.info\/index.php?rest_route=%2Fwp%2Fv2%2Fcomments&post=2075"}],"version-history":[{"count":1,"href":"https:\/\/elregionaldigital.info\/index.php?rest_route=\/wp\/v2\/posts\/2075\/revisions"}],"predecessor-version":[{"id":2077,"href":"https:\/\/elregionaldigital.info\/index.php?rest_route=\/wp\/v2\/posts\/2075\/revisions\/2077"}],"wp:featuredmedia":[{"embeddable":true,"href":"https:\/\/elregionaldigital.info\/index.php?rest_route=\/wp\/v2\/media\/2076"}],"wp:attachment":[{"href":"https:\/\/elregionaldigital.info\/index.php?rest_route=%2Fwp%2Fv2%2Fmedia&parent=2075"}],"wp:term":[{"taxonomy":"category","embeddable":true,"href":"https:\/\/elregionaldigital.info\/index.php?rest_route=%2Fwp%2Fv2%2Fcategories&post=2075"},{"taxonomy":"post_tag","embeddable":true,"href":"https:\/\/elregionaldigital.info\/index.php?rest_route=%2Fwp%2Fv2%2Ftags&post=2075"}],"curies":[{"name":"wp","href":"https:\/\/api.w.org\/{rel}","templated":true}]}}