{"id":2050,"date":"2023-12-19T20:04:00","date_gmt":"2023-12-19T20:04:00","guid":{"rendered":"http:\/\/elregionaldigital.info\/?p=2050"},"modified":"2023-12-21T08:11:03","modified_gmt":"2023-12-21T08:11:03","slug":"entregan-el-premio-nacional-de-deportes-2023","status":"publish","type":"post","link":"https:\/\/elregionaldigital.info\/?p=2050","title":{"rendered":"Entregan el Premio Nacional de Deportes 2023"},"content":{"rendered":"\n<p>Este martes fueron reconocidos diversos atletas y deportistas&nbsp;con&nbsp;el&nbsp;Premio Nacional de Deportes 2023<\/p>\n\n\n\n<p>19 de diciembre de 2023\u00a0<\/p>\n\n\n\n<figure class=\"wp-block-image size-full\"><img loading=\"lazy\" decoding=\"async\" width=\"770\" height=\"485\" src=\"http:\/\/elregionaldigital.info\/wp-content\/uploads\/2023\/12\/eum20231219dep01_crop1703028573554.jpg_1970638775.webp\" alt=\"\" class=\"wp-image-2051\" srcset=\"https:\/\/elregionaldigital.info\/wp-content\/uploads\/2023\/12\/eum20231219dep01_crop1703028573554.jpg_1970638775.webp 770w, https:\/\/elregionaldigital.info\/wp-content\/uploads\/2023\/12\/eum20231219dep01_crop1703028573554.jpg_1970638775-300x189.webp 300w, https:\/\/elregionaldigital.info\/wp-content\/uploads\/2023\/12\/eum20231219dep01_crop1703028573554.jpg_1970638775-768x484.webp 768w\" sizes=\"auto, (max-width: 770px) 100vw, 770px\" \/><\/figure>\n\n\n\n<p><strong>Los mejores exponentes de M\u00e9xico fueron reconocidos este d\u00eda con el Premio Nacional de Deportes 2023.<\/strong><\/p>\n\n\n\n<p>Fue el presidente&nbsp;Andr\u00e9s Manuel L\u00f3pez Obrador quien le entreg\u00f3 este reconocimiento a los diferentes ganadores de cada categor\u00eda, los cuales se reunieron este martes en el Palacio Nacional de la Ciudad de M\u00e9xico.<\/p>\n\n\n\n<p>En esta ceremonia se congregaron deportistas ol\u00edmpicos y hasta pugilistas como Sa\u00fal \u201cCanelo\u201d \u00c1lvarez,\u00a0<strong>pero quien se rob\u00f3 los reflectores de nuevo fue Randy Arozarena<\/strong>, pelotero de grandes Ligas que form\u00f3 parte del equipo mexicano que gan\u00f3 este reconocimiento.<\/p>\n\n\n\n<p>\u201cEs un gran gesto que el pueblo mexicano me haya adoptado como su hijo y por eso siempre voy a estar para M\u00e9xico. Estoy muy agradecido con Dios y con la vida por tanto cari\u00f1o y amor que me han brindado\u201d.<\/p>\n\n\n\n<p>\u201c<strong>El beisbol es un deporte muy bonito que saca a los j\u00f3venes de los vicios, es un deporte que se juega en familia y eso te ayuda a ser mejor cada d\u00eda<\/strong>\u201d, coment\u00f3 el jugador de origen cubano.<\/p>\n\n\n\n<p>Randy y compa\u00f1\u00eda lograron esta distinci\u00f3n despu\u00e9s de que se quedaran con el tercer lugar del Cl\u00e1sico Mundial de Beisbol disputado en este a\u00f1o, logro in\u00e9dito para el deporte de nuestro pa\u00eds.<\/p>\n\n\n\n<p><strong>Deporte no profesional:<\/strong>&nbsp;Carlos Sansores, taekwondo.<\/p>\n\n\n\n<p><strong>Deporte no profesional:<\/strong>&nbsp;Ale Valencia, tiro con arco.<\/p>\n\n\n\n<p><strong>Deporte paral\u00edmpico:<\/strong>&nbsp;Arnulfo Castorena, para nataci\u00f3n.<\/p>\n\n\n\n<p><strong>Trayectoria profesional:<\/strong>&nbsp;Jorge Luis Mart\u00ednez, patinaje de velocidad.<\/p>\n\n\n\n<p><strong>Entrenador:<\/strong>&nbsp;Eddy Reynoso, boxeo (\u201cCanelo\u201d).<\/p>\n\n\n\n<p><strong>\u00c1rbitro:<\/strong>&nbsp;Blanca Casale, basquetbol.<\/p>\n\n\n\n<p><strong>Impulso al deporte profesional:<\/strong>&nbsp;Sedena<\/p>\n\n\n\n<p><strong>Deporte profesional:<\/strong>&nbsp;Selecci\u00f3n Mexicana de Beisbol<\/p>\n","protected":false},"excerpt":{"rendered":"<p>Este martes fueron reconocidos diversos atletas y deportistas&nbsp;con&nbsp;el&nbsp;Premio Nacional de Deportes 2023 19 de diciembre de 2023\u00a0 Los mejores exponentes de M\u00e9xico fueron reconocidos este d\u00eda con el Premio Nacional de Deportes 2023. Fue el presidente&nbsp;Andr\u00e9s Manuel L\u00f3pez Obrador quien le entreg\u00f3 este reconocimiento a los diferentes ganadores de cada categor\u00eda, los cuales se reunieron [&hellip;]<\/p>\n","protected":false},"author":1,"featured_media":2051,"comment_status":"open","ping_status":"open","sticky":false,"template":"","format":"standard","meta":{"footnotes":""},"categories":[6],"tags":[],"class_list":["post-2050","post","type-post","status-publish","format-standard","has-post-thumbnail","hentry","category-deportes"],"blog_post_layout_featured_media_urls":{"thumbnail":["https:\/\/elregionaldigital.info\/wp-content\/uploads\/2023\/12\/eum20231219dep01_crop1703028573554.jpg_1970638775-150x150.webp",150,150,true],"full":["https:\/\/elregionaldigital.info\/wp-content\/uploads\/2023\/12\/eum20231219dep01_crop1703028573554.jpg_1970638775.webp",770,485,false]},"categories_names":{"6":{"name":"Deportes","link":"https:\/\/elregionaldigital.info\/?cat=6"}},"tags_names":[],"comments_number":"0","wpmagazine_modules_lite_featured_media_urls":{"thumbnail":["https:\/\/elregionaldigital.info\/wp-content\/uploads\/2023\/12\/eum20231219dep01_crop1703028573554.jpg_1970638775-150x150.webp",150,150,true],"cvmm-medium":["https:\/\/elregionaldigital.info\/wp-content\/uploads\/2023\/12\/eum20231219dep01_crop1703028573554.jpg_1970638775-300x300.webp",300,300,true],"cvmm-medium-plus":["https:\/\/elregionaldigital.info\/wp-content\/uploads\/2023\/12\/eum20231219dep01_crop1703028573554.jpg_1970638775-305x207.webp",305,207,true],"cvmm-portrait":["https:\/\/elregionaldigital.info\/wp-content\/uploads\/2023\/12\/eum20231219dep01_crop1703028573554.jpg_1970638775-400x485.webp",400,485,true],"cvmm-medium-square":["https:\/\/elregionaldigital.info\/wp-content\/uploads\/2023\/12\/eum20231219dep01_crop1703028573554.jpg_1970638775-600x485.webp",600,485,true],"cvmm-large":["https:\/\/elregionaldigital.info\/wp-content\/uploads\/2023\/12\/eum20231219dep01_crop1703028573554.jpg_1970638775.webp",770,485,false],"cvmm-small":["https:\/\/elregionaldigital.info\/wp-content\/uploads\/2023\/12\/eum20231219dep01_crop1703028573554.jpg_1970638775-130x95.webp",130,95,true],"full":["https:\/\/elregionaldigital.info\/wp-content\/uploads\/2023\/12\/eum20231219dep01_crop1703028573554.jpg_1970638775.webp",770,485,false]},"_links":{"self":[{"href":"https:\/\/elregionaldigital.info\/index.php?rest_route=\/wp\/v2\/posts\/2050","targetHints":{"allow":["GET"]}}],"collection":[{"href":"https:\/\/elregionaldigital.info\/index.php?rest_route=\/wp\/v2\/posts"}],"about":[{"href":"https:\/\/elregionaldigital.info\/index.php?rest_route=\/wp\/v2\/types\/post"}],"author":[{"embeddable":true,"href":"https:\/\/elregionaldigital.info\/index.php?rest_route=\/wp\/v2\/users\/1"}],"replies":[{"embeddable":true,"href":"https:\/\/elregionaldigital.info\/index.php?rest_route=%2Fwp%2Fv2%2Fcomments&post=2050"}],"version-history":[{"count":1,"href":"https:\/\/elregionaldigital.info\/index.php?rest_route=\/wp\/v2\/posts\/2050\/revisions"}],"predecessor-version":[{"id":2052,"href":"https:\/\/elregionaldigital.info\/index.php?rest_route=\/wp\/v2\/posts\/2050\/revisions\/2052"}],"wp:featuredmedia":[{"embeddable":true,"href":"https:\/\/elregionaldigital.info\/index.php?rest_route=\/wp\/v2\/media\/2051"}],"wp:attachment":[{"href":"https:\/\/elregionaldigital.info\/index.php?rest_route=%2Fwp%2Fv2%2Fmedia&parent=2050"}],"wp:term":[{"taxonomy":"category","embeddable":true,"href":"https:\/\/elregionaldigital.info\/index.php?rest_route=%2Fwp%2Fv2%2Fcategories&post=2050"},{"taxonomy":"post_tag","embeddable":true,"href":"https:\/\/elregionaldigital.info\/index.php?rest_route=%2Fwp%2Fv2%2Ftags&post=2050"}],"curies":[{"name":"wp","href":"https:\/\/api.w.org\/{rel}","templated":true}]}}