{"id":2047,"date":"2023-12-18T19:57:00","date_gmt":"2023-12-18T19:57:00","guid":{"rendered":"http:\/\/elregionaldigital.info\/?p=2047"},"modified":"2023-12-21T08:02:28","modified_gmt":"2023-12-21T08:02:28","slug":"rector-damaso-anaya-transmite-mensaje-navideno-de-unidad-y-compromiso","status":"publish","type":"post","link":"https:\/\/elregionaldigital.info\/?p=2047","title":{"rendered":"Rector D\u00e1maso Anaya transmite mensaje navide\u00f1o de unidad y compromiso"},"content":{"rendered":"\n<figure class=\"wp-block-image size-large\"><img loading=\"lazy\" decoding=\"async\" width=\"1024\" height=\"576\" src=\"http:\/\/elregionaldigital.info\/wp-content\/uploads\/2023\/12\/1-37-1024x576.jpg\" alt=\"\" class=\"wp-image-2048\" srcset=\"https:\/\/elregionaldigital.info\/wp-content\/uploads\/2023\/12\/1-37-1024x576.jpg 1024w, https:\/\/elregionaldigital.info\/wp-content\/uploads\/2023\/12\/1-37-300x169.jpg 300w, https:\/\/elregionaldigital.info\/wp-content\/uploads\/2023\/12\/1-37-768x432.jpg 768w, https:\/\/elregionaldigital.info\/wp-content\/uploads\/2023\/12\/1-37-1536x865.jpg 1536w, https:\/\/elregionaldigital.info\/wp-content\/uploads\/2023\/12\/1-37-2048x1153.jpg 2048w\" sizes=\"auto, (max-width: 1024px) 100vw, 1024px\" \/><\/figure>\n\n\n\n<p>Ciudad Victoria, Tam.; 18 de diciembre de 2024.<br>Rector D\u00e1maso Anaya transmite mensaje navide\u00f1o de unidad y compromiso<\/p>\n\n\n\n<p>El Rector de la Universidad Aut\u00f3noma de Tamaulipas (UAT), MVZ D\u00e1maso<br>Leonardo Anaya Alvarado, comparti\u00f3 un mensaje navide\u00f1o desde el edificio de<br>rector\u00eda en Ciudad Victoria, en el que destac\u00f3 la importancia de la unidad y el<br>compromiso de toda la comunidad universitaria.<br>El mensaje fue grabado en compa\u00f1\u00eda de su esposa e hijos, as\u00ed como de<br>funcionarios de la administraci\u00f3n central, directores d diversas facultades,<br>unidades acad\u00e9micas y escuelas de la UAT en todo el estado.<br>En su calidad de l\u00edder de la UAT, el rector expres\u00f3 su mensaje a toda la<br>comunidad universitaria resaltando su profundo compromiso de guiar a la<br>instituci\u00f3n hacia una nueva etapa llena de oportunidades.<br>Agradeci\u00f3 a acad\u00e9micos, estudiantes y trabajadores universitarios por el<br>apoyo brindado y destac\u00f3 el papel fundamental que desempe\u00f1a la UAT en el<br>desarrollo de Tamaulipas.<br>El rector inst\u00f3 a la comunidad universitaria a trabajar en unidad por una<br>educaci\u00f3n que trascienda, dejando una huella significativa en las nuevas<br>generaciones. Subray\u00f3 que este periodo no solo representa un cambio de<br>liderazgo, sino tambi\u00e9n una oportunidad para consolidar fortalezas y superar<br>desaf\u00edos.<br>&#8220;Las fiestas decembrinas son la oportunidad propicia para reflexionar y<br>valorar la solidaridad como un motivo para avanzar como universitarios y fortalecer<br>la unidad en nuestras familias&#8221;, expres\u00f3 el rector.<br>Adem\u00e1s, extendi\u00f3 sus deseos de salud y felicidad a todas las familias de la<br>Universidad Aut\u00f3noma de Tamaulipas, deseando que la alegr\u00eda y la paz de la<br>Navidad prevalezcan en sus hogares y corazones.<\/p>\n\n\n\n<p>Concluy\u00f3 su mensaje con los mejores augurios para el pr\u00f3ximo a\u00f1o,<br>deseando un pr\u00f3spero 2024 para toda la comunidad universitaria. &#8220;Muchas<br>felicidades, Feliz Navidad&#8221;, afirm\u00f3 D\u00e1maso Anaya Alvarado en nombre de la<br>comunidad universitaria, su familia y en el suyo propio.<\/p>\n","protected":false},"excerpt":{"rendered":"<p>Ciudad Victoria, Tam.; 18 de diciembre de 2024.Rector D\u00e1maso Anaya transmite mensaje navide\u00f1o de unidad y compromiso El Rector de la Universidad Aut\u00f3noma de Tamaulipas (UAT), MVZ D\u00e1masoLeonardo Anaya Alvarado, comparti\u00f3 un mensaje navide\u00f1o desde el edificio derector\u00eda en Ciudad Victoria, en el que destac\u00f3 la importancia de la unidad y elcompromiso de toda la [&hellip;]<\/p>\n","protected":false},"author":1,"featured_media":2048,"comment_status":"open","ping_status":"open","sticky":false,"template":"","format":"standard","meta":{"footnotes":""},"categories":[4],"tags":[],"class_list":["post-2047","post","type-post","status-publish","format-standard","has-post-thumbnail","hentry","category-universidades"],"blog_post_layout_featured_media_urls":{"thumbnail":["https:\/\/elregionaldigital.info\/wp-content\/uploads\/2023\/12\/1-37-150x150.jpg",150,150,true],"full":["https:\/\/elregionaldigital.info\/wp-content\/uploads\/2023\/12\/1-37-scaled.jpg",2560,1441,false]},"categories_names":{"4":{"name":"Universidades","link":"https:\/\/elregionaldigital.info\/?cat=4"}},"tags_names":[],"comments_number":"0","wpmagazine_modules_lite_featured_media_urls":{"thumbnail":["https:\/\/elregionaldigital.info\/wp-content\/uploads\/2023\/12\/1-37-150x150.jpg",150,150,true],"cvmm-medium":["https:\/\/elregionaldigital.info\/wp-content\/uploads\/2023\/12\/1-37-300x300.jpg",300,300,true],"cvmm-medium-plus":["https:\/\/elregionaldigital.info\/wp-content\/uploads\/2023\/12\/1-37-305x207.jpg",305,207,true],"cvmm-portrait":["https:\/\/elregionaldigital.info\/wp-content\/uploads\/2023\/12\/1-37-400x600.jpg",400,600,true],"cvmm-medium-square":["https:\/\/elregionaldigital.info\/wp-content\/uploads\/2023\/12\/1-37-600x600.jpg",600,600,true],"cvmm-large":["https:\/\/elregionaldigital.info\/wp-content\/uploads\/2023\/12\/1-37-1024x1024.jpg",1024,1024,true],"cvmm-small":["https:\/\/elregionaldigital.info\/wp-content\/uploads\/2023\/12\/1-37-130x95.jpg",130,95,true],"full":["https:\/\/elregionaldigital.info\/wp-content\/uploads\/2023\/12\/1-37-scaled.jpg",2560,1441,false]},"_links":{"self":[{"href":"https:\/\/elregionaldigital.info\/index.php?rest_route=\/wp\/v2\/posts\/2047","targetHints":{"allow":["GET"]}}],"collection":[{"href":"https:\/\/elregionaldigital.info\/index.php?rest_route=\/wp\/v2\/posts"}],"about":[{"href":"https:\/\/elregionaldigital.info\/index.php?rest_route=\/wp\/v2\/types\/post"}],"author":[{"embeddable":true,"href":"https:\/\/elregionaldigital.info\/index.php?rest_route=\/wp\/v2\/users\/1"}],"replies":[{"embeddable":true,"href":"https:\/\/elregionaldigital.info\/index.php?rest_route=%2Fwp%2Fv2%2Fcomments&post=2047"}],"version-history":[{"count":1,"href":"https:\/\/elregionaldigital.info\/index.php?rest_route=\/wp\/v2\/posts\/2047\/revisions"}],"predecessor-version":[{"id":2049,"href":"https:\/\/elregionaldigital.info\/index.php?rest_route=\/wp\/v2\/posts\/2047\/revisions\/2049"}],"wp:featuredmedia":[{"embeddable":true,"href":"https:\/\/elregionaldigital.info\/index.php?rest_route=\/wp\/v2\/media\/2048"}],"wp:attachment":[{"href":"https:\/\/elregionaldigital.info\/index.php?rest_route=%2Fwp%2Fv2%2Fmedia&parent=2047"}],"wp:term":[{"taxonomy":"category","embeddable":true,"href":"https:\/\/elregionaldigital.info\/index.php?rest_route=%2Fwp%2Fv2%2Fcategories&post=2047"},{"taxonomy":"post_tag","embeddable":true,"href":"https:\/\/elregionaldigital.info\/index.php?rest_route=%2Fwp%2Fv2%2Ftags&post=2047"}],"curies":[{"name":"wp","href":"https:\/\/api.w.org\/{rel}","templated":true}]}}