{"id":2031,"date":"2023-12-13T12:35:00","date_gmt":"2023-12-13T12:35:00","guid":{"rendered":"http:\/\/elregionaldigital.info\/?p=2031"},"modified":"2023-12-16T00:40:58","modified_gmt":"2023-12-16T00:40:58","slug":"feliz-cumpleanos-taylor-swift-34-anos-y-todos-los-records","status":"publish","type":"post","link":"https:\/\/elregionaldigital.info\/?p=2031","title":{"rendered":"\u00a1Feliz cumplea\u00f1os, Taylor Swift! \u00a134 a\u00f1os y todos los r\u00e9cords!"},"content":{"rendered":"\n<p>Este fue un a\u00f1o especial para los swifties en todo el mundo<\/p>\n\n\n\n<p>13 de diciembre de 2023 &#8211;<\/p>\n\n\n\n<figure class=\"wp-block-image size-full\"><img loading=\"lazy\" decoding=\"async\" width=\"770\" height=\"485\" src=\"http:\/\/elregionaldigital.info\/wp-content\/uploads\/2023\/12\/rs161207_3303924-age-2019-12-15-17-49-167_crop1702493329301.jpg_1970638775.webp\" alt=\"\" class=\"wp-image-2032\" srcset=\"https:\/\/elregionaldigital.info\/wp-content\/uploads\/2023\/12\/rs161207_3303924-age-2019-12-15-17-49-167_crop1702493329301.jpg_1970638775.webp 770w, https:\/\/elregionaldigital.info\/wp-content\/uploads\/2023\/12\/rs161207_3303924-age-2019-12-15-17-49-167_crop1702493329301.jpg_1970638775-300x189.webp 300w, https:\/\/elregionaldigital.info\/wp-content\/uploads\/2023\/12\/rs161207_3303924-age-2019-12-15-17-49-167_crop1702493329301.jpg_1970638775-768x484.webp 768w\" sizes=\"auto, (max-width: 770px) 100vw, 770px\" \/><\/figure>\n\n\n\n<p>\u00a1Felices 34,&nbsp;<strong>Taylor Swift<\/strong>! La cantante, productora, actriz y empresaria estadounidense celebra su cumplea\u00f1os en&nbsp;<strong>este a\u00f1o que la corona como una de las mejores artistas de toda la historia.<\/strong>&nbsp;Desde sus humildes comienzos en 2006 hasta convertirse en una de las artistas m\u00e1s influyentes del mundo, repasaremos los logros extraordinarios que marcaron su a\u00f1o.<\/p>\n\n\n\n<p>Este a\u00f1o,<strong>\u00a0la revista Time la reconoci\u00f3 como Persona del A\u00f1o<\/strong>, un reflejo de su impacto y relevancia en la escena mundial.\u00a0<strong>La publicaci\u00f3n declar\u00f3 que no hab\u00eda persona en el mundo que influyera en m\u00e1s personas que la cantante originaria de Pensilvania.<\/strong><\/p>\n\n\n\n<p>A nivel econ\u00f3mico,\u00a0<strong>Taylor Swift\u00a0<\/strong>rompi\u00f3 todos los r\u00e9cords. Su gira\u00a0<strong><em>The Eras Tour<\/em>\u00a0gener\u00f3 una cifra de $2.200 millones en ventas de boletos tan solo en Estados Unidos.\u00a0<\/strong>El impacto total del tour fue estimado en\u00a0<strong>$4.600 millones<\/strong>, n\u00fameros sin precedentes para cualquier artista. Adem\u00e1s,\u00a0<strong>se coron\u00f3 como la artista del a\u00f1o en Apple Music y acumul\u00f3 26.100 millones de reproducciones en Spotify.<\/strong><\/p>\n\n\n\n<p>Sin embargo,\u00a0<strong>Taylor Swift\u00a0<\/strong>no solo domin\u00f3 las listas de reproducci\u00f3n, sino que tambi\u00e9n fue la cantante m\u00e1s relevante en los rankings de Billboard. Este a\u00f1o,<strong>\u00a0alcanz\u00f3 un r\u00e9cord de 12 \u00e1lbumes en el puesto n\u00famero 1.<\/strong>\u00a0Con ello, se uni\u00f3 a un exclusivo grupo de artistas que cuentan con\u00a0<strong>10 o m\u00e1s canciones n\u00famero uno en el Billboard Hot 100<\/strong>. Esta lista incluye leyendas musicales como\u00a0<strong>The Beatles, Mariah Carey y Rihanna<\/strong><\/p>\n\n\n\n<p>Su tour, con\u00a0<strong>151 espect\u00e1culos alrededor del mundo<\/strong>, se convirti\u00f3 en\u00a0<strong>la gira m\u00e1s recaudadora de la historia<\/strong>, superando todas las expectativas.<strong>\u00a0El tour cont\u00f3 con 71 espect\u00e1culos en Am\u00e9rica del Norte, 50 en Europa, 13 en Am\u00e9rica Latina, 10 en Asia y 7 en Ocean\u00eda<\/strong>. En alg\u00fan momento de la preventa de uno de sus conciertos, la demanda de boletos fue tan abrumadora que el sistema de\u00a0<strong>Ticketmaster\u00a0<\/strong>cay\u00f3, con m\u00e1s de 14 millones de fans buscando entradas; los due\u00f1os de la\u00a0plataforma hab\u00edan estimado que ser\u00edan solo 2 millones.<\/p>\n\n\n\n<p>Pero eso no fue todo. El impacto internacional de Taylor Swift no se detuvo en los conciertos. El lanzamiento de su pel\u00edcula&nbsp;<strong><em>&#8220;Taylor Swift: The Eras Tour&#8221;<\/em><\/strong>&nbsp;la posicion\u00f3 como<strong>&nbsp;la cantante con la pel\u00edcula de concierto m\u00e1s taquillera de la historia.<\/strong><\/p>\n\n\n\n<p>Por lo que podemos concluir, que en este a\u00f1o, fueron muchos los motivos para celebrar el universo swiftie.<\/p>\n","protected":false},"excerpt":{"rendered":"<p>Este fue un a\u00f1o especial para los swifties en todo el mundo 13 de diciembre de 2023 &#8211; \u00a1Felices 34,&nbsp;Taylor Swift! La cantante, productora, actriz y empresaria estadounidense celebra su cumplea\u00f1os en&nbsp;este a\u00f1o que la corona como una de las mejores artistas de toda la historia.&nbsp;Desde sus humildes comienzos en 2006 hasta convertirse en una [&hellip;]<\/p>\n","protected":false},"author":1,"featured_media":2032,"comment_status":"open","ping_status":"open","sticky":false,"template":"","format":"standard","meta":{"footnotes":""},"categories":[3],"tags":[],"class_list":["post-2031","post","type-post","status-publish","format-standard","has-post-thumbnail","hentry","category-entretenimiento"],"blog_post_layout_featured_media_urls":{"thumbnail":["https:\/\/elregionaldigital.info\/wp-content\/uploads\/2023\/12\/rs161207_3303924-age-2019-12-15-17-49-167_crop1702493329301.jpg_1970638775-150x150.webp",150,150,true],"full":["https:\/\/elregionaldigital.info\/wp-content\/uploads\/2023\/12\/rs161207_3303924-age-2019-12-15-17-49-167_crop1702493329301.jpg_1970638775.webp",770,485,false]},"categories_names":{"3":{"name":"Entretenimiento","link":"https:\/\/elregionaldigital.info\/?cat=3"}},"tags_names":[],"comments_number":"0","wpmagazine_modules_lite_featured_media_urls":{"thumbnail":["https:\/\/elregionaldigital.info\/wp-content\/uploads\/2023\/12\/rs161207_3303924-age-2019-12-15-17-49-167_crop1702493329301.jpg_1970638775-150x150.webp",150,150,true],"cvmm-medium":["https:\/\/elregionaldigital.info\/wp-content\/uploads\/2023\/12\/rs161207_3303924-age-2019-12-15-17-49-167_crop1702493329301.jpg_1970638775-300x300.webp",300,300,true],"cvmm-medium-plus":["https:\/\/elregionaldigital.info\/wp-content\/uploads\/2023\/12\/rs161207_3303924-age-2019-12-15-17-49-167_crop1702493329301.jpg_1970638775-305x207.webp",305,207,true],"cvmm-portrait":["https:\/\/elregionaldigital.info\/wp-content\/uploads\/2023\/12\/rs161207_3303924-age-2019-12-15-17-49-167_crop1702493329301.jpg_1970638775-400x485.webp",400,485,true],"cvmm-medium-square":["https:\/\/elregionaldigital.info\/wp-content\/uploads\/2023\/12\/rs161207_3303924-age-2019-12-15-17-49-167_crop1702493329301.jpg_1970638775-600x485.webp",600,485,true],"cvmm-large":["https:\/\/elregionaldigital.info\/wp-content\/uploads\/2023\/12\/rs161207_3303924-age-2019-12-15-17-49-167_crop1702493329301.jpg_1970638775.webp",770,485,false],"cvmm-small":["https:\/\/elregionaldigital.info\/wp-content\/uploads\/2023\/12\/rs161207_3303924-age-2019-12-15-17-49-167_crop1702493329301.jpg_1970638775-130x95.webp",130,95,true],"full":["https:\/\/elregionaldigital.info\/wp-content\/uploads\/2023\/12\/rs161207_3303924-age-2019-12-15-17-49-167_crop1702493329301.jpg_1970638775.webp",770,485,false]},"_links":{"self":[{"href":"https:\/\/elregionaldigital.info\/index.php?rest_route=\/wp\/v2\/posts\/2031","targetHints":{"allow":["GET"]}}],"collection":[{"href":"https:\/\/elregionaldigital.info\/index.php?rest_route=\/wp\/v2\/posts"}],"about":[{"href":"https:\/\/elregionaldigital.info\/index.php?rest_route=\/wp\/v2\/types\/post"}],"author":[{"embeddable":true,"href":"https:\/\/elregionaldigital.info\/index.php?rest_route=\/wp\/v2\/users\/1"}],"replies":[{"embeddable":true,"href":"https:\/\/elregionaldigital.info\/index.php?rest_route=%2Fwp%2Fv2%2Fcomments&post=2031"}],"version-history":[{"count":1,"href":"https:\/\/elregionaldigital.info\/index.php?rest_route=\/wp\/v2\/posts\/2031\/revisions"}],"predecessor-version":[{"id":2033,"href":"https:\/\/elregionaldigital.info\/index.php?rest_route=\/wp\/v2\/posts\/2031\/revisions\/2033"}],"wp:featuredmedia":[{"embeddable":true,"href":"https:\/\/elregionaldigital.info\/index.php?rest_route=\/wp\/v2\/media\/2032"}],"wp:attachment":[{"href":"https:\/\/elregionaldigital.info\/index.php?rest_route=%2Fwp%2Fv2%2Fmedia&parent=2031"}],"wp:term":[{"taxonomy":"category","embeddable":true,"href":"https:\/\/elregionaldigital.info\/index.php?rest_route=%2Fwp%2Fv2%2Fcategories&post=2031"},{"taxonomy":"post_tag","embeddable":true,"href":"https:\/\/elregionaldigital.info\/index.php?rest_route=%2Fwp%2Fv2%2Ftags&post=2031"}],"curies":[{"name":"wp","href":"https:\/\/api.w.org\/{rel}","templated":true}]}}