{"id":2019,"date":"2023-12-09T21:45:07","date_gmt":"2023-12-09T21:45:07","guid":{"rendered":"http:\/\/elregionaldigital.info\/?p=2019"},"modified":"2023-12-12T21:50:19","modified_gmt":"2023-12-12T21:50:19","slug":"lanzan-cover-de-ella-baila-sola-de-peso-pluma-en-frances-y-se-hace-viral","status":"publish","type":"post","link":"https:\/\/elregionaldigital.info\/?p=2019","title":{"rendered":"Lanzan cover de &#8216;Ella Baila Sola&#8217; de Peso Pluma en franc\u00e9s y se hace viral"},"content":{"rendered":"\n<p>El influencer\u00a0<strong>Dele\u00a0<\/strong>lanz\u00f3<strong>\u00a0el cover de &#8216;Ella Baila Sola&#8217;<\/strong>\u00a0de Peso Pluma y Eslab\u00f3n Armada en\u00a0<strong>franc\u00e9s\u00a0<\/strong>y no demor\u00f3 en hacerse\u00a0<strong>viral por todo el Internet<\/strong>.<\/p>\n\n\n\n<figure class=\"wp-block-image size-full\"><img loading=\"lazy\" decoding=\"async\" width=\"718\" height=\"452\" src=\"http:\/\/elregionaldigital.info\/wp-content\/uploads\/2023\/12\/peso_pluma_cover_francia_crop1702153815142.jpg_714059735.webp\" alt=\"\" class=\"wp-image-2020\" srcset=\"https:\/\/elregionaldigital.info\/wp-content\/uploads\/2023\/12\/peso_pluma_cover_francia_crop1702153815142.jpg_714059735.webp 718w, https:\/\/elregionaldigital.info\/wp-content\/uploads\/2023\/12\/peso_pluma_cover_francia_crop1702153815142.jpg_714059735-300x189.webp 300w\" sizes=\"auto, (max-width: 718px) 100vw, 718px\" \/><\/figure>\n\n\n\n<p>09 de Diciembre 2023<\/p>\n\n\n\n<p>Han pasado ocho meses desde que se estren\u00f3 \u2018<strong>Ella Baila Sola<\/strong>\u2019 y el tema<strong>&nbsp;sigue cosechando \u00e9xitos&nbsp;<\/strong>para Peso Pluma y Eslab\u00f3n Armado. Ahora,&nbsp;<strong>la canci\u00f3n volvi\u00f3 a ser popular<\/strong>&nbsp;entre los cibernautas gracias a&nbsp;<strong>un cover en franc\u00e9s<\/strong>&nbsp;que public\u00f3 recientemente el influencer&nbsp;<strong>DELE<\/strong>.<\/p>\n\n\n\n<p>\u201cBelle, elle sait qu\u2019elle est bonne, que tout le monde regarde comment elle danse \/\/ Je me rapproche et je commence \u00e1 lui draguer, on boit des verres sans but juste tentation \/\/ Je lui ai dit. Je vais conqu\u00e9rir ta famille dans quelques jours tu seras a moi \/\/ Elle m\u2019a dit que je suis fou mais qu\u2019elle aime ca, qu\u2019aucun mec n\u2019agit comme moi\u201d, dice<strong>\u00a0la canci\u00f3n en franc\u00e9s<\/strong>.<\/p>\n\n\n\n<p>El resultado no pas\u00f3 desapercibido para los cibernautas, quienes se dividieron en opiniones. Algunos de ellos consideran que\u00a0<a href=\"https:\/\/laverdadnoticias.com\/espectaculos\/Peso-Pluma-internacional-lanzan-cover-japones-de-Ella-Baila-Sola-20230516-0026.html\" target=\"_blank\" rel=\"noreferrer noopener\">la canci\u00f3n suena interesante en otro idioma que no es el espa\u00f1ol<\/a>\u00a0mientras que otros aseguran que\u00a0<strong>prefieren escuchar la versi\u00f3n original\u00a0<\/strong>que tanto suena en todos lados<\/p>\n\n\n\n<p>Adem\u00e1s de ser&nbsp;<a href=\"https:\/\/laverdadnoticias.com\/espectaculos\/Ella-Baila-Sola-de-Peso-Pluma-y-Eslabon-Armado-es-la-mejor-cancion-del-2023-20231202-0139.html\" target=\"_blank\" rel=\"noreferrer noopener\">la canci\u00f3n m\u00e1s escuchada del 2023<\/a>&nbsp;seg\u00fan la revista Rolling Stone,&nbsp;<strong>\u2018Ella Baila Sola\u2019 de Eslab\u00f3n Armado y Peso Pluma ha ingresado al Billions Club<\/strong>&nbsp;luego de superar los mil millones de reproducciones en Spotify, siendo la primera canci\u00f3n mexicana que ha podido lograrlo.<\/p>\n\n\n\n<p>\u201c\u00a1Ella Baila Sola de Eslab\u00f3n Armado &amp; Peso Pluma ha alcanzado oficialmente mil millones de reproducciones en Spotify! Esta es la primera canci\u00f3n de m\u00fasica mexicana en lograrlo\u201d, fue el mensaje que comparti\u00f3&nbsp;<strong>Spotify M\u00e9xico&nbsp;<\/strong>en Instagram para celebrar este nuevo record en la carrera del cantante jalisciense.<\/p>\n","protected":false},"excerpt":{"rendered":"<p>El influencer\u00a0Dele\u00a0lanz\u00f3\u00a0el cover de &#8216;Ella Baila Sola&#8217;\u00a0de Peso Pluma y Eslab\u00f3n Armada en\u00a0franc\u00e9s\u00a0y no demor\u00f3 en hacerse\u00a0viral por todo el Internet. 09 de Diciembre 2023 Han pasado ocho meses desde que se estren\u00f3 \u2018Ella Baila Sola\u2019 y el tema&nbsp;sigue cosechando \u00e9xitos&nbsp;para Peso Pluma y Eslab\u00f3n Armado. Ahora,&nbsp;la canci\u00f3n volvi\u00f3 a ser popular&nbsp;entre los cibernautas gracias [&hellip;]<\/p>\n","protected":false},"author":1,"featured_media":2020,"comment_status":"open","ping_status":"open","sticky":false,"template":"","format":"standard","meta":{"footnotes":""},"categories":[1],"tags":[],"class_list":["post-2019","post","type-post","status-publish","format-standard","has-post-thumbnail","hentry","category-sin-categoria"],"blog_post_layout_featured_media_urls":{"thumbnail":["https:\/\/elregionaldigital.info\/wp-content\/uploads\/2023\/12\/peso_pluma_cover_francia_crop1702153815142.jpg_714059735-150x150.webp",150,150,true],"full":["https:\/\/elregionaldigital.info\/wp-content\/uploads\/2023\/12\/peso_pluma_cover_francia_crop1702153815142.jpg_714059735.webp",718,452,false]},"categories_names":{"1":{"name":"Sin categor\u00eda","link":"https:\/\/elregionaldigital.info\/?cat=1"}},"tags_names":[],"comments_number":"0","wpmagazine_modules_lite_featured_media_urls":{"thumbnail":["https:\/\/elregionaldigital.info\/wp-content\/uploads\/2023\/12\/peso_pluma_cover_francia_crop1702153815142.jpg_714059735-150x150.webp",150,150,true],"cvmm-medium":["https:\/\/elregionaldigital.info\/wp-content\/uploads\/2023\/12\/peso_pluma_cover_francia_crop1702153815142.jpg_714059735-300x300.webp",300,300,true],"cvmm-medium-plus":["https:\/\/elregionaldigital.info\/wp-content\/uploads\/2023\/12\/peso_pluma_cover_francia_crop1702153815142.jpg_714059735-305x207.webp",305,207,true],"cvmm-portrait":["https:\/\/elregionaldigital.info\/wp-content\/uploads\/2023\/12\/peso_pluma_cover_francia_crop1702153815142.jpg_714059735-400x452.webp",400,452,true],"cvmm-medium-square":["https:\/\/elregionaldigital.info\/wp-content\/uploads\/2023\/12\/peso_pluma_cover_francia_crop1702153815142.jpg_714059735-600x452.webp",600,452,true],"cvmm-large":["https:\/\/elregionaldigital.info\/wp-content\/uploads\/2023\/12\/peso_pluma_cover_francia_crop1702153815142.jpg_714059735.webp",718,452,false],"cvmm-small":["https:\/\/elregionaldigital.info\/wp-content\/uploads\/2023\/12\/peso_pluma_cover_francia_crop1702153815142.jpg_714059735-130x95.webp",130,95,true],"full":["https:\/\/elregionaldigital.info\/wp-content\/uploads\/2023\/12\/peso_pluma_cover_francia_crop1702153815142.jpg_714059735.webp",718,452,false]},"_links":{"self":[{"href":"https:\/\/elregionaldigital.info\/index.php?rest_route=\/wp\/v2\/posts\/2019","targetHints":{"allow":["GET"]}}],"collection":[{"href":"https:\/\/elregionaldigital.info\/index.php?rest_route=\/wp\/v2\/posts"}],"about":[{"href":"https:\/\/elregionaldigital.info\/index.php?rest_route=\/wp\/v2\/types\/post"}],"author":[{"embeddable":true,"href":"https:\/\/elregionaldigital.info\/index.php?rest_route=\/wp\/v2\/users\/1"}],"replies":[{"embeddable":true,"href":"https:\/\/elregionaldigital.info\/index.php?rest_route=%2Fwp%2Fv2%2Fcomments&post=2019"}],"version-history":[{"count":1,"href":"https:\/\/elregionaldigital.info\/index.php?rest_route=\/wp\/v2\/posts\/2019\/revisions"}],"predecessor-version":[{"id":2021,"href":"https:\/\/elregionaldigital.info\/index.php?rest_route=\/wp\/v2\/posts\/2019\/revisions\/2021"}],"wp:featuredmedia":[{"embeddable":true,"href":"https:\/\/elregionaldigital.info\/index.php?rest_route=\/wp\/v2\/media\/2020"}],"wp:attachment":[{"href":"https:\/\/elregionaldigital.info\/index.php?rest_route=%2Fwp%2Fv2%2Fmedia&parent=2019"}],"wp:term":[{"taxonomy":"category","embeddable":true,"href":"https:\/\/elregionaldigital.info\/index.php?rest_route=%2Fwp%2Fv2%2Fcategories&post=2019"},{"taxonomy":"post_tag","embeddable":true,"href":"https:\/\/elregionaldigital.info\/index.php?rest_route=%2Fwp%2Fv2%2Ftags&post=2019"}],"curies":[{"name":"wp","href":"https:\/\/api.w.org\/{rel}","templated":true}]}}