{"id":1996,"date":"2023-12-03T19:01:00","date_gmt":"2023-12-03T19:01:00","guid":{"rendered":"http:\/\/elregionaldigital.info\/?p=1996"},"modified":"2023-12-04T07:02:57","modified_gmt":"2023-12-04T07:02:57","slug":"reconoce-dif-tamaulipas-labor-de-comites-de-padres-y-madres-de-familia-del-programa-desayunos-escolares-en-todo-el-estado","status":"publish","type":"post","link":"https:\/\/elregionaldigital.info\/?p=1996","title":{"rendered":"Reconoce DIF Tamaulipas labor de comit\u00e9s de padres y madres de familia del programa \u201cDesayunos Escolares\u201d en todo el estado"},"content":{"rendered":"\n<p>Adem\u00e1s inici\u00f3 la entrega de 105 mil 225 dotaciones de Desayuno en Navidad para igual n\u00famero de beneficiarios<\/p>\n\n\n\n<figure class=\"wp-block-image size-large\"><img loading=\"lazy\" decoding=\"async\" width=\"1024\" height=\"637\" src=\"http:\/\/elregionaldigital.info\/wp-content\/uploads\/2023\/12\/6091c485-f255-4497-a1bd-a5bb8857d180-1024x637.webp\" alt=\"\" class=\"wp-image-1997\" srcset=\"https:\/\/elregionaldigital.info\/wp-content\/uploads\/2023\/12\/6091c485-f255-4497-a1bd-a5bb8857d180-1024x637.webp 1024w, https:\/\/elregionaldigital.info\/wp-content\/uploads\/2023\/12\/6091c485-f255-4497-a1bd-a5bb8857d180-300x187.webp 300w, https:\/\/elregionaldigital.info\/wp-content\/uploads\/2023\/12\/6091c485-f255-4497-a1bd-a5bb8857d180-768x478.webp 768w, https:\/\/elregionaldigital.info\/wp-content\/uploads\/2023\/12\/6091c485-f255-4497-a1bd-a5bb8857d180-1536x955.webp 1536w, https:\/\/elregionaldigital.info\/wp-content\/uploads\/2023\/12\/6091c485-f255-4497-a1bd-a5bb8857d180.webp 1600w\" sizes=\"auto, (max-width: 1024px) 100vw, 1024px\" \/><\/figure>\n\n\n\n<p>03 diciembre 2023<\/p>\n\n\n\n<p>A trav\u00e9s de la Direcci\u00f3n de Programas Alimentarios, el Sistema DIF Tamaulipas que preside la doctora Mar\u00eda de Villarreal, inici\u00f3 la entrega de m\u00e1s de 105 mil dotaciones de desayuno en navidad para los alumnos de educaci\u00f3n b\u00e1sica de los 43 municipios de la entidad, para que en el periodo vacacional de invierno sigan contando con alimentos nutritivos.<\/p>\n\n\n\n<p>En el evento desarrollado en las instalaciones de la Escuela Secundaria General N\u00famero 5 de esta ciudad, se aprovech\u00f3 la ocasi\u00f3n para reconocer p\u00fablicamente a los comit\u00e9s de padres y madres de familia que diariamente preparan y distribuyen los desayunos escolares para sus hijos, dicho reconocimiento incluy\u00f3 un cheque nominativo que sirve de motivaci\u00f3n para seguir desarrollando su noble labor de proporcionar alimentos calientes y nutritivos a los alumnos.<\/p>\n\n\n\n<p>\u201cValoro mucho la participaci\u00f3n de todos ustedes, es muy importante que siempre nos demos el tiempo de compartir el periodo escolar de nuestros hijos, adem\u00e1s es sumamente valioso que ustedes participen en los comit\u00e9s de desayunos escolares y que lo hagan con gusto; y esto que hoy les otorgamos por parte nuestra y del gobernador del Estado, es un reconocimiento por su labor que realizan todos los d\u00edas\u201d, les dijo Mar\u00eda de Villarreal a los presentes.<\/p>\n\n\n\n<p>El reconocimiento por este quehacer, se hace entrega a 8 mil 66 integrantes de los 2 mil 180 comit\u00e9s de desayunos escolares que existen actualmente en el estado, y esta es la primera ocasi\u00f3n en que se realiza este tipo de est\u00edmulo econ\u00f3mico a cada uno de ellos.<\/p>\n","protected":false},"excerpt":{"rendered":"<p>Adem\u00e1s inici\u00f3 la entrega de 105 mil 225 dotaciones de Desayuno en Navidad para igual n\u00famero de beneficiarios 03 diciembre 2023 A trav\u00e9s de la Direcci\u00f3n de Programas Alimentarios, el Sistema DIF Tamaulipas que preside la doctora Mar\u00eda de Villarreal, inici\u00f3 la entrega de m\u00e1s de 105 mil dotaciones de desayuno en navidad para los [&hellip;]<\/p>\n","protected":false},"author":1,"featured_media":1997,"comment_status":"open","ping_status":"open","sticky":false,"template":"","format":"standard","meta":{"footnotes":""},"categories":[2],"tags":[],"class_list":["post-1996","post","type-post","status-publish","format-standard","has-post-thumbnail","hentry","category-tamaulipas"],"blog_post_layout_featured_media_urls":{"thumbnail":["https:\/\/elregionaldigital.info\/wp-content\/uploads\/2023\/12\/6091c485-f255-4497-a1bd-a5bb8857d180-150x150.webp",150,150,true],"full":["https:\/\/elregionaldigital.info\/wp-content\/uploads\/2023\/12\/6091c485-f255-4497-a1bd-a5bb8857d180.webp",1600,995,false]},"categories_names":{"2":{"name":"Tamaulipas","link":"https:\/\/elregionaldigital.info\/?cat=2"}},"tags_names":[],"comments_number":"0","wpmagazine_modules_lite_featured_media_urls":{"thumbnail":["https:\/\/elregionaldigital.info\/wp-content\/uploads\/2023\/12\/6091c485-f255-4497-a1bd-a5bb8857d180-150x150.webp",150,150,true],"cvmm-medium":["https:\/\/elregionaldigital.info\/wp-content\/uploads\/2023\/12\/6091c485-f255-4497-a1bd-a5bb8857d180-300x300.webp",300,300,true],"cvmm-medium-plus":["https:\/\/elregionaldigital.info\/wp-content\/uploads\/2023\/12\/6091c485-f255-4497-a1bd-a5bb8857d180-305x207.webp",305,207,true],"cvmm-portrait":["https:\/\/elregionaldigital.info\/wp-content\/uploads\/2023\/12\/6091c485-f255-4497-a1bd-a5bb8857d180-400x600.webp",400,600,true],"cvmm-medium-square":["https:\/\/elregionaldigital.info\/wp-content\/uploads\/2023\/12\/6091c485-f255-4497-a1bd-a5bb8857d180-600x600.webp",600,600,true],"cvmm-large":["https:\/\/elregionaldigital.info\/wp-content\/uploads\/2023\/12\/6091c485-f255-4497-a1bd-a5bb8857d180-1024x995.webp",1024,995,true],"cvmm-small":["https:\/\/elregionaldigital.info\/wp-content\/uploads\/2023\/12\/6091c485-f255-4497-a1bd-a5bb8857d180-130x95.webp",130,95,true],"full":["https:\/\/elregionaldigital.info\/wp-content\/uploads\/2023\/12\/6091c485-f255-4497-a1bd-a5bb8857d180.webp",1600,995,false]},"_links":{"self":[{"href":"https:\/\/elregionaldigital.info\/index.php?rest_route=\/wp\/v2\/posts\/1996","targetHints":{"allow":["GET"]}}],"collection":[{"href":"https:\/\/elregionaldigital.info\/index.php?rest_route=\/wp\/v2\/posts"}],"about":[{"href":"https:\/\/elregionaldigital.info\/index.php?rest_route=\/wp\/v2\/types\/post"}],"author":[{"embeddable":true,"href":"https:\/\/elregionaldigital.info\/index.php?rest_route=\/wp\/v2\/users\/1"}],"replies":[{"embeddable":true,"href":"https:\/\/elregionaldigital.info\/index.php?rest_route=%2Fwp%2Fv2%2Fcomments&post=1996"}],"version-history":[{"count":1,"href":"https:\/\/elregionaldigital.info\/index.php?rest_route=\/wp\/v2\/posts\/1996\/revisions"}],"predecessor-version":[{"id":1998,"href":"https:\/\/elregionaldigital.info\/index.php?rest_route=\/wp\/v2\/posts\/1996\/revisions\/1998"}],"wp:featuredmedia":[{"embeddable":true,"href":"https:\/\/elregionaldigital.info\/index.php?rest_route=\/wp\/v2\/media\/1997"}],"wp:attachment":[{"href":"https:\/\/elregionaldigital.info\/index.php?rest_route=%2Fwp%2Fv2%2Fmedia&parent=1996"}],"wp:term":[{"taxonomy":"category","embeddable":true,"href":"https:\/\/elregionaldigital.info\/index.php?rest_route=%2Fwp%2Fv2%2Fcategories&post=1996"},{"taxonomy":"post_tag","embeddable":true,"href":"https:\/\/elregionaldigital.info\/index.php?rest_route=%2Fwp%2Fv2%2Ftags&post=1996"}],"curies":[{"name":"wp","href":"https:\/\/api.w.org\/{rel}","templated":true}]}}