{"id":1990,"date":"2023-12-02T18:53:00","date_gmt":"2023-12-02T18:53:00","guid":{"rendered":"http:\/\/elregionaldigital.info\/?p=1990"},"modified":"2023-12-04T06:55:33","modified_gmt":"2023-12-04T06:55:33","slug":"estudia-uat-poblaciones-de-jaguar-en-corredor-biologico-tamaulipeco","status":"publish","type":"post","link":"https:\/\/elregionaldigital.info\/?p=1990","title":{"rendered":"Estudia UAT poblaciones de jaguar en corredor biol\u00f3gico tamaulipeco"},"content":{"rendered":"\n<figure class=\"wp-block-image size-large\"><img loading=\"lazy\" decoding=\"async\" width=\"1024\" height=\"688\" src=\"http:\/\/elregionaldigital.info\/wp-content\/uploads\/2023\/12\/3-16-1024x688.jpg\" alt=\"\" class=\"wp-image-1991\" srcset=\"https:\/\/elregionaldigital.info\/wp-content\/uploads\/2023\/12\/3-16-1024x688.jpg 1024w, https:\/\/elregionaldigital.info\/wp-content\/uploads\/2023\/12\/3-16-300x201.jpg 300w, https:\/\/elregionaldigital.info\/wp-content\/uploads\/2023\/12\/3-16-768x516.jpg 768w, https:\/\/elregionaldigital.info\/wp-content\/uploads\/2023\/12\/3-16-1536x1031.jpg 1536w, https:\/\/elregionaldigital.info\/wp-content\/uploads\/2023\/12\/3-16.jpg 2048w\" sizes=\"auto, (max-width: 1024px) 100vw, 1024px\" \/><\/figure>\n\n\n\n<p>Ciudad Victoria, Tam.; 2 de diciembre de 2023.<br><\/p>\n\n\n\n<p>La Universidad Aut\u00f3noma de Tamaulipas (UAT) realiza un estudio para identificar<br>las poblaciones de jaguar que existen en el corredor biol\u00f3gico el Cielo-Sierra de<br>Tamalave, trabajo que tiene tambi\u00e9n como prop\u00f3sito preservar la especie, as\u00ed<br>como los recursos naturales asociados a esta zona.<br>El estudio corresponde a la tesis de maestr\u00eda denominada \u201cDensidad y<br>patr\u00f3n de actividad de Panthera onca en el corredor biol\u00f3gico el Cielo-Sierra de<br>Tamalave, Tamaulipas, M\u00e9xico\u201d, del Bi\u00f3logo Zavdiel Alfonso Manuel de la Rosa.<br>Dicho trabajo es asesorado por el Dr. Leroy Soria D\u00edaz, y se desprende de<br>su l\u00ednea de investigaci\u00f3n \u201cLos Carn\u00edvoros Silvestres de la Reserva de la Biosfera<br>el Cielo, Tamaulipas, Estudio Poblacional e Interacciones Temporales y<br>Espaciales\u201d.<br>En el marco del 14 Seminario de Investigaci\u00f3n del Posgrado que organiz\u00f3<br>el Instituto de Ecolog\u00eda Aplicada de la UAT, el estudiante de la Maestr\u00eda en<br>Aprovechamiento Sostenible de los Recursos Naturales present\u00f3 su trabajo<br>destacando la importancia en la poca exploraci\u00f3n que tiene la zona a<br>monitorearse.<br>Dijo que los n\u00fameros poblacionales de la especie han disminuido en el<br>estado, en gran medida por el conflicto con las comunidades que ven afectados<br>sus hatos ganaderos.<br>Se\u00f1al\u00f3 que, entre los objetivos de la investigaci\u00f3n, se pretende estimar la<br>densidad del jaguar utilizando c\u00e1maras trampa, que permiten monitorear<br>mam\u00edferos, medianos y grandes, y conocer diversos aspectos en su ecolog\u00eda.<\/p>\n\n\n\n<p>A\u00f1adi\u00f3 que tambi\u00e9n se busca calcular la abundancia relativa del jaguar y de<br>sus presas potenciales, aunado al ganado, para saber si existe una relaci\u00f3n entre<br>ellas.<br>Explic\u00f3 que las c\u00e1maras son un m\u00e9todo no invasivo, que, en conjunto con<br>modelos de captura y recaptura, sirven para obtener n\u00fameros poblacionales del<br>jaguar mucho m\u00e1s cercanos a la realidad.<br>\u201cEs importante porque la conservaci\u00f3n de jaguar no debe estar restringida a<br>las \u00e1reas naturales protegidas. Sino que debe estar tambi\u00e9n colindada a la<br>conservaci\u00f3n de los corredores biol\u00f3gicos, esto radica en la necesidad que tiene el<br>felino, en utilizar distintos sitios que est\u00e1n interconectados entre s\u00ed, dado el h\u00e1bito<br>hogare\u00f1o y \u00e1rea de acci\u00f3n muy grande que tiene este carn\u00edvoro\u201d, indic\u00f3.<br>Ilustr\u00f3 que la presencia del jaguar es un indicador de conservaci\u00f3n en las<br>zonas en donde habita, de ah\u00ed la importancia de preservar la especie y los<br>recursos a su alrededor.<br>\u201cDiversos investigadores mencionan que la baja diversidad y abundancia de<br>las presas propician el conflicto humano-jaguar. Dicha problem\u00e1tica ya ha sido<br>reportada antes para la reserva de la biosfera El Cielo\u201d, apunt\u00f3.<br>\u201cAqu\u00ed es donde radica la importancia de esta investigaci\u00f3n, ya que se van a<br>generar nuevos aspectos ecol\u00f3gicos, nueva informaci\u00f3n, que nos ayude a generar<br>planes y estrategias en conjunto con todos los actores participantes del proyecto<br>para, no solo conservar el jaguar, sino a su h\u00e1bitat, y con ello buscar impulsar la<br>armon\u00eda entre nuestras actividades y la fauna silvestre\u201d, subray\u00f3.<br>Puntualiz\u00f3 que el muestreo se va a realizar durante un a\u00f1o, en el corredor<br>biol\u00f3gico el Cielo-Sierra de Tamalave, Tamaulipas, que comprende los municipios<br>de Nuevo Morelos, Antiguo Morelos, Ocampo y G\u00f3mez farias, donde se instalar\u00e1n<br>64 estaciones de monitoreo doble.<\/p>\n","protected":false},"excerpt":{"rendered":"<p>Ciudad Victoria, Tam.; 2 de diciembre de 2023. La Universidad Aut\u00f3noma de Tamaulipas (UAT) realiza un estudio para identificarlas poblaciones de jaguar que existen en el corredor biol\u00f3gico el Cielo-Sierra deTamalave, trabajo que tiene tambi\u00e9n como prop\u00f3sito preservar la especie, as\u00edcomo los recursos naturales asociados a esta zona.El estudio corresponde a la tesis de maestr\u00eda [&hellip;]<\/p>\n","protected":false},"author":1,"featured_media":1991,"comment_status":"open","ping_status":"open","sticky":false,"template":"","format":"standard","meta":{"footnotes":""},"categories":[4],"tags":[],"class_list":["post-1990","post","type-post","status-publish","format-standard","has-post-thumbnail","hentry","category-universidades"],"blog_post_layout_featured_media_urls":{"thumbnail":["https:\/\/elregionaldigital.info\/wp-content\/uploads\/2023\/12\/3-16-150x150.jpg",150,150,true],"full":["https:\/\/elregionaldigital.info\/wp-content\/uploads\/2023\/12\/3-16.jpg",2048,1375,false]},"categories_names":{"4":{"name":"Universidades","link":"https:\/\/elregionaldigital.info\/?cat=4"}},"tags_names":[],"comments_number":"0","wpmagazine_modules_lite_featured_media_urls":{"thumbnail":["https:\/\/elregionaldigital.info\/wp-content\/uploads\/2023\/12\/3-16-150x150.jpg",150,150,true],"cvmm-medium":["https:\/\/elregionaldigital.info\/wp-content\/uploads\/2023\/12\/3-16-300x300.jpg",300,300,true],"cvmm-medium-plus":["https:\/\/elregionaldigital.info\/wp-content\/uploads\/2023\/12\/3-16-305x207.jpg",305,207,true],"cvmm-portrait":["https:\/\/elregionaldigital.info\/wp-content\/uploads\/2023\/12\/3-16-400x600.jpg",400,600,true],"cvmm-medium-square":["https:\/\/elregionaldigital.info\/wp-content\/uploads\/2023\/12\/3-16-600x600.jpg",600,600,true],"cvmm-large":["https:\/\/elregionaldigital.info\/wp-content\/uploads\/2023\/12\/3-16-1024x1024.jpg",1024,1024,true],"cvmm-small":["https:\/\/elregionaldigital.info\/wp-content\/uploads\/2023\/12\/3-16-130x95.jpg",130,95,true],"full":["https:\/\/elregionaldigital.info\/wp-content\/uploads\/2023\/12\/3-16.jpg",2048,1375,false]},"_links":{"self":[{"href":"https:\/\/elregionaldigital.info\/index.php?rest_route=\/wp\/v2\/posts\/1990","targetHints":{"allow":["GET"]}}],"collection":[{"href":"https:\/\/elregionaldigital.info\/index.php?rest_route=\/wp\/v2\/posts"}],"about":[{"href":"https:\/\/elregionaldigital.info\/index.php?rest_route=\/wp\/v2\/types\/post"}],"author":[{"embeddable":true,"href":"https:\/\/elregionaldigital.info\/index.php?rest_route=\/wp\/v2\/users\/1"}],"replies":[{"embeddable":true,"href":"https:\/\/elregionaldigital.info\/index.php?rest_route=%2Fwp%2Fv2%2Fcomments&post=1990"}],"version-history":[{"count":1,"href":"https:\/\/elregionaldigital.info\/index.php?rest_route=\/wp\/v2\/posts\/1990\/revisions"}],"predecessor-version":[{"id":1992,"href":"https:\/\/elregionaldigital.info\/index.php?rest_route=\/wp\/v2\/posts\/1990\/revisions\/1992"}],"wp:featuredmedia":[{"embeddable":true,"href":"https:\/\/elregionaldigital.info\/index.php?rest_route=\/wp\/v2\/media\/1991"}],"wp:attachment":[{"href":"https:\/\/elregionaldigital.info\/index.php?rest_route=%2Fwp%2Fv2%2Fmedia&parent=1990"}],"wp:term":[{"taxonomy":"category","embeddable":true,"href":"https:\/\/elregionaldigital.info\/index.php?rest_route=%2Fwp%2Fv2%2Fcategories&post=1990"},{"taxonomy":"post_tag","embeddable":true,"href":"https:\/\/elregionaldigital.info\/index.php?rest_route=%2Fwp%2Fv2%2Ftags&post=1990"}],"curies":[{"name":"wp","href":"https:\/\/api.w.org\/{rel}","templated":true}]}}