{"id":1984,"date":"2023-11-30T18:48:00","date_gmt":"2023-11-30T18:48:00","guid":{"rendered":"http:\/\/elregionaldigital.info\/?p=1984"},"modified":"2023-12-04T06:50:23","modified_gmt":"2023-12-04T06:50:23","slug":"disenan-en-la-uat-camara-que-estudia-la-germinacion-de-semillas-y-el-desarrollo-de-plantas","status":"publish","type":"post","link":"https:\/\/elregionaldigital.info\/?p=1984","title":{"rendered":"Dise\u00f1an en la UAT c\u00e1mara que estudia la germinaci\u00f3n de semillas y el desarrollo de plantas"},"content":{"rendered":"\n<figure class=\"wp-block-image size-large\"><img loading=\"lazy\" decoding=\"async\" width=\"1024\" height=\"683\" src=\"http:\/\/elregionaldigital.info\/wp-content\/uploads\/2023\/12\/1-17-1024x683.jpg\" alt=\"\" class=\"wp-image-1985\" srcset=\"https:\/\/elregionaldigital.info\/wp-content\/uploads\/2023\/12\/1-17-1024x683.jpg 1024w, https:\/\/elregionaldigital.info\/wp-content\/uploads\/2023\/12\/1-17-300x200.jpg 300w, https:\/\/elregionaldigital.info\/wp-content\/uploads\/2023\/12\/1-17-768x512.jpg 768w, https:\/\/elregionaldigital.info\/wp-content\/uploads\/2023\/12\/1-17-1536x1025.jpg 1536w, https:\/\/elregionaldigital.info\/wp-content\/uploads\/2023\/12\/1-17.jpg 2048w\" sizes=\"auto, (max-width: 1024px) 100vw, 1024px\" \/><\/figure>\n\n\n\n<p>Ciudad Victoria, Tam.; 30 de noviembre de 2023.<br><\/p>\n\n\n\n<p>En un destacado avance cient\u00edfico, estudiantes e investigadores de la Universidad<br>Aut\u00f3noma de Tamaulipas (UAT) han desarrollado una c\u00e1mara inteligente para el<br>estudio de la germinaci\u00f3n de semillas y el crecimiento de las plantas.<br>El proyecto, liderado por Ram\u00f3n Alejandro Escobedo Rocha y Carlos<br>Armando R\u00edos Villanueva, estudiantes de la carrera de Ingenier\u00eda en Telem\u00e1tica<br>de la Facultad de Ingenier\u00eda y Ciencias (FIC) de la UAT, cuenta con la asesor\u00eda del<br>Profesor Jos\u00e9 Ram\u00f3n Mart\u00ednez Angulo.<br>En una entrevista exclusiva, los creadores del proyecto explican que esta<br>c\u00e1mara de experimentaci\u00f3n automatizada para ambientes controlados utiliza<br>sensores de monitoreo para par\u00e1metros cruciales como temperatura, humedad,<br>di\u00f3xido de carbono, entre otros.<br>Estos sensores recopilan y suministran datos al sistema para el control del<br>ambiente dentro de la c\u00e1mara. Los datos son posteriormente almacenados en una<br>memoria de expansi\u00f3n externa interconectada y enviados v\u00eda Bluetooth a una<br>computadora para su procesamiento y an\u00e1lisis.<br>Los estudiantes se\u00f1alan que, a pesar de la existencia de diversos sistemas<br>de c\u00e1maras con simulaci\u00f3n de ambientes controlados, pocos abordan tecnolog\u00edas<br>de control y monitoreo en laboratorio para aplicaciones espec\u00edficas como esta.<br>El proyecto propone la utilizaci\u00f3n del Internet de las Cosas en conjunto con<br>sistemas inform\u00e1ticos para la construcci\u00f3n de una c\u00e1mara inteligente que permita<br>el monitoreo y control de un ambiente en laboratorios como equipo de<br>experimentaci\u00f3n para estudios de germinaci\u00f3n de semillas, as\u00ed como el<br>crecimiento y desarrollo de plantas.<\/p>\n\n\n\n<p>El dise\u00f1o se basa en tecnolog\u00edas electr\u00f3nicas comerciales de bajo costo,<br>incluyendo microcontroladores como unidad de procesamiento, sensores y<br>actuadores para el monitoreo y control eficiente.<br>Esto no solo permite estudiar el cuidado de recursos, sino que tambi\u00e9n se<br>alinea con los Objetivos de Desarrollo Sostenible, como construir infraestructuras<br>resilientes, promover la industrializaci\u00f3n, fomentar la innovaci\u00f3n y gestionar<br>sosteniblemente los bosques, luchar contra la desertificaci\u00f3n, detener la<br>degradaci\u00f3n de las tierras y la p\u00e9rdida de biodiversidad.<br>El proyecto de los estudiantes de la UAT obtuvo el segundo lugar en la<br>Feria de Ciencias e Ingenier\u00edas Tamaulipas 2023, organizada por el Consejo<br>Tamaulipeco de Ciencia y Tecnolog\u00eda (COTACYT).<br>Con miras al futuro, los universitarios ya se preparan para mejorar este<br>prototipo, pues han logrado obtener su participaci\u00f3n en la Feria Mexicana de<br>Ciencias e Ingenier\u00edas (FEMECI) 2024, que se llevar\u00e1 a cabo en Aguascalientes<br>en el mes de febrero.<br>Este proyecto no solo destaca la excelencia acad\u00e9mica de la UAT, sino que<br>tambi\u00e9n resalta la importancia multidisciplinaria que fusiona conocimientos de la<br>ingenier\u00eda, la telem\u00e1tica y la ciencia ambiental.<br>Adem\u00e1s, subraya el compromiso de la Universidad con el impulso<br>acad\u00e9mico y el involucramiento activo de los estudiantes en proyectos de<br>investigaci\u00f3n innovadores. Este enfoque integral refleja la visi\u00f3n de la UAT de<br>formar no solo profesionales competentes, sino tambi\u00e9n agentes de cambio y<br>l\u00edderes en sus campos respectivos.<\/p>\n","protected":false},"excerpt":{"rendered":"<p>Ciudad Victoria, Tam.; 30 de noviembre de 2023. En un destacado avance cient\u00edfico, estudiantes e investigadores de la UniversidadAut\u00f3noma de Tamaulipas (UAT) han desarrollado una c\u00e1mara inteligente para elestudio de la germinaci\u00f3n de semillas y el crecimiento de las plantas.El proyecto, liderado por Ram\u00f3n Alejandro Escobedo Rocha y CarlosArmando R\u00edos Villanueva, estudiantes de la carrera [&hellip;]<\/p>\n","protected":false},"author":1,"featured_media":1985,"comment_status":"open","ping_status":"open","sticky":false,"template":"","format":"standard","meta":{"footnotes":""},"categories":[4],"tags":[],"class_list":["post-1984","post","type-post","status-publish","format-standard","has-post-thumbnail","hentry","category-universidades"],"blog_post_layout_featured_media_urls":{"thumbnail":["https:\/\/elregionaldigital.info\/wp-content\/uploads\/2023\/12\/1-17-150x150.jpg",150,150,true],"full":["https:\/\/elregionaldigital.info\/wp-content\/uploads\/2023\/12\/1-17.jpg",2048,1366,false]},"categories_names":{"4":{"name":"Universidades","link":"https:\/\/elregionaldigital.info\/?cat=4"}},"tags_names":[],"comments_number":"0","wpmagazine_modules_lite_featured_media_urls":{"thumbnail":["https:\/\/elregionaldigital.info\/wp-content\/uploads\/2023\/12\/1-17-150x150.jpg",150,150,true],"cvmm-medium":["https:\/\/elregionaldigital.info\/wp-content\/uploads\/2023\/12\/1-17-300x300.jpg",300,300,true],"cvmm-medium-plus":["https:\/\/elregionaldigital.info\/wp-content\/uploads\/2023\/12\/1-17-305x207.jpg",305,207,true],"cvmm-portrait":["https:\/\/elregionaldigital.info\/wp-content\/uploads\/2023\/12\/1-17-400x600.jpg",400,600,true],"cvmm-medium-square":["https:\/\/elregionaldigital.info\/wp-content\/uploads\/2023\/12\/1-17-600x600.jpg",600,600,true],"cvmm-large":["https:\/\/elregionaldigital.info\/wp-content\/uploads\/2023\/12\/1-17-1024x1024.jpg",1024,1024,true],"cvmm-small":["https:\/\/elregionaldigital.info\/wp-content\/uploads\/2023\/12\/1-17-130x95.jpg",130,95,true],"full":["https:\/\/elregionaldigital.info\/wp-content\/uploads\/2023\/12\/1-17.jpg",2048,1366,false]},"_links":{"self":[{"href":"https:\/\/elregionaldigital.info\/index.php?rest_route=\/wp\/v2\/posts\/1984","targetHints":{"allow":["GET"]}}],"collection":[{"href":"https:\/\/elregionaldigital.info\/index.php?rest_route=\/wp\/v2\/posts"}],"about":[{"href":"https:\/\/elregionaldigital.info\/index.php?rest_route=\/wp\/v2\/types\/post"}],"author":[{"embeddable":true,"href":"https:\/\/elregionaldigital.info\/index.php?rest_route=\/wp\/v2\/users\/1"}],"replies":[{"embeddable":true,"href":"https:\/\/elregionaldigital.info\/index.php?rest_route=%2Fwp%2Fv2%2Fcomments&post=1984"}],"version-history":[{"count":1,"href":"https:\/\/elregionaldigital.info\/index.php?rest_route=\/wp\/v2\/posts\/1984\/revisions"}],"predecessor-version":[{"id":1986,"href":"https:\/\/elregionaldigital.info\/index.php?rest_route=\/wp\/v2\/posts\/1984\/revisions\/1986"}],"wp:featuredmedia":[{"embeddable":true,"href":"https:\/\/elregionaldigital.info\/index.php?rest_route=\/wp\/v2\/media\/1985"}],"wp:attachment":[{"href":"https:\/\/elregionaldigital.info\/index.php?rest_route=%2Fwp%2Fv2%2Fmedia&parent=1984"}],"wp:term":[{"taxonomy":"category","embeddable":true,"href":"https:\/\/elregionaldigital.info\/index.php?rest_route=%2Fwp%2Fv2%2Fcategories&post=1984"},{"taxonomy":"post_tag","embeddable":true,"href":"https:\/\/elregionaldigital.info\/index.php?rest_route=%2Fwp%2Fv2%2Ftags&post=1984"}],"curies":[{"name":"wp","href":"https:\/\/api.w.org\/{rel}","templated":true}]}}