{"id":1981,"date":"2023-11-29T18:44:00","date_gmt":"2023-11-29T18:44:00","guid":{"rendered":"http:\/\/elregionaldigital.info\/?p=1981"},"modified":"2023-12-04T06:47:46","modified_gmt":"2023-12-04T06:47:46","slug":"neymar-y-bruna-biancardi-terminan-su-relacion-confirma-la-modelo-brasilena","status":"publish","type":"post","link":"https:\/\/elregionaldigital.info\/?p=1981","title":{"rendered":"Neymar y Bruna Biancardi terminan su relaci\u00f3n, confirma la modelo brasile\u00f1a"},"content":{"rendered":"\n<p><strong>Bruna Biancadi<\/strong>&nbsp;ha sido enf\u00e1tica respecto al tema de<strong>&nbsp;Neymar&nbsp;<\/strong>en redes sociales, publicando: &#8220;no tengo ninguna relaci\u00f3n con nadie&#8221;<\/p>\n\n\n\n<p>29 de Noviembre 2023<\/p>\n\n\n\n<figure class=\"wp-block-image size-full\"><img loading=\"lazy\" decoding=\"async\" width=\"718\" height=\"452\" src=\"http:\/\/elregionaldigital.info\/wp-content\/uploads\/2023\/12\/neymar_y_bruna_biancardi_terminan_su_relacionx_confirma_la_modelo_brasilera.jpg_793492074.webp\" alt=\"\" class=\"wp-image-1982\" srcset=\"https:\/\/elregionaldigital.info\/wp-content\/uploads\/2023\/12\/neymar_y_bruna_biancardi_terminan_su_relacionx_confirma_la_modelo_brasilera.jpg_793492074.webp 718w, https:\/\/elregionaldigital.info\/wp-content\/uploads\/2023\/12\/neymar_y_bruna_biancardi_terminan_su_relacionx_confirma_la_modelo_brasilera.jpg_793492074-300x189.webp 300w\" sizes=\"auto, (max-width: 718px) 100vw, 718px\" \/><\/figure>\n\n\n\n<p>Las noticias respecto a la vida sentimental del talentoso futbolista brasile\u00f1o contin\u00faan, pues ahora la modelo&nbsp;<strong>Bruna Biancardi<\/strong>, quien dio a luz a la hija de&nbsp;<strong>Neymar<\/strong>&nbsp;en octubre, revel\u00f3 el fin de su relaci\u00f3n con el futbolista<\/p>\n\n\n\n<p>En un mensaje en Instagram,&nbsp;<strong>Biancardi&nbsp;<\/strong>aclar\u00f3 que su conexi\u00f3n actual con el futbolista se limita a ser padres de su hija,&nbsp;<strong>Mavie,<\/strong>&nbsp;y no hay aspectos rom\u00e1nticos involucrados. Pidi\u00f3 a la gente que deje de asociarla con noticias frecuentes sobre las supuestas infidelidades de&nbsp;<strong>Neymar,<\/strong>&nbsp;se\u00f1alando que no tiene ninguna relaci\u00f3n amorosa con nadie en la actualidad.<\/p>\n\n\n\n<p>&#8220;Este es un asunto particular, pero, como diariamente me vinculan a noticias, suposiciones y chistes, informo que no tengo ninguna relaci\u00f3n con nadie&#8221;, se\u00f1al\u00f3 la\u00a0<strong>modelo brasile\u00f1a.<\/strong><\/p>\n\n\n\n<h2 class=\"wp-block-heading\">Bruna Biancardi confirma ruptura con Neymar<\/h2>\n\n\n\n<figure class=\"wp-block-image\"><img decoding=\"async\" src=\"https:\/\/laverdadnoticias.com\/export\/sites\/laverdad\/img\/2023\/11\/29\/bruna_biancardi_confirma_ruptura_con_neymar.jpg_1026485750.jpg\" alt=\"Bruna Biancardi termina la relaci\u00f3n con Neymar\" title=\"Bruna Biancardi termina la relaci\u00f3n con Neymar\"\/><figcaption class=\"wp-element-caption\">Bruna Biancardi termina la relaci\u00f3n con Neymar<\/figcaption><\/figure>\n\n\n\n<p>&#8220;Somos los padres de<strong>&nbsp;Mavie&nbsp;<\/strong>y esa es la raz\u00f3n de nuestro v\u00ednculo. Espero que me dejen de vincular a las frecuentes noticias (sobre supuestos casos de infidelidad de&nbsp;<strong>Neymar<\/strong>). Muchas gracias&#8221;, sentenci\u00f3&nbsp;<strong>Bruna Biancardi.<\/strong><\/p>\n\n\n\n<p>La ruptura se produce poco despu\u00e9s de que salieran a la luz rumores de<a href=\"https:\/\/laverdadnoticias.com\/deportes\/Video-Neymar-es-visto-con-dos-mujeres-y-Bruna-Biancardi-no-se-queda-callada-20230919-0139.html\" target=\"_blank\" rel=\"noreferrer noopener\">&nbsp;infidelidades por parte de Neymar<\/a>, y apenas unos meses despu\u00e9s de que la modelo lo perdonara p\u00fablicamente por un episodio similar mientras estaba embarazada.<\/p>\n\n\n\n<p>Estas podr\u00edan haber sido algunas de las razones por las cuales\u00a0<strong>Neymar y Bruna<\/strong>\u00a0hab\u00edan terminado su relaci\u00f3n amorosa.<\/p>\n\n\n\n<h2 class=\"wp-block-heading\">\u00bfQui\u00e9n es Bruna Biancardi?<\/h2>\n\n\n\n<figure class=\"wp-block-image\"><img decoding=\"async\" src=\"https:\/\/laverdadnoticias.com\/export\/sites\/laverdad\/img\/2023\/11\/29\/quien_es_bruna_biancardi.jpg_1026485750.jpg\" alt=\"Bruna Biancardi es una modelo e influencer brasile\u00f1a\" title=\"Bruna Biancardi es una modelo e influencer brasile\u00f1a\"\/><figcaption class=\"wp-element-caption\">Bruna Biancardi es una modelo e influencer brasile\u00f1a<\/figcaption><\/figure>\n\n\n\n<p>Originaria de&nbsp;<strong>Sao Paulo<\/strong>,&nbsp;<strong>Bruna Biancardi<\/strong>&nbsp;no solo es una talentosa dise\u00f1adora de moda, sino tambi\u00e9n una influyente figura en el mundo del modelaje con una exitosa carrera.<\/p>\n\n\n\n<p>Con notables colaboraciones con marcas de renombre como Victoria Beckham, Off White y Belmani, ha consolidado su posici\u00f3n en la industria de la moda. Su impacto va m\u00e1s all\u00e1, ya que ha ganado una considerable base de seguidores, superando los 4 millones en las redes sociales, consolid\u00e1ndose como una influyente de relevancia.<\/p>\n\n\n\n<p>La conexi\u00f3n entre\u00a0<strong>Bruna y Neymar<\/strong>\u00a0se remonta a 2020, cuando se conocieron en una fiesta. Sin embargo, la confirmaci\u00f3n p\u00fablica de su relaci\u00f3n no lleg\u00f3 hasta 2022, cuando\u00a0<strong>Neymar<\/strong>\u00a0comparti\u00f3 la primera fotograf\u00eda juntos en sus perfiles de redes sociales, marcando as\u00ed un nuevo cap\u00edtulo en la vida de esta pareja destacada en el \u00e1mbito de la moda y el entretenimiento.<\/p>\n","protected":false},"excerpt":{"rendered":"<p>Bruna Biancadi&nbsp;ha sido enf\u00e1tica respecto al tema de&nbsp;Neymar&nbsp;en redes sociales, publicando: &#8220;no tengo ninguna relaci\u00f3n con nadie&#8221; 29 de Noviembre 2023 Las noticias respecto a la vida sentimental del talentoso futbolista brasile\u00f1o contin\u00faan, pues ahora la modelo&nbsp;Bruna Biancardi, quien dio a luz a la hija de&nbsp;Neymar&nbsp;en octubre, revel\u00f3 el fin de su relaci\u00f3n con el [&hellip;]<\/p>\n","protected":false},"author":1,"featured_media":1982,"comment_status":"open","ping_status":"open","sticky":false,"template":"","format":"standard","meta":{"footnotes":""},"categories":[6,3],"tags":[],"class_list":["post-1981","post","type-post","status-publish","format-standard","has-post-thumbnail","hentry","category-deportes","category-entretenimiento"],"blog_post_layout_featured_media_urls":{"thumbnail":["https:\/\/elregionaldigital.info\/wp-content\/uploads\/2023\/12\/neymar_y_bruna_biancardi_terminan_su_relacionx_confirma_la_modelo_brasilera.jpg_793492074-150x150.webp",150,150,true],"full":["https:\/\/elregionaldigital.info\/wp-content\/uploads\/2023\/12\/neymar_y_bruna_biancardi_terminan_su_relacionx_confirma_la_modelo_brasilera.jpg_793492074.webp",718,452,false]},"categories_names":{"6":{"name":"Deportes","link":"https:\/\/elregionaldigital.info\/?cat=6"},"3":{"name":"Entretenimiento","link":"https:\/\/elregionaldigital.info\/?cat=3"}},"tags_names":[],"comments_number":"0","wpmagazine_modules_lite_featured_media_urls":{"thumbnail":["https:\/\/elregionaldigital.info\/wp-content\/uploads\/2023\/12\/neymar_y_bruna_biancardi_terminan_su_relacionx_confirma_la_modelo_brasilera.jpg_793492074-150x150.webp",150,150,true],"cvmm-medium":["https:\/\/elregionaldigital.info\/wp-content\/uploads\/2023\/12\/neymar_y_bruna_biancardi_terminan_su_relacionx_confirma_la_modelo_brasilera.jpg_793492074-300x300.webp",300,300,true],"cvmm-medium-plus":["https:\/\/elregionaldigital.info\/wp-content\/uploads\/2023\/12\/neymar_y_bruna_biancardi_terminan_su_relacionx_confirma_la_modelo_brasilera.jpg_793492074-305x207.webp",305,207,true],"cvmm-portrait":["https:\/\/elregionaldigital.info\/wp-content\/uploads\/2023\/12\/neymar_y_bruna_biancardi_terminan_su_relacionx_confirma_la_modelo_brasilera.jpg_793492074-400x452.webp",400,452,true],"cvmm-medium-square":["https:\/\/elregionaldigital.info\/wp-content\/uploads\/2023\/12\/neymar_y_bruna_biancardi_terminan_su_relacionx_confirma_la_modelo_brasilera.jpg_793492074-600x452.webp",600,452,true],"cvmm-large":["https:\/\/elregionaldigital.info\/wp-content\/uploads\/2023\/12\/neymar_y_bruna_biancardi_terminan_su_relacionx_confirma_la_modelo_brasilera.jpg_793492074.webp",718,452,false],"cvmm-small":["https:\/\/elregionaldigital.info\/wp-content\/uploads\/2023\/12\/neymar_y_bruna_biancardi_terminan_su_relacionx_confirma_la_modelo_brasilera.jpg_793492074-130x95.webp",130,95,true],"full":["https:\/\/elregionaldigital.info\/wp-content\/uploads\/2023\/12\/neymar_y_bruna_biancardi_terminan_su_relacionx_confirma_la_modelo_brasilera.jpg_793492074.webp",718,452,false]},"_links":{"self":[{"href":"https:\/\/elregionaldigital.info\/index.php?rest_route=\/wp\/v2\/posts\/1981","targetHints":{"allow":["GET"]}}],"collection":[{"href":"https:\/\/elregionaldigital.info\/index.php?rest_route=\/wp\/v2\/posts"}],"about":[{"href":"https:\/\/elregionaldigital.info\/index.php?rest_route=\/wp\/v2\/types\/post"}],"author":[{"embeddable":true,"href":"https:\/\/elregionaldigital.info\/index.php?rest_route=\/wp\/v2\/users\/1"}],"replies":[{"embeddable":true,"href":"https:\/\/elregionaldigital.info\/index.php?rest_route=%2Fwp%2Fv2%2Fcomments&post=1981"}],"version-history":[{"count":1,"href":"https:\/\/elregionaldigital.info\/index.php?rest_route=\/wp\/v2\/posts\/1981\/revisions"}],"predecessor-version":[{"id":1983,"href":"https:\/\/elregionaldigital.info\/index.php?rest_route=\/wp\/v2\/posts\/1981\/revisions\/1983"}],"wp:featuredmedia":[{"embeddable":true,"href":"https:\/\/elregionaldigital.info\/index.php?rest_route=\/wp\/v2\/media\/1982"}],"wp:attachment":[{"href":"https:\/\/elregionaldigital.info\/index.php?rest_route=%2Fwp%2Fv2%2Fmedia&parent=1981"}],"wp:term":[{"taxonomy":"category","embeddable":true,"href":"https:\/\/elregionaldigital.info\/index.php?rest_route=%2Fwp%2Fv2%2Fcategories&post=1981"},{"taxonomy":"post_tag","embeddable":true,"href":"https:\/\/elregionaldigital.info\/index.php?rest_route=%2Fwp%2Fv2%2Ftags&post=1981"}],"curies":[{"name":"wp","href":"https:\/\/api.w.org\/{rel}","templated":true}]}}