{"id":1978,"date":"2023-11-28T18:41:00","date_gmt":"2023-11-28T18:41:00","guid":{"rendered":"http:\/\/elregionaldigital.info\/?p=1978"},"modified":"2023-12-04T06:44:15","modified_gmt":"2023-12-04T06:44:15","slug":"realiza-dif-tamaulipas-reunion-de-procuradores-federal-estatal-y-municipales-de-proteccion-de-ninas-ninos-y-adolescentes","status":"publish","type":"post","link":"https:\/\/elregionaldigital.info\/?p=1978","title":{"rendered":"REALIZA DIF TAMAULIPAS REUNI\u00d3N DE PROCURADORES FEDERAL, ESTATAL Y MUNICIPALES DE PROTECCI\u00d3N DE NI\u00d1AS, NI\u00d1OS Y ADOLESCENTES"},"content":{"rendered":"\n<figure class=\"wp-block-image size-full\"><img loading=\"lazy\" decoding=\"async\" width=\"850\" height=\"500\" src=\"http:\/\/elregionaldigital.info\/wp-content\/uploads\/2023\/12\/DIF-157-2023.-Realiza-DIF-Tamaulipas-reunion-de-procuradores-federal-estatal-y-municipales-de-proteccion-de-ninas-ninos-y-adolescentes-5-850x500-1.jpeg\" alt=\"\" class=\"wp-image-1979\" srcset=\"https:\/\/elregionaldigital.info\/wp-content\/uploads\/2023\/12\/DIF-157-2023.-Realiza-DIF-Tamaulipas-reunion-de-procuradores-federal-estatal-y-municipales-de-proteccion-de-ninas-ninos-y-adolescentes-5-850x500-1.jpeg 850w, https:\/\/elregionaldigital.info\/wp-content\/uploads\/2023\/12\/DIF-157-2023.-Realiza-DIF-Tamaulipas-reunion-de-procuradores-federal-estatal-y-municipales-de-proteccion-de-ninas-ninos-y-adolescentes-5-850x500-1-300x176.jpeg 300w, https:\/\/elregionaldigital.info\/wp-content\/uploads\/2023\/12\/DIF-157-2023.-Realiza-DIF-Tamaulipas-reunion-de-procuradores-federal-estatal-y-municipales-de-proteccion-de-ninas-ninos-y-adolescentes-5-850x500-1-768x452.jpeg 768w\" sizes=\"auto, (max-width: 850px) 100vw, 850px\" \/><\/figure>\n\n\n\n<p>Noviembre 28 de 2023<\/p>\n\n\n\n<p>Ciudad Victoria, Tamaulipas. Con el objetivo de crear un espacio de an\u00e1lisis referente a la homologaci\u00f3n y armonizaci\u00f3n del marco legal estatal a las disposiciones de la Ley General de Protecci\u00f3n a Ni\u00f1as, Ni\u00f1os y Adolescentes, el Sistema DIF Tamaulipas que preside la doctora Mar\u00eda de Villarreal, llev\u00f3 a cabo la inauguraci\u00f3n de la reuni\u00f3n de procuradores federal, estatal y municipales, quienes son los encargados de velar por la restituci\u00f3n de los derechos de ese sector de la poblaci\u00f3n.<\/p>\n\n\n\n<p>Con la presencia de Oliver Casta\u00f1eda Correa, procurador federal de Protecci\u00f3n a Ni\u00f1as, Ni\u00f1os y Adolescentes, as\u00ed como de personal del Sistema Nacional DIF, durante tres d\u00edas de trabajo, las personas encargadas de las procuradur\u00edas desarrollaron pl\u00e1ticas, conferencias y visitas a centros asistenciales para constatar el trabajo que se realiza en favor de los menores de edad que se encuentran en alguna situaci\u00f3n legal.<\/p>\n\n\n\n<p>\u201cEn el Sistema DIF Tamaulipas tenemos muy claro que el principal compromiso es asegurar el bienestar de las ni\u00f1as, ni\u00f1os y adolescentes, quienes merecen toda nuestra atenci\u00f3n, dedicaci\u00f3n y entrega, tal y como nos ha convocado a todas las instituciones el gobernador Am\u00e9rico Villarreal Anaya a garantizar en Tamaulipas su bienestar, la protecci\u00f3n de sus derechos, el cuidado de su integridad y el acceso a un desarrollo pleno de oportunidades en su vida\u201d, mencion\u00f3 la directora general del DIF Estatal, Patricia Lara Ayala.<\/p>\n\n\n\n<p>Por su parte, el procurador federal Oliver Casta\u00f1eda Correa, agradeci\u00f3 las atenciones recibidas por parte del DIF Tamaulipas y mencion\u00f3: \u201cNuestra intenci\u00f3n es compartir experiencias, generar un di\u00e1logo en los tres \u00f3rdenes de gobierno y que todos caminemos en el mismo sentido de lo que m\u00e1s nos apremia como procuradur\u00edas de protecci\u00f3n en torno a los derechos humanos de las ni\u00f1as, ni\u00f1os y adolescentes\u201d.<\/p>\n","protected":false},"excerpt":{"rendered":"<p>Noviembre 28 de 2023 Ciudad Victoria, Tamaulipas. Con el objetivo de crear un espacio de an\u00e1lisis referente a la homologaci\u00f3n y armonizaci\u00f3n del marco legal estatal a las disposiciones de la Ley General de Protecci\u00f3n a Ni\u00f1as, Ni\u00f1os y Adolescentes, el Sistema DIF Tamaulipas que preside la doctora Mar\u00eda de Villarreal, llev\u00f3 a cabo la [&hellip;]<\/p>\n","protected":false},"author":1,"featured_media":1979,"comment_status":"open","ping_status":"open","sticky":false,"template":"","format":"standard","meta":{"footnotes":""},"categories":[2],"tags":[],"class_list":["post-1978","post","type-post","status-publish","format-standard","has-post-thumbnail","hentry","category-tamaulipas"],"blog_post_layout_featured_media_urls":{"thumbnail":["https:\/\/elregionaldigital.info\/wp-content\/uploads\/2023\/12\/DIF-157-2023.-Realiza-DIF-Tamaulipas-reunion-de-procuradores-federal-estatal-y-municipales-de-proteccion-de-ninas-ninos-y-adolescentes-5-850x500-1-150x150.jpeg",150,150,true],"full":["https:\/\/elregionaldigital.info\/wp-content\/uploads\/2023\/12\/DIF-157-2023.-Realiza-DIF-Tamaulipas-reunion-de-procuradores-federal-estatal-y-municipales-de-proteccion-de-ninas-ninos-y-adolescentes-5-850x500-1.jpeg",850,500,false]},"categories_names":{"2":{"name":"Tamaulipas","link":"https:\/\/elregionaldigital.info\/?cat=2"}},"tags_names":[],"comments_number":"0","wpmagazine_modules_lite_featured_media_urls":{"thumbnail":["https:\/\/elregionaldigital.info\/wp-content\/uploads\/2023\/12\/DIF-157-2023.-Realiza-DIF-Tamaulipas-reunion-de-procuradores-federal-estatal-y-municipales-de-proteccion-de-ninas-ninos-y-adolescentes-5-850x500-1-150x150.jpeg",150,150,true],"cvmm-medium":["https:\/\/elregionaldigital.info\/wp-content\/uploads\/2023\/12\/DIF-157-2023.-Realiza-DIF-Tamaulipas-reunion-de-procuradores-federal-estatal-y-municipales-de-proteccion-de-ninas-ninos-y-adolescentes-5-850x500-1-300x300.jpeg",300,300,true],"cvmm-medium-plus":["https:\/\/elregionaldigital.info\/wp-content\/uploads\/2023\/12\/DIF-157-2023.-Realiza-DIF-Tamaulipas-reunion-de-procuradores-federal-estatal-y-municipales-de-proteccion-de-ninas-ninos-y-adolescentes-5-850x500-1-305x207.jpeg",305,207,true],"cvmm-portrait":["https:\/\/elregionaldigital.info\/wp-content\/uploads\/2023\/12\/DIF-157-2023.-Realiza-DIF-Tamaulipas-reunion-de-procuradores-federal-estatal-y-municipales-de-proteccion-de-ninas-ninos-y-adolescentes-5-850x500-1-400x500.jpeg",400,500,true],"cvmm-medium-square":["https:\/\/elregionaldigital.info\/wp-content\/uploads\/2023\/12\/DIF-157-2023.-Realiza-DIF-Tamaulipas-reunion-de-procuradores-federal-estatal-y-municipales-de-proteccion-de-ninas-ninos-y-adolescentes-5-850x500-1-600x500.jpeg",600,500,true],"cvmm-large":["https:\/\/elregionaldigital.info\/wp-content\/uploads\/2023\/12\/DIF-157-2023.-Realiza-DIF-Tamaulipas-reunion-de-procuradores-federal-estatal-y-municipales-de-proteccion-de-ninas-ninos-y-adolescentes-5-850x500-1.jpeg",850,500,false],"cvmm-small":["https:\/\/elregionaldigital.info\/wp-content\/uploads\/2023\/12\/DIF-157-2023.-Realiza-DIF-Tamaulipas-reunion-de-procuradores-federal-estatal-y-municipales-de-proteccion-de-ninas-ninos-y-adolescentes-5-850x500-1-130x95.jpeg",130,95,true],"full":["https:\/\/elregionaldigital.info\/wp-content\/uploads\/2023\/12\/DIF-157-2023.-Realiza-DIF-Tamaulipas-reunion-de-procuradores-federal-estatal-y-municipales-de-proteccion-de-ninas-ninos-y-adolescentes-5-850x500-1.jpeg",850,500,false]},"_links":{"self":[{"href":"https:\/\/elregionaldigital.info\/index.php?rest_route=\/wp\/v2\/posts\/1978","targetHints":{"allow":["GET"]}}],"collection":[{"href":"https:\/\/elregionaldigital.info\/index.php?rest_route=\/wp\/v2\/posts"}],"about":[{"href":"https:\/\/elregionaldigital.info\/index.php?rest_route=\/wp\/v2\/types\/post"}],"author":[{"embeddable":true,"href":"https:\/\/elregionaldigital.info\/index.php?rest_route=\/wp\/v2\/users\/1"}],"replies":[{"embeddable":true,"href":"https:\/\/elregionaldigital.info\/index.php?rest_route=%2Fwp%2Fv2%2Fcomments&post=1978"}],"version-history":[{"count":1,"href":"https:\/\/elregionaldigital.info\/index.php?rest_route=\/wp\/v2\/posts\/1978\/revisions"}],"predecessor-version":[{"id":1980,"href":"https:\/\/elregionaldigital.info\/index.php?rest_route=\/wp\/v2\/posts\/1978\/revisions\/1980"}],"wp:featuredmedia":[{"embeddable":true,"href":"https:\/\/elregionaldigital.info\/index.php?rest_route=\/wp\/v2\/media\/1979"}],"wp:attachment":[{"href":"https:\/\/elregionaldigital.info\/index.php?rest_route=%2Fwp%2Fv2%2Fmedia&parent=1978"}],"wp:term":[{"taxonomy":"category","embeddable":true,"href":"https:\/\/elregionaldigital.info\/index.php?rest_route=%2Fwp%2Fv2%2Fcategories&post=1978"},{"taxonomy":"post_tag","embeddable":true,"href":"https:\/\/elregionaldigital.info\/index.php?rest_route=%2Fwp%2Fv2%2Ftags&post=1978"}],"curies":[{"name":"wp","href":"https:\/\/api.w.org\/{rel}","templated":true}]}}