{"id":1975,"date":"2023-11-26T18:37:00","date_gmt":"2023-11-26T18:37:00","guid":{"rendered":"http:\/\/elregionaldigital.info\/?p=1975"},"modified":"2023-12-04T06:41:02","modified_gmt":"2023-12-04T06:41:02","slug":"mujeres-y-ninos-liberados-por-hamas-se-reencuentran-con-sus-seres-queridos","status":"publish","type":"post","link":"https:\/\/elregionaldigital.info\/?p=1975","title":{"rendered":"Mujeres y ni\u00f1os liberados por Ham\u00e1s se reencuentran con sus seres queridos"},"content":{"rendered":"\n<p>Mujeres y ni\u00f1os viven la alegr\u00eda de reencontrarse con sus seres queridos tras casi 50 d\u00edas de permanecer como rehenes en la Franja de Gaza<\/p>\n\n\n\n<p>NOVIEMBRE 26, 2023<\/p>\n\n\n\n<figure class=\"wp-block-image size-large\"><img loading=\"lazy\" decoding=\"async\" width=\"1024\" height=\"683\" src=\"http:\/\/elregionaldigital.info\/wp-content\/uploads\/2023\/12\/traslado-a-un-hospital-de-los-rehenes-liberados-por-hamas-1024x683.webp\" alt=\"\" class=\"wp-image-1976\" srcset=\"https:\/\/elregionaldigital.info\/wp-content\/uploads\/2023\/12\/traslado-a-un-hospital-de-los-rehenes-liberados-por-hamas-1024x683.webp 1024w, https:\/\/elregionaldigital.info\/wp-content\/uploads\/2023\/12\/traslado-a-un-hospital-de-los-rehenes-liberados-por-hamas-300x200.webp 300w, https:\/\/elregionaldigital.info\/wp-content\/uploads\/2023\/12\/traslado-a-un-hospital-de-los-rehenes-liberados-por-hamas-768x512.webp 768w, https:\/\/elregionaldigital.info\/wp-content\/uploads\/2023\/12\/traslado-a-un-hospital-de-los-rehenes-liberados-por-hamas.webp 1536w\" sizes=\"auto, (max-width: 1024px) 100vw, 1024px\" \/><\/figure>\n\n\n\n<p>Los&nbsp;<strong>israel\u00edes<\/strong>&nbsp;que fueron&nbsp;<strong>liberados<\/strong>&nbsp;el fin de semana de su cautiverio a manos del grupo islamista&nbsp;<strong>Ham\u00e1s<\/strong>, todos ellos mujeres y ni\u00f1os, viven la alegr\u00eda de reencontrarse con sus seres queridos tras casi 50 d\u00edas de permanecer como rehenes en la Franja de Gaza, pero enfrentan la angustia por los que a\u00fan siguen retenidos.<\/p>\n\n\n\n<p>Adva Adar a\u00fan no se ha recuperado del shock de haber perdido y luego recuperado a su abuela Yaffa Adar, de 85 a\u00f1os, quien es habitante del kibutz Nir Oz -a escasos kil\u00f3metros de la Franja- y form\u00f3 parte del primer grupo de 13 israel\u00edes liberados el viernes.<\/p>\n\n\n\n<p>\u201cAfortunadamente tuvimos la suerte de poder abrazarla de nuevo. Estamos tratando de recuperarnos como familia, estamos tratando de ayudarla a recuperarse\u201d, coment\u00f3 Adva durante una conferencia de prensa virtual este domingo.<\/p>\n\n\n\n<p>\u201cMi abuela es maravillosa y fuerte, estoy orgullosa de ver c\u00f3mo sobrevivi\u00f3 a esto, la fuerza que ha demostrado y su capacidad de mantener la esperanza\u201d, a\u00f1adi\u00f3 al asegurar que \u201cla pelea no ha terminado por los dem\u00e1s rehenes\u201d.<\/p>\n\n\n\n<p>\u201cNecesitamos a cada uno de ellos, no podremos reconstruir este pa\u00eds de nuevo sin el regreso de todos y cada uno de ellos\u201d, a\u00f1adi\u00f3.<\/p>\n\n\n\n<p>Tamir, uno de los nietos de Yaffa, contin\u00faa retenido por Ham\u00e1s en Gaza.<\/p>\n\n\n\n<p>Ham\u00e1s perpetr\u00f3 un masivo ataque contra Israel el 7 de octubre que incluy\u00f3 el lanzamiento de miles de cohetes y la infiltraci\u00f3n de unos 3 mil milicianos que masacraron a unas mil 200 personas y secuestraron a otras 240 en las aldeas israel\u00edes cercanas a la Franja.<\/p>\n\n\n\n<p>Inmediatamente, Israel se declar\u00f3 en guerra y sus fuerzas a\u00e9reas, navales y terrestres iniciaron una fuerte ofensiva sobre el enclave palestino que ha dejado m\u00e1s de 14 mil 800 muertos -la mayor\u00eda ni\u00f1os y mujeres- y que no ces\u00f3 hasta el viernes pasado, cuando ambas partes acordaron un cese el fuego temporal.<\/p>\n\n\n\n<p>Como parte del acuerdo, mediado por Egipto, Qatar y Estados Unidos, se pact\u00f3 el intercambio de 50 rehenes israel\u00edes por 150 presos palestinos, durante cuatro d\u00edas de tregua, y la entrada de 200 camiones diarios de ayuda humanitaria en la Franja de Gaza.<\/p>\n\n\n\n<p>Hasta ahora, Israel ha excarcelado a 78 mujeres y adolescentes palestinos, mientras que Ham\u00e1s ha liberado a un total de 41 personas, entre ellas 26 israel\u00edes, 14 tailandeses y un filipino.<\/p>\n\n\n\n<p>Adem\u00e1s, en octubre Ham\u00e1s liber\u00f3 a otras cuatro mujeres -dos estadounidenses y dos ancianas israel\u00edes-, mientras que Israel confirm\u00f3 la muerte de otras dos rehenes, una soldado y una civil.<\/p>\n\n\n\n<p>Este domingo, el Ej\u00e9rcito de Israel difundi\u00f3 emotivas fotos y videos sobre la liberaci\u00f3n de los rehenes este fin de semana.<\/p>\n\n\n\n<p>Las im\u00e1genes muestran a Ohad Munder, de 9 a\u00f1os y habitante del kibutz Nir Oz, quien fue liberado junto a su madre Keren Munder y su abuela, Ruti Munder.<\/p>\n\n\n\n<p>En el video, el ni\u00f1o se encuentra conversando con soldados israel\u00edes a bordo de un helic\u00f3ptero militar que lo conduce, junto a su familia, rumbo a un hospital donde recibir\u00e1n atenci\u00f3n m\u00e9dica.<\/p>\n\n\n\n<p>El rencuentro de esta familia con sus seres queridos fue agridulce, pues se enteraron que otros miembros de la familia fueron asesinados el 7 de octubre.<\/p>\n\n\n\n<p>\u201cFue muy emocional, todos est\u00e1bamos llorando\u201d, cuenta Merav Mor Raviv, prima de Keren Munder, en la conferencia virtual.<\/p>\n\n\n\n<p>Tambi\u00e9n se muestran im\u00e1genes de otros exrehenes abrazando a sus seres queridos en el hospital Schneider, cerca de Tel Aviv: Emily Hand, de 9 a\u00f1os, se reencuentra con su padre Tom, y Hila Rotem, de 13 a\u00f1os y quien fue liberada sin su madre, recibe el abrazo de su t\u00edo.<\/p>\n\n\n\n<p>Con informaci\u00f3n de EFE<\/p>\n","protected":false},"excerpt":{"rendered":"<p>Mujeres y ni\u00f1os viven la alegr\u00eda de reencontrarse con sus seres queridos tras casi 50 d\u00edas de permanecer como rehenes en la Franja de Gaza NOVIEMBRE 26, 2023 Los&nbsp;israel\u00edes&nbsp;que fueron&nbsp;liberados&nbsp;el fin de semana de su cautiverio a manos del grupo islamista&nbsp;Ham\u00e1s, todos ellos mujeres y ni\u00f1os, viven la alegr\u00eda de reencontrarse con sus seres queridos [&hellip;]<\/p>\n","protected":false},"author":1,"featured_media":1976,"comment_status":"open","ping_status":"open","sticky":false,"template":"","format":"standard","meta":{"footnotes":""},"categories":[11],"tags":[],"class_list":["post-1975","post","type-post","status-publish","format-standard","has-post-thumbnail","hentry","category-mundo"],"blog_post_layout_featured_media_urls":{"thumbnail":["https:\/\/elregionaldigital.info\/wp-content\/uploads\/2023\/12\/traslado-a-un-hospital-de-los-rehenes-liberados-por-hamas-150x150.webp",150,150,true],"full":["https:\/\/elregionaldigital.info\/wp-content\/uploads\/2023\/12\/traslado-a-un-hospital-de-los-rehenes-liberados-por-hamas.webp",1536,1024,false]},"categories_names":{"11":{"name":"Mundo","link":"https:\/\/elregionaldigital.info\/?cat=11"}},"tags_names":[],"comments_number":"0","wpmagazine_modules_lite_featured_media_urls":{"thumbnail":["https:\/\/elregionaldigital.info\/wp-content\/uploads\/2023\/12\/traslado-a-un-hospital-de-los-rehenes-liberados-por-hamas-150x150.webp",150,150,true],"cvmm-medium":["https:\/\/elregionaldigital.info\/wp-content\/uploads\/2023\/12\/traslado-a-un-hospital-de-los-rehenes-liberados-por-hamas-300x300.webp",300,300,true],"cvmm-medium-plus":["https:\/\/elregionaldigital.info\/wp-content\/uploads\/2023\/12\/traslado-a-un-hospital-de-los-rehenes-liberados-por-hamas-305x207.webp",305,207,true],"cvmm-portrait":["https:\/\/elregionaldigital.info\/wp-content\/uploads\/2023\/12\/traslado-a-un-hospital-de-los-rehenes-liberados-por-hamas-400x600.webp",400,600,true],"cvmm-medium-square":["https:\/\/elregionaldigital.info\/wp-content\/uploads\/2023\/12\/traslado-a-un-hospital-de-los-rehenes-liberados-por-hamas-600x600.webp",600,600,true],"cvmm-large":["https:\/\/elregionaldigital.info\/wp-content\/uploads\/2023\/12\/traslado-a-un-hospital-de-los-rehenes-liberados-por-hamas-1024x1024.webp",1024,1024,true],"cvmm-small":["https:\/\/elregionaldigital.info\/wp-content\/uploads\/2023\/12\/traslado-a-un-hospital-de-los-rehenes-liberados-por-hamas-130x95.webp",130,95,true],"full":["https:\/\/elregionaldigital.info\/wp-content\/uploads\/2023\/12\/traslado-a-un-hospital-de-los-rehenes-liberados-por-hamas.webp",1536,1024,false]},"_links":{"self":[{"href":"https:\/\/elregionaldigital.info\/index.php?rest_route=\/wp\/v2\/posts\/1975","targetHints":{"allow":["GET"]}}],"collection":[{"href":"https:\/\/elregionaldigital.info\/index.php?rest_route=\/wp\/v2\/posts"}],"about":[{"href":"https:\/\/elregionaldigital.info\/index.php?rest_route=\/wp\/v2\/types\/post"}],"author":[{"embeddable":true,"href":"https:\/\/elregionaldigital.info\/index.php?rest_route=\/wp\/v2\/users\/1"}],"replies":[{"embeddable":true,"href":"https:\/\/elregionaldigital.info\/index.php?rest_route=%2Fwp%2Fv2%2Fcomments&post=1975"}],"version-history":[{"count":1,"href":"https:\/\/elregionaldigital.info\/index.php?rest_route=\/wp\/v2\/posts\/1975\/revisions"}],"predecessor-version":[{"id":1977,"href":"https:\/\/elregionaldigital.info\/index.php?rest_route=\/wp\/v2\/posts\/1975\/revisions\/1977"}],"wp:featuredmedia":[{"embeddable":true,"href":"https:\/\/elregionaldigital.info\/index.php?rest_route=\/wp\/v2\/media\/1976"}],"wp:attachment":[{"href":"https:\/\/elregionaldigital.info\/index.php?rest_route=%2Fwp%2Fv2%2Fmedia&parent=1975"}],"wp:term":[{"taxonomy":"category","embeddable":true,"href":"https:\/\/elregionaldigital.info\/index.php?rest_route=%2Fwp%2Fv2%2Fcategories&post=1975"},{"taxonomy":"post_tag","embeddable":true,"href":"https:\/\/elregionaldigital.info\/index.php?rest_route=%2Fwp%2Fv2%2Ftags&post=1975"}],"curies":[{"name":"wp","href":"https:\/\/api.w.org\/{rel}","templated":true}]}}