{"id":1972,"date":"2023-11-27T06:32:35","date_gmt":"2023-11-27T06:32:35","guid":{"rendered":"http:\/\/elregionaldigital.info\/?p=1972"},"modified":"2023-12-04T06:37:18","modified_gmt":"2023-12-04T06:37:18","slug":"maluma-sorprende-cantando-hermoso-carino-en-san-miguel-de-allende","status":"publish","type":"post","link":"https:\/\/elregionaldigital.info\/?p=1972","title":{"rendered":"Maluma sorprende cantando &#8216;Hermoso cari\u00f1o&#8217; en San Miguel de Allende"},"content":{"rendered":"\n<p>El colombiano sorprendi\u00f3 a sus fans al cantar una canci\u00f3n de Vicente Fern\u00e1ndez.<\/p>\n\n\n\n<p>27 noviembre 2023<\/p>\n\n\n\n<figure class=\"wp-block-image size-full\"><img loading=\"lazy\" decoding=\"async\" width=\"389\" height=\"291\" src=\"http:\/\/elregionaldigital.info\/wp-content\/uploads\/2023\/12\/Screenshot-2023-11-27-at-11.06.39.webp\" alt=\"\" class=\"wp-image-1973\" srcset=\"https:\/\/elregionaldigital.info\/wp-content\/uploads\/2023\/12\/Screenshot-2023-11-27-at-11.06.39.webp 389w, https:\/\/elregionaldigital.info\/wp-content\/uploads\/2023\/12\/Screenshot-2023-11-27-at-11.06.39-300x224.webp 300w, https:\/\/elregionaldigital.info\/wp-content\/uploads\/2023\/12\/Screenshot-2023-11-27-at-11.06.39-136x102.webp 136w\" sizes=\"auto, (max-width: 389px) 100vw, 389px\" \/><\/figure>\n\n\n\n<p>Este domingo&nbsp;<strong>Maluma<\/strong>&nbsp;fue uno de los cantantes de cerrar con broche de oro el festival Flow Fest, pero antes de dar su concierto ante miles de personas, el famoso decidi\u00f3 dar un paseo por una de las ciudades m\u00e1s<strong>&nbsp;bonitas de M\u00e9xico: San Miguel de Allende.<\/strong><\/p>\n\n\n\n<p>En Instagram, Maluma comparti\u00f3 algunas fotos de su visita a San Miguel de Allende, pero en TikTok el famoso comparti\u00f3 un video en el que aparece frente a la Parroquia de San Miguel Arc\u00e1ngel.<\/p>\n\n\n\n<p>Frente a este ic\u00f3nico lugar de San Miguel de Allende,&nbsp;<strong>Maluma decidi\u00f3 grabar un video en el que est\u00e1 cantando con mariachi \u201cHermoso cari\u00f1o,&nbsp;<\/strong>una canci\u00f3n que hizo famosa Vicente Fern\u00e1ndez y que el colombiano cant\u00f3 en las calles de dicha ciudad.<\/p>\n\n\n\n<p>En el video se observa a unos mariachis tocando mientras Maluma interpreta la canci\u00f3n, sin embargo, para poder ocultar su identidad, el cantante, quien hace poco anunci\u00f3 que&nbsp;<strong>se convertir\u00e1 en padre por primera vez<a href=\"https:\/\/www.excelsior.com.mx\/funcion\/video-maluma-va-a-ser-papa-de-una-nina\/1615006\" target=\"_blank\" rel=\"noreferrer noopener\">,<\/a><\/strong>&nbsp;us\u00f3 unos lentes de sol y un paliacate que le cubr\u00eda casi todo el rostro.<\/p>\n","protected":false},"excerpt":{"rendered":"<p>El colombiano sorprendi\u00f3 a sus fans al cantar una canci\u00f3n de Vicente Fern\u00e1ndez. 27 noviembre 2023 Este domingo&nbsp;Maluma&nbsp;fue uno de los cantantes de cerrar con broche de oro el festival Flow Fest, pero antes de dar su concierto ante miles de personas, el famoso decidi\u00f3 dar un paseo por una de las ciudades m\u00e1s&nbsp;bonitas de [&hellip;]<\/p>\n","protected":false},"author":1,"featured_media":1973,"comment_status":"open","ping_status":"open","sticky":false,"template":"","format":"standard","meta":{"footnotes":""},"categories":[3],"tags":[],"class_list":["post-1972","post","type-post","status-publish","format-standard","has-post-thumbnail","hentry","category-entretenimiento"],"blog_post_layout_featured_media_urls":{"thumbnail":["https:\/\/elregionaldigital.info\/wp-content\/uploads\/2023\/12\/Screenshot-2023-11-27-at-11.06.39-150x150.webp",150,150,true],"full":["https:\/\/elregionaldigital.info\/wp-content\/uploads\/2023\/12\/Screenshot-2023-11-27-at-11.06.39.webp",389,291,false]},"categories_names":{"3":{"name":"Entretenimiento","link":"https:\/\/elregionaldigital.info\/?cat=3"}},"tags_names":[],"comments_number":"0","wpmagazine_modules_lite_featured_media_urls":{"thumbnail":["https:\/\/elregionaldigital.info\/wp-content\/uploads\/2023\/12\/Screenshot-2023-11-27-at-11.06.39-150x150.webp",150,150,true],"cvmm-medium":["https:\/\/elregionaldigital.info\/wp-content\/uploads\/2023\/12\/Screenshot-2023-11-27-at-11.06.39-300x291.webp",300,291,true],"cvmm-medium-plus":["https:\/\/elregionaldigital.info\/wp-content\/uploads\/2023\/12\/Screenshot-2023-11-27-at-11.06.39-305x207.webp",305,207,true],"cvmm-portrait":["https:\/\/elregionaldigital.info\/wp-content\/uploads\/2023\/12\/Screenshot-2023-11-27-at-11.06.39.webp",389,291,false],"cvmm-medium-square":["https:\/\/elregionaldigital.info\/wp-content\/uploads\/2023\/12\/Screenshot-2023-11-27-at-11.06.39.webp",389,291,false],"cvmm-large":["https:\/\/elregionaldigital.info\/wp-content\/uploads\/2023\/12\/Screenshot-2023-11-27-at-11.06.39.webp",389,291,false],"cvmm-small":["https:\/\/elregionaldigital.info\/wp-content\/uploads\/2023\/12\/Screenshot-2023-11-27-at-11.06.39-130x95.webp",130,95,true],"full":["https:\/\/elregionaldigital.info\/wp-content\/uploads\/2023\/12\/Screenshot-2023-11-27-at-11.06.39.webp",389,291,false]},"_links":{"self":[{"href":"https:\/\/elregionaldigital.info\/index.php?rest_route=\/wp\/v2\/posts\/1972","targetHints":{"allow":["GET"]}}],"collection":[{"href":"https:\/\/elregionaldigital.info\/index.php?rest_route=\/wp\/v2\/posts"}],"about":[{"href":"https:\/\/elregionaldigital.info\/index.php?rest_route=\/wp\/v2\/types\/post"}],"author":[{"embeddable":true,"href":"https:\/\/elregionaldigital.info\/index.php?rest_route=\/wp\/v2\/users\/1"}],"replies":[{"embeddable":true,"href":"https:\/\/elregionaldigital.info\/index.php?rest_route=%2Fwp%2Fv2%2Fcomments&post=1972"}],"version-history":[{"count":1,"href":"https:\/\/elregionaldigital.info\/index.php?rest_route=\/wp\/v2\/posts\/1972\/revisions"}],"predecessor-version":[{"id":1974,"href":"https:\/\/elregionaldigital.info\/index.php?rest_route=\/wp\/v2\/posts\/1972\/revisions\/1974"}],"wp:featuredmedia":[{"embeddable":true,"href":"https:\/\/elregionaldigital.info\/index.php?rest_route=\/wp\/v2\/media\/1973"}],"wp:attachment":[{"href":"https:\/\/elregionaldigital.info\/index.php?rest_route=%2Fwp%2Fv2%2Fmedia&parent=1972"}],"wp:term":[{"taxonomy":"category","embeddable":true,"href":"https:\/\/elregionaldigital.info\/index.php?rest_route=%2Fwp%2Fv2%2Fcategories&post=1972"},{"taxonomy":"post_tag","embeddable":true,"href":"https:\/\/elregionaldigital.info\/index.php?rest_route=%2Fwp%2Fv2%2Ftags&post=1972"}],"curies":[{"name":"wp","href":"https:\/\/api.w.org\/{rel}","templated":true}]}}