{"id":1969,"date":"2023-11-24T18:29:00","date_gmt":"2023-11-24T18:29:00","guid":{"rendered":"http:\/\/elregionaldigital.info\/?p=1969"},"modified":"2023-12-04T06:32:27","modified_gmt":"2023-12-04T06:32:27","slug":"designan-a-esposa-del-fiscal-uriel-carmona-como-nueva-magistrada-del-tsj-de-morelos","status":"publish","type":"post","link":"https:\/\/elregionaldigital.info\/?p=1969","title":{"rendered":"Designan a esposa del fiscal Uriel Carmona como nueva magistrada del TSJ de Morelos"},"content":{"rendered":"\n<p>Mar\u00eda Luisa S\u00e1nchez Osorio, a esposa del fiscal Morelos, Uriel Carmona, ocupar\u00e1 la vacante que deja Carlos Arenas \u00c1ngeles en el TSJ<\/p>\n\n\n\n<p>NOVIEMBRE 24, 2023<\/p>\n\n\n\n<figure class=\"wp-block-image size-large\"><img loading=\"lazy\" decoding=\"async\" width=\"1024\" height=\"683\" src=\"http:\/\/elregionaldigital.info\/wp-content\/uploads\/2023\/12\/nuevos-magistrados-morelos-esposa-fiscal-uriel-carmona-1024x683.webp\" alt=\"\" class=\"wp-image-1970\" srcset=\"https:\/\/elregionaldigital.info\/wp-content\/uploads\/2023\/12\/nuevos-magistrados-morelos-esposa-fiscal-uriel-carmona-1024x683.webp 1024w, https:\/\/elregionaldigital.info\/wp-content\/uploads\/2023\/12\/nuevos-magistrados-morelos-esposa-fiscal-uriel-carmona-300x200.webp 300w, https:\/\/elregionaldigital.info\/wp-content\/uploads\/2023\/12\/nuevos-magistrados-morelos-esposa-fiscal-uriel-carmona-768x512.webp 768w, https:\/\/elregionaldigital.info\/wp-content\/uploads\/2023\/12\/nuevos-magistrados-morelos-esposa-fiscal-uriel-carmona.webp 1536w\" sizes=\"auto, (max-width: 1024px) 100vw, 1024px\" \/><\/figure>\n\n\n\n<p>El&nbsp;<a href=\"https:\/\/congresomorelos.gob.mx\/\" target=\"_blank\" rel=\"noreferrer noopener\"><strong>Congreso de Morelos<\/strong><\/a>&nbsp;design\u00f3 en sesi\u00f3n a 10 nuevos magistrados, entre los que se encuentran a la&nbsp;<strong>esposa<\/strong>&nbsp;del fiscal de la entidad&nbsp;<a href=\"https:\/\/lopezdoriga.com\/nacional\/uriel-carmona-sale-libertad-penal-del-altiplano\/\" target=\"_blank\" rel=\"noreferrer noopener\"><strong>Uriel Carmona<\/strong><\/a>,&nbsp;<strong>Mar\u00eda Luisa S\u00e1nchez Osorio<\/strong>.<\/p>\n\n\n\n<p>Algunos legisladores acusaron en estas designaciones&nbsp;<strong>falta de transparencia<\/strong>, raz\u00f3n por la cual abandonaron la sesi\u00f3n, que concluy\u00f3&nbsp;en las primeras horas de este 24 de noviembre.<\/p>\n\n\n\n<p>De los nuevos magistrados en Morelos, siete ocupar\u00e1n una vacante en el\u00a0<strong>Tribunal Superior de Justicia<\/strong>\u00a0de la entidad y tres m\u00e1s para la\u00a0<strong>Segunda Sala del Tercer Circuito Judicial c<\/strong>on sede en\u00a0<strong>Cuautla<\/strong>, la cual fue creada recientemente.<\/p>\n\n\n\n<p>A trav\u00e9s de votaci\u00f3n por c\u00e9dula, los diputados presentes en la sesi\u00f3n depositaron su papeleta en la que indicaron el nombre de alguna o alguno de las 143 personas aspirantes que cumplieron con los requisitos establecidos en ley.<\/p>\n\n\n\n<p>En primera instancia se vot\u00f3, en siete rondas, por cada una de las personas aspirantes a las magistraturas vacantes del TSJ, y se determin\u00f3 que, quien sustituir\u00e1 a Nadia Luz Mar\u00eda Lara Ch\u00e1vez, ser\u00e1 Javier Mujica D\u00edaz; en tanto que, en lugar de Mar\u00eda Leticia Taboada Salgado, quedar\u00e1 Nancy Giovanna Montero Mercado y la magistratura que deja Mar\u00eda Idalia Franco Zavaleta, la ocupar\u00e1 Rolfi Gonz\u00e1lez Rodr\u00edguez.<\/p>\n\n\n\n<p>Asimismo, Mar\u00eda Luisa S\u00e1nchez Osorio ocupar\u00e1 la vacante que deja Carlos Iv\u00e1n Arenas \u00c1ngeles; Juan Gabriel Vargas T\u00e9llez sustituir\u00e1 a \u00c1ngel Gardu\u00f1o Gonz\u00e1lez; Cecilia Ver\u00f3nica L\u00f3pez Gonz\u00e1lez har\u00e1 lo propio en lugar de Rub\u00e9n Jasso Diaz y finalmente, Arturo Loza Flores quedar\u00e1 en lugar de Norberto Calder\u00f3n Ocampo.<\/p>\n\n\n\n<p>Posteriormente, se procedi\u00f3 a la votaci\u00f3n de las personas aspirantes a las tres magistraturas para la Segunda Sala del Tercer Circuito Judicial con sede en Cuautla. Luego de tres rondas de votaci\u00f3n, se determin\u00f3 que la primera magistratura de esta nueva sala la ocupe Miriam Janet Uribe Peralta; en tanto que la segunda le correspondi\u00f3 a Jos\u00e9 Anuar Gonz\u00e1lez Cianci P\u00e9rez, mientras que la tercera magistratura fue para Anah\u00ed Bahena L\u00f3pez.<\/p>\n\n\n\n<p>Es importante mencionar que, si bien las y los 10 nuevos magistrados ostentar\u00e1n el cargo durante los pr\u00f3ximos 14 a\u00f1os, el encargo para quienes se integran al TSJ comienza desde el momento en que rinden protesta, en tanto que para los que se integrar\u00e1n a la Segunda Sala del Tercer Circuito Judicial con sede en Cuautla, iniciar\u00e1 el pr\u00f3ximo 1 de enero de 2024.<\/p>\n\n\n\n<p>Con informaci\u00f3n de L\u00f3pez-D\u00f3riga Digital<\/p>\n","protected":false},"excerpt":{"rendered":"<p>Mar\u00eda Luisa S\u00e1nchez Osorio, a esposa del fiscal Morelos, Uriel Carmona, ocupar\u00e1 la vacante que deja Carlos Arenas \u00c1ngeles en el TSJ NOVIEMBRE 24, 2023 El&nbsp;Congreso de Morelos&nbsp;design\u00f3 en sesi\u00f3n a 10 nuevos magistrados, entre los que se encuentran a la&nbsp;esposa&nbsp;del fiscal de la entidad&nbsp;Uriel Carmona,&nbsp;Mar\u00eda Luisa S\u00e1nchez Osorio. Algunos legisladores acusaron en estas designaciones&nbsp;falta [&hellip;]<\/p>\n","protected":false},"author":1,"featured_media":1970,"comment_status":"open","ping_status":"open","sticky":false,"template":"","format":"standard","meta":{"footnotes":""},"categories":[5],"tags":[],"class_list":["post-1969","post","type-post","status-publish","format-standard","has-post-thumbnail","hentry","category-nacional"],"blog_post_layout_featured_media_urls":{"thumbnail":["https:\/\/elregionaldigital.info\/wp-content\/uploads\/2023\/12\/nuevos-magistrados-morelos-esposa-fiscal-uriel-carmona-150x150.webp",150,150,true],"full":["https:\/\/elregionaldigital.info\/wp-content\/uploads\/2023\/12\/nuevos-magistrados-morelos-esposa-fiscal-uriel-carmona.webp",1536,1024,false]},"categories_names":{"5":{"name":"Nacional","link":"https:\/\/elregionaldigital.info\/?cat=5"}},"tags_names":[],"comments_number":"0","wpmagazine_modules_lite_featured_media_urls":{"thumbnail":["https:\/\/elregionaldigital.info\/wp-content\/uploads\/2023\/12\/nuevos-magistrados-morelos-esposa-fiscal-uriel-carmona-150x150.webp",150,150,true],"cvmm-medium":["https:\/\/elregionaldigital.info\/wp-content\/uploads\/2023\/12\/nuevos-magistrados-morelos-esposa-fiscal-uriel-carmona-300x300.webp",300,300,true],"cvmm-medium-plus":["https:\/\/elregionaldigital.info\/wp-content\/uploads\/2023\/12\/nuevos-magistrados-morelos-esposa-fiscal-uriel-carmona-305x207.webp",305,207,true],"cvmm-portrait":["https:\/\/elregionaldigital.info\/wp-content\/uploads\/2023\/12\/nuevos-magistrados-morelos-esposa-fiscal-uriel-carmona-400x600.webp",400,600,true],"cvmm-medium-square":["https:\/\/elregionaldigital.info\/wp-content\/uploads\/2023\/12\/nuevos-magistrados-morelos-esposa-fiscal-uriel-carmona-600x600.webp",600,600,true],"cvmm-large":["https:\/\/elregionaldigital.info\/wp-content\/uploads\/2023\/12\/nuevos-magistrados-morelos-esposa-fiscal-uriel-carmona-1024x1024.webp",1024,1024,true],"cvmm-small":["https:\/\/elregionaldigital.info\/wp-content\/uploads\/2023\/12\/nuevos-magistrados-morelos-esposa-fiscal-uriel-carmona-130x95.webp",130,95,true],"full":["https:\/\/elregionaldigital.info\/wp-content\/uploads\/2023\/12\/nuevos-magistrados-morelos-esposa-fiscal-uriel-carmona.webp",1536,1024,false]},"_links":{"self":[{"href":"https:\/\/elregionaldigital.info\/index.php?rest_route=\/wp\/v2\/posts\/1969","targetHints":{"allow":["GET"]}}],"collection":[{"href":"https:\/\/elregionaldigital.info\/index.php?rest_route=\/wp\/v2\/posts"}],"about":[{"href":"https:\/\/elregionaldigital.info\/index.php?rest_route=\/wp\/v2\/types\/post"}],"author":[{"embeddable":true,"href":"https:\/\/elregionaldigital.info\/index.php?rest_route=\/wp\/v2\/users\/1"}],"replies":[{"embeddable":true,"href":"https:\/\/elregionaldigital.info\/index.php?rest_route=%2Fwp%2Fv2%2Fcomments&post=1969"}],"version-history":[{"count":1,"href":"https:\/\/elregionaldigital.info\/index.php?rest_route=\/wp\/v2\/posts\/1969\/revisions"}],"predecessor-version":[{"id":1971,"href":"https:\/\/elregionaldigital.info\/index.php?rest_route=\/wp\/v2\/posts\/1969\/revisions\/1971"}],"wp:featuredmedia":[{"embeddable":true,"href":"https:\/\/elregionaldigital.info\/index.php?rest_route=\/wp\/v2\/media\/1970"}],"wp:attachment":[{"href":"https:\/\/elregionaldigital.info\/index.php?rest_route=%2Fwp%2Fv2%2Fmedia&parent=1969"}],"wp:term":[{"taxonomy":"category","embeddable":true,"href":"https:\/\/elregionaldigital.info\/index.php?rest_route=%2Fwp%2Fv2%2Fcategories&post=1969"},{"taxonomy":"post_tag","embeddable":true,"href":"https:\/\/elregionaldigital.info\/index.php?rest_route=%2Fwp%2Fv2%2Ftags&post=1969"}],"curies":[{"name":"wp","href":"https:\/\/api.w.org\/{rel}","templated":true}]}}