{"id":1963,"date":"2023-11-23T18:20:00","date_gmt":"2023-11-23T18:20:00","guid":{"rendered":"http:\/\/elregionaldigital.info\/?p=1963"},"modified":"2023-12-04T06:23:16","modified_gmt":"2023-12-04T06:23:16","slug":"fiscalia-pide-9-anos-de-carcel-para-dani-alves-por-violar-a-joven-en-discoteca-de-barcelona","status":"publish","type":"post","link":"https:\/\/elregionaldigital.info\/?p=1963","title":{"rendered":"Fiscal\u00eda pide 9 a\u00f1os de c\u00e1rcel para Dani Alves por violar a joven en discoteca de Barcelona"},"content":{"rendered":"\n<p>Adem\u00e1s, se exigi\u00f3 que el exfutbolista Dani Alves tenga que pagar una indemnizaci\u00f3n de 150 mil euros para la v\u00edctima de agresi\u00f3n sexual<\/p>\n\n\n\n<p>NOVIEMBRE 23, 2023<\/p>\n\n\n\n<figure class=\"wp-block-image size-large\"><img loading=\"lazy\" decoding=\"async\" width=\"1024\" height=\"683\" src=\"http:\/\/elregionaldigital.info\/wp-content\/uploads\/2023\/12\/dani-alves-4-1024x683.webp\" alt=\"\" class=\"wp-image-1964\" srcset=\"https:\/\/elregionaldigital.info\/wp-content\/uploads\/2023\/12\/dani-alves-4-1024x683.webp 1024w, https:\/\/elregionaldigital.info\/wp-content\/uploads\/2023\/12\/dani-alves-4-300x200.webp 300w, https:\/\/elregionaldigital.info\/wp-content\/uploads\/2023\/12\/dani-alves-4-768x512.webp 768w, https:\/\/elregionaldigital.info\/wp-content\/uploads\/2023\/12\/dani-alves-4.webp 1536w\" sizes=\"auto, (max-width: 1024px) 100vw, 1024px\" \/><\/figure>\n\n\n\n<p>La Fiscal\u00eda pide&nbsp;<strong>9 a\u00f1os de c\u00e1rcel<\/strong>&nbsp;para el exfutbolista&nbsp;<a href=\"https:\/\/www.instagram.com\/danialves\/\" target=\"_blank\" rel=\"noreferrer noopener\"><strong>Dani Alves<\/strong><\/a>, acusado de un delito de<strong>&nbsp;agresi\u00f3n sexual<\/strong>&nbsp;por violar presuntamente a una&nbsp;<strong>joven<\/strong>&nbsp;en una&nbsp;<strong>discoteca de Barcelona<\/strong>&nbsp;el pasado mes de diciembre, y una&nbsp;<strong>indemnizaci\u00f3n<\/strong>&nbsp;de&nbsp;<strong>150 mil euros<\/strong>&nbsp;para la v\u00edctima.<\/p>\n\n\n\n<p>En su escrito de acusaci\u00f3n, presentado este jueves ante la Audiencia de Barcelona, el ministerio p\u00fablico sostiene que el futbolista brasile\u00f1o agredi\u00f3 sexualmente a la joven, de 21 a\u00f1os, empleando violencia para ello, hasta causarle una sensaci\u00f3n de \u201cangustia y terror\u201d que le impidi\u00f3 reaccionar.<\/p>\n\n\n\n<p>Como penas accesorias, la Fiscal\u00eda solicita a la Audiencia de Barcelona que imponga diez a\u00f1os de libertad vigilada a Alves, una vez cumpla la eventual condena de prisi\u00f3n, y que se le proh\u00edba acercarse a menos de mil metros de la v\u00edctima o comunicarse con ella durante diez a\u00f1os.<\/p>\n\n\n\n<p>El escrito de acusaci\u00f3n cifra en 150 mil euros la indemnizaci\u00f3n que Alves deber\u00eda pagar a la v\u00edctima, una suma que el acusado ya ha consignado en el juzgado porque la jueza de instrucci\u00f3n se la fij\u00f3 como fianza cuando lo proces\u00f3 por un delito de agresi\u00f3n sexual.<\/p>\n\n\n\n<h3 class=\"wp-block-heading\">\u201cActitud despectiva y violenta\u201d de Alves<\/h3>\n\n\n\n<p>Seg\u00fan mantiene la Fiscal\u00eda en su escrito, la violaci\u00f3n ocurri\u00f3 la noche del 30 de diciembre de 2022 en el reservado \u201cMoet\u201d de la discoteca Sutton de Barcelona, donde la v\u00edctima se sent\u00f3 junto a una prima y una amiga, despu\u00e9s de que Alves y un hombre que le acompa\u00f1aba las invitaran a esa zona privada para tomar una copa de champ\u00e1n.<\/p>\n\n\n\n<p>Las mujeres rechazaron inicialmente la invitaci\u00f3n pero al final aceptaron, ante la \u201cinsistencia\u201d de Alves y su amigo, y los cinco acabaron bebiendo champ\u00e1n, charlando y bailando.<\/p>\n\n\n\n<p>El procesado, a\u00f1ade la fiscal, \u201cestuvo pendiente\u201d de la v\u00edctima todo el tiempo, \u201cabraz\u00e1ndola y acerc\u00e1ndose a ella\u201d, y en dos ocasiones le agarr\u00f3 la mano y se la acerc\u00f3 a su pene, aunque la joven la apart\u00f3 r\u00e1pidamente \u201cal percatarse de sus intenciones\u201d.<\/p>\n\n\n\n<p>Hacia las 3:20 h, Alves se dirigi\u00f3 a una puerta colindante -de acceso exclusivo a los clientes del reservado- e hizo un adem\u00e1n a la joven para que se acercara, lo que la v\u00edctima hizo, sin saber c\u00f3mo era la zona privada a la que acababa de entrar.<\/p>\n\n\n\n<p>Una vez all\u00ed, sostiene el ministerio p\u00fablico, el futbolista la introdujo en un peque\u00f1o aseo y cerr\u00f3 la puerta, sin dejarla salir pese a que ella se lo pidi\u00f3 al encontrarse en ese \u201ccub\u00edculo\u201d. Es m\u00e1s, a\u00f1ade el escrito, \u201cempez\u00f3 a manosearla con \u00e1nimo lascivo y una clara intenci\u00f3n de satisfacer sus deseos sexuales\u201d.<\/p>\n\n\n\n<p>El procesado se sent\u00f3 entonces sobre la tapa del retrete y agarr\u00f3 por fuerza de la cintura a la v\u00edctima, manteniendo una \u201cactitud despectiva\u201d hacia ella ante su resistencia: le baj\u00f3 los pantalones, le tir\u00f3 del pelo, la hizo caer al suelo de rodillas y le propin\u00f3 varias bofetadas en la cara mientras le exig\u00eda que le dijera \u201csoy tu putita\u201d, a\u00f1ade el escrito.<\/p>\n\n\n\n<h3 class=\"wp-block-heading\">\u201cAngustia y terror\u201d<\/h3>\n\n\n\n<p>\u201cReiteradamente\u201d, a\u00f1ade el ministerio p\u00fablico, la joven pidi\u00f3 salir del lavabo, pero Alves se lo impidi\u00f3. Al encontrarse encerrada en ese peque\u00f1o aseo y ante la \u201cactitud violenta\u201d que mostraba el futbolista, \u201cse sinti\u00f3 impresionada y sin capacidad de reacci\u00f3n, llegando a sentir que le faltaba el aire dada la situaci\u00f3n de angustia y terror ante lo que estaba viviendo\u201d.<\/p>\n\n\n\n<p>El jugador le manose\u00f3 todo el cuerpo, trat\u00f3 de practicarle sexo oral sin lograrlo ante la resistencia de la v\u00edctima y, finalmente, la penetr\u00f3 vaginalmente sin preservativo, agrega la Fiscal\u00eda.<\/p>\n\n\n\n<p>Dani Alves sali\u00f3 del aseo \u201cinmediatamente despu\u00e9s\u201d, dejando all\u00ed a la joven, que cuando lo hizo instantes m\u00e1s tarde se dirigi\u00f3 hacia su prima y le pidi\u00f3 marcharse del lugar. Camino a la salida, rompi\u00f3 a llorar y fue atendida por personal de la discoteca, que activ\u00f3 el protocolo frente a agresiones sexuales.<\/p>\n\n\n\n<p>Mientras el personal de Sutton atend\u00eda a la joven llorando, a\u00f1ade la Fiscal\u00eda, Alves y su acompa\u00f1ante abandonaron la discoteca \u201ccon rapidez\u201d, sin cruzar palabra con la v\u00edctima y su prima cuando se las cruzaron en el pasillo.<\/p>\n\n\n\n<p>A ra\u00edz de estos hechos, mantiene la Fiscal\u00eda, la joven sufre un \u201ctrastorno de estr\u00e9s postraum\u00e1tico de intensidad globalmente elevada, con repercusi\u00f3n funcional y deterioro en varias \u00e1reas del funcionamiento\u201d, por el que sigue tratamiento psiqui\u00e1trico.<\/p>\n\n\n\n<p>En paralelo, la defensa del exfutbolista ha pedido por tercera vez su puesta en libertad mientras espera juicio alegando, entre otras cuestiones, que ha pagado los 150 mil euros que la jueza le impuso para cubrir una eventual indemnizaci\u00f3n a la v\u00edctima -que reclama por los da\u00f1os causados- lo que podr\u00eda rebajar su pena a hasta un a\u00f1o de c\u00e1rcel.<\/p>\n\n\n\n<p>Un argumento del que discrepa la Fiscal\u00eda, que por tercera vez pide a la Audiencia que se mantenga a Alves en prisi\u00f3n preventiva.<\/p>\n\n\n\n<p>Con informaci\u00f3n de EFE<\/p>\n","protected":false},"excerpt":{"rendered":"<p>Adem\u00e1s, se exigi\u00f3 que el exfutbolista Dani Alves tenga que pagar una indemnizaci\u00f3n de 150 mil euros para la v\u00edctima de agresi\u00f3n sexual NOVIEMBRE 23, 2023 La Fiscal\u00eda pide&nbsp;9 a\u00f1os de c\u00e1rcel&nbsp;para el exfutbolista&nbsp;Dani Alves, acusado de un delito de&nbsp;agresi\u00f3n sexual&nbsp;por violar presuntamente a una&nbsp;joven&nbsp;en una&nbsp;discoteca de Barcelona&nbsp;el pasado mes de diciembre, y una&nbsp;indemnizaci\u00f3n&nbsp;de&nbsp;150 mil [&hellip;]<\/p>\n","protected":false},"author":1,"featured_media":1964,"comment_status":"open","ping_status":"open","sticky":false,"template":"","format":"standard","meta":{"footnotes":""},"categories":[6],"tags":[],"class_list":["post-1963","post","type-post","status-publish","format-standard","has-post-thumbnail","hentry","category-deportes"],"blog_post_layout_featured_media_urls":{"thumbnail":["https:\/\/elregionaldigital.info\/wp-content\/uploads\/2023\/12\/dani-alves-4-150x150.webp",150,150,true],"full":["https:\/\/elregionaldigital.info\/wp-content\/uploads\/2023\/12\/dani-alves-4.webp",1536,1024,false]},"categories_names":{"6":{"name":"Deportes","link":"https:\/\/elregionaldigital.info\/?cat=6"}},"tags_names":[],"comments_number":"0","wpmagazine_modules_lite_featured_media_urls":{"thumbnail":["https:\/\/elregionaldigital.info\/wp-content\/uploads\/2023\/12\/dani-alves-4-150x150.webp",150,150,true],"cvmm-medium":["https:\/\/elregionaldigital.info\/wp-content\/uploads\/2023\/12\/dani-alves-4-300x300.webp",300,300,true],"cvmm-medium-plus":["https:\/\/elregionaldigital.info\/wp-content\/uploads\/2023\/12\/dani-alves-4-305x207.webp",305,207,true],"cvmm-portrait":["https:\/\/elregionaldigital.info\/wp-content\/uploads\/2023\/12\/dani-alves-4-400x600.webp",400,600,true],"cvmm-medium-square":["https:\/\/elregionaldigital.info\/wp-content\/uploads\/2023\/12\/dani-alves-4-600x600.webp",600,600,true],"cvmm-large":["https:\/\/elregionaldigital.info\/wp-content\/uploads\/2023\/12\/dani-alves-4-1024x1024.webp",1024,1024,true],"cvmm-small":["https:\/\/elregionaldigital.info\/wp-content\/uploads\/2023\/12\/dani-alves-4-130x95.webp",130,95,true],"full":["https:\/\/elregionaldigital.info\/wp-content\/uploads\/2023\/12\/dani-alves-4.webp",1536,1024,false]},"_links":{"self":[{"href":"https:\/\/elregionaldigital.info\/index.php?rest_route=\/wp\/v2\/posts\/1963","targetHints":{"allow":["GET"]}}],"collection":[{"href":"https:\/\/elregionaldigital.info\/index.php?rest_route=\/wp\/v2\/posts"}],"about":[{"href":"https:\/\/elregionaldigital.info\/index.php?rest_route=\/wp\/v2\/types\/post"}],"author":[{"embeddable":true,"href":"https:\/\/elregionaldigital.info\/index.php?rest_route=\/wp\/v2\/users\/1"}],"replies":[{"embeddable":true,"href":"https:\/\/elregionaldigital.info\/index.php?rest_route=%2Fwp%2Fv2%2Fcomments&post=1963"}],"version-history":[{"count":1,"href":"https:\/\/elregionaldigital.info\/index.php?rest_route=\/wp\/v2\/posts\/1963\/revisions"}],"predecessor-version":[{"id":1965,"href":"https:\/\/elregionaldigital.info\/index.php?rest_route=\/wp\/v2\/posts\/1963\/revisions\/1965"}],"wp:featuredmedia":[{"embeddable":true,"href":"https:\/\/elregionaldigital.info\/index.php?rest_route=\/wp\/v2\/media\/1964"}],"wp:attachment":[{"href":"https:\/\/elregionaldigital.info\/index.php?rest_route=%2Fwp%2Fv2%2Fmedia&parent=1963"}],"wp:term":[{"taxonomy":"category","embeddable":true,"href":"https:\/\/elregionaldigital.info\/index.php?rest_route=%2Fwp%2Fv2%2Fcategories&post=1963"},{"taxonomy":"post_tag","embeddable":true,"href":"https:\/\/elregionaldigital.info\/index.php?rest_route=%2Fwp%2Fv2%2Ftags&post=1963"}],"curies":[{"name":"wp","href":"https:\/\/api.w.org\/{rel}","templated":true}]}}