{"id":1948,"date":"2023-11-19T07:00:18","date_gmt":"2023-11-19T07:00:18","guid":{"rendered":"http:\/\/elregionaldigital.info\/?p=1948"},"modified":"2023-11-19T07:00:19","modified_gmt":"2023-11-19T07:00:19","slug":"desafia-samuel-al-tepjf-y-al-congreso-de-nl-encarga-el-despacho-del-gobernador-a-javier-navarro","status":"publish","type":"post","link":"https:\/\/elregionaldigital.info\/?p=1948","title":{"rendered":"Desaf\u00eda Samuel al TEPJF y al Congreso de NL; encarga el Despacho del Gobernador a Javier Navarro"},"content":{"rendered":"\n<p><strong>Apenas el jueves 16, el Tribunal Electoral resolvi\u00f3 por unanimidad que la elecci\u00f3n de quien ocupe la posici\u00f3n de gobernador interino corresponde al Congreso del estado, con mayor\u00eda del PRI y del PAN.<\/strong><\/p>\n\n\n\n<figure class=\"wp-block-image size-full\"><img loading=\"lazy\" decoding=\"async\" width=\"685\" height=\"385\" src=\"http:\/\/elregionaldigital.info\/wp-content\/uploads\/2023\/11\/f685x385-185894_223587_3027.webp\" alt=\"\" class=\"wp-image-1949\" srcset=\"https:\/\/elregionaldigital.info\/wp-content\/uploads\/2023\/11\/f685x385-185894_223587_3027.webp 685w, https:\/\/elregionaldigital.info\/wp-content\/uploads\/2023\/11\/f685x385-185894_223587_3027-300x169.webp 300w\" sizes=\"auto, (max-width: 685px) 100vw, 685px\" \/><\/figure>\n\n\n\n<p>MONTERREY, NL (proceso.com.mx).- El a\u00fan mandatario estatal Samuel Garc\u00eda anunci\u00f3 que su secretario general de Gobierno, Javier Navarro, se quedar\u00e1 como encargado del despacho del gobernador desde el 20 de noviembre \u201chasta cualquier momento\u201d en que decida regresar.<\/p>\n\n\n\n<blockquote class=\"wp-block-quote is-layout-flow wp-block-quote-is-layout-flow\">\n<p>El anuncio fue publicado este s\u00e1bado 18 en el\u00a0<em>Peri\u00f3dico Oficial del Estado\u00a0<\/em>(<em>POE<\/em>), en tanto que Samuel Garc\u00eda iniciar\u00e1 su precampa\u00f1a en busca de la Presidencia de la Rep\u00fablica el pr\u00f3ximo lunes 20.<\/p>\n\n\n\n<p>Garc\u00eda Sep\u00falveda difundi\u00f3 el anuncio junto con una serie de videos en sus redes sociales, en los que argumenta, a partir de preceptos que interpreta del Tribunal Electoral del Poder Judicial de la Federaci\u00f3n (TEPJF), que debe ser de su mismo partido, Movimiento Ciudadano (MC), la persona que lo sustituya en la gubernatura mientras \u00e9l hace uso de la licencia que el Congreso, le concedi\u00f3 del 2 de diciembre al 2 de junio de 2024,<\/p>\n\n\n\n<p>Sin embargo, el jueves 18, el propio TEPJF, despu\u00e9s de que declar\u00f3 inelegible para el interinato al presidente con licencia del Tribunal Superior de Justicia de Estado Arturo Salinas, hizo p\u00fablica su decisi\u00f3n de que corresponde a los legisladores del estado, de mayor\u00eda del PRI y del PAN, elegir al que ocupe la posici\u00f3n de Interino.<\/p>\n\n\n\n<h2 class=\"wp-block-heading\"><strong>Hasta que el gobernador constitucional reasuma sus funciones<\/strong><\/h2>\n\n\n\n<p>El Art\u00edculo 3 del Acuerdo suscrito por Samuel Garc\u00eda este s\u00e1bado en el&nbsp;<em>POE&nbsp;<\/em>se\u00f1ala:<\/p>\n\n\n\n<p>\u201cConforme el art\u00edculo 121 de la nueva Constituci\u00f3n Pol\u00edtica del Estado Libre y Soberano de Nuevo Le\u00f3n, por ministerio de Ley, el C secretario general de Gobierno, Javier Luis Navarro Velasco, quedar\u00e1 de encargado de Despacho de los asuntos del Poder Ejecutivo hasta el momento en que el gobernador constitucional reasuma sus funciones, lo cual podr\u00e1 llevarse a cabo en cualquier momento.\u201d<\/p>\n\n\n\n<blockquote class=\"wp-block-quote is-layout-flow wp-block-quote-is-layout-flow\">\n<p>Garc\u00eda dijo que participar\u00e1 en la precampa\u00f1a de MC a partir del 20 de noviembre y hasta el 18 de enero del a\u00f1o entrante, por lo que, por decisi\u00f3n del a\u00fan gobernador, Navarro Velasco ser\u00e1 el encargado del despacho en ese lapso.<\/p>\n<\/blockquote>\n\n\n\n<p>En el mismo Acuerdo, Samuel aduce que el Tribunal Electoral se\u00f1ala que, en ausencia del gobernador constitucional, debe quedar como sucesor una persona del mismo partido, en este caso MC, para respetar la voluntad del pueblo que lo eligi\u00f3 gobernador por esos colores.<\/p>\n\n\n\n<p>\u201cCuando el sufragio se encamina en favor de una candidatura postulada por un partido pol\u00edtico, se debe respetar esa manifestaci\u00f3n de voluntad, tanto por la persona en s\u00ed misma como por el programa de gobierno que representa, conforme a la opci\u00f3n pol\u00edtica que la postula.\u201d<\/p>\n\n\n\n<p>\u201c(\u2026) Ante la falta temporal de la persona que fue electa para encabezar el Poder Ejecutivo local, la suplencia que se realice debe procurar el respeto a esa voluntad popular, de manera que la continuidad del programa de gobierno electo se privilegie\u201d, se\u00f1ala el texto publicado en el&nbsp;<em>POE<\/em>.<\/p>\n<\/blockquote>\n","protected":false},"excerpt":{"rendered":"<p>Apenas el jueves 16, el Tribunal Electoral resolvi\u00f3 por unanimidad que la elecci\u00f3n de quien ocupe la posici\u00f3n de gobernador interino corresponde al Congreso del estado, con mayor\u00eda del PRI y del PAN. MONTERREY, NL (proceso.com.mx).- El a\u00fan mandatario estatal Samuel Garc\u00eda anunci\u00f3 que su secretario general de Gobierno, Javier Navarro, se quedar\u00e1 como encargado [&hellip;]<\/p>\n","protected":false},"author":1,"featured_media":1949,"comment_status":"open","ping_status":"open","sticky":false,"template":"","format":"standard","meta":{"footnotes":""},"categories":[5],"tags":[],"class_list":["post-1948","post","type-post","status-publish","format-standard","has-post-thumbnail","hentry","category-nacional"],"blog_post_layout_featured_media_urls":{"thumbnail":["https:\/\/elregionaldigital.info\/wp-content\/uploads\/2023\/11\/f685x385-185894_223587_3027-150x150.webp",150,150,true],"full":["https:\/\/elregionaldigital.info\/wp-content\/uploads\/2023\/11\/f685x385-185894_223587_3027.webp",685,385,false]},"categories_names":{"5":{"name":"Nacional","link":"https:\/\/elregionaldigital.info\/?cat=5"}},"tags_names":[],"comments_number":"0","wpmagazine_modules_lite_featured_media_urls":{"thumbnail":["https:\/\/elregionaldigital.info\/wp-content\/uploads\/2023\/11\/f685x385-185894_223587_3027-150x150.webp",150,150,true],"cvmm-medium":["https:\/\/elregionaldigital.info\/wp-content\/uploads\/2023\/11\/f685x385-185894_223587_3027-300x300.webp",300,300,true],"cvmm-medium-plus":["https:\/\/elregionaldigital.info\/wp-content\/uploads\/2023\/11\/f685x385-185894_223587_3027-305x207.webp",305,207,true],"cvmm-portrait":["https:\/\/elregionaldigital.info\/wp-content\/uploads\/2023\/11\/f685x385-185894_223587_3027-400x385.webp",400,385,true],"cvmm-medium-square":["https:\/\/elregionaldigital.info\/wp-content\/uploads\/2023\/11\/f685x385-185894_223587_3027-600x385.webp",600,385,true],"cvmm-large":["https:\/\/elregionaldigital.info\/wp-content\/uploads\/2023\/11\/f685x385-185894_223587_3027.webp",685,385,false],"cvmm-small":["https:\/\/elregionaldigital.info\/wp-content\/uploads\/2023\/11\/f685x385-185894_223587_3027-130x95.webp",130,95,true],"full":["https:\/\/elregionaldigital.info\/wp-content\/uploads\/2023\/11\/f685x385-185894_223587_3027.webp",685,385,false]},"_links":{"self":[{"href":"https:\/\/elregionaldigital.info\/index.php?rest_route=\/wp\/v2\/posts\/1948","targetHints":{"allow":["GET"]}}],"collection":[{"href":"https:\/\/elregionaldigital.info\/index.php?rest_route=\/wp\/v2\/posts"}],"about":[{"href":"https:\/\/elregionaldigital.info\/index.php?rest_route=\/wp\/v2\/types\/post"}],"author":[{"embeddable":true,"href":"https:\/\/elregionaldigital.info\/index.php?rest_route=\/wp\/v2\/users\/1"}],"replies":[{"embeddable":true,"href":"https:\/\/elregionaldigital.info\/index.php?rest_route=%2Fwp%2Fv2%2Fcomments&post=1948"}],"version-history":[{"count":1,"href":"https:\/\/elregionaldigital.info\/index.php?rest_route=\/wp\/v2\/posts\/1948\/revisions"}],"predecessor-version":[{"id":1950,"href":"https:\/\/elregionaldigital.info\/index.php?rest_route=\/wp\/v2\/posts\/1948\/revisions\/1950"}],"wp:featuredmedia":[{"embeddable":true,"href":"https:\/\/elregionaldigital.info\/index.php?rest_route=\/wp\/v2\/media\/1949"}],"wp:attachment":[{"href":"https:\/\/elregionaldigital.info\/index.php?rest_route=%2Fwp%2Fv2%2Fmedia&parent=1948"}],"wp:term":[{"taxonomy":"category","embeddable":true,"href":"https:\/\/elregionaldigital.info\/index.php?rest_route=%2Fwp%2Fv2%2Fcategories&post=1948"},{"taxonomy":"post_tag","embeddable":true,"href":"https:\/\/elregionaldigital.info\/index.php?rest_route=%2Fwp%2Fv2%2Ftags&post=1948"}],"curies":[{"name":"wp","href":"https:\/\/api.w.org\/{rel}","templated":true}]}}