{"id":1933,"date":"2023-11-14T14:45:48","date_gmt":"2023-11-14T14:45:48","guid":{"rendered":"http:\/\/elregionaldigital.info\/?p=1933"},"modified":"2023-11-16T14:47:13","modified_gmt":"2023-11-16T14:47:13","slug":"rector-de-la-uat-preside-actividades-por-el-52-aniversario-de-la-uam-reynosa-aztlan","status":"publish","type":"post","link":"https:\/\/elregionaldigital.info\/?p=1933","title":{"rendered":"Rector de la UAT preside actividades por el 52 Aniversario de la UAM Reynosa Aztl\u00e1n"},"content":{"rendered":"\n<figure class=\"wp-block-image size-large\"><img loading=\"lazy\" decoding=\"async\" width=\"1024\" height=\"576\" src=\"http:\/\/elregionaldigital.info\/wp-content\/uploads\/2023\/11\/9-1-1024x576.jpeg\" alt=\"\" class=\"wp-image-1934\" srcset=\"https:\/\/elregionaldigital.info\/wp-content\/uploads\/2023\/11\/9-1-1024x576.jpeg 1024w, https:\/\/elregionaldigital.info\/wp-content\/uploads\/2023\/11\/9-1-300x169.jpeg 300w, https:\/\/elregionaldigital.info\/wp-content\/uploads\/2023\/11\/9-1-768x432.jpeg 768w, https:\/\/elregionaldigital.info\/wp-content\/uploads\/2023\/11\/9-1.jpeg 1280w\" sizes=\"auto, (max-width: 1024px) 100vw, 1024px\" \/><\/figure>\n\n\n\n<p>Cd. Reynosa, Tam.; 14 de noviembre de 2023.<br>Rector de la UAT preside actividades por el 52 Aniversario de la UAM Reynosa Aztl\u00e1n<\/p>\n\n\n\n<p>El rector de la Universidad Aut\u00f3noma de Tamaulipas (UAT), C.P. Guillermo<br>Mendoza Cavazos, presidi\u00f3 las actividades conmemorativas por el 52 Aniversario<br>de la Unidad Acad\u00e9mica Multidisciplinaria Reynosa Aztl\u00e1n (UAMRA), donde<br>expres\u00f3 su reconocimiento a la instituci\u00f3n y a su comunidad universitaria por<br>consolidar una trayectoria educativa que ha contribuido en la din\u00e1mica del<br>progreso y el desarrollo regional de la entidad.<br>En ese contexto, el rector Guillermo Mendoza firm\u00f3 un convenio marco de<br>colaboraci\u00f3n con el Lic. Carlos V\u00edctor Pe\u00f1a Ortiz, presidente municipal de<br>Reynosa, que permitir\u00e1 generar programas conjuntos y abrir oportunidades para el<br>desarrollo de los estudiantes universitarios.<br>Acompa\u00f1ado por la Dra. Karla Villarreal Sotelo, directora de la UAMRA y el<br>Lic. Ignacio Hern\u00e1ndez Rodr\u00edguez, secretario T\u00e9cnico del plantel, el rector presidi\u00f3<br>la ceremonia conmemorativa en la que constat\u00f3 la calidad de los programas<br>educativos, la investigaci\u00f3n y la vinculaci\u00f3n social y productiva que consolidan el<br>prestigio de esta instituci\u00f3n acad\u00e9mica,<br>Durante la firma del convenio, realizada en el Auditorio de la UAMRA, el<br>C.P. Guillermo Mendoza Cavazos destac\u00f3 que este acuerdo marca la pauta para<br>sumar esfuerzos encaminados al desarrollo de la sociedad.<br>De igual manera, subray\u00f3 que la responsabilidad de la UAT es seguir<br>respondiendo con esfuerzo a la confianza que recibe de su comunidad,<br>entregando profesionales comprometidos con su entorno.<br>Por su parte, el alcalde de Reynosa, Lic. Carlos V\u00edctor Pe\u00f1a Ortiz agradeci\u00f3<br>a la UAT por sumarse a los proyectos de crecimiento econ\u00f3mico y social que<br>plantea su administraci\u00f3n, para lo cual, destac\u00f3, es esencial contar con una<\/p>\n\n\n\n<p>instituci\u00f3n de educaci\u00f3n superior fuerte como es la M\u00e1xima Casa de Estudios de<br>Tamaulipas.<br>En su oportunidad, la Dra. Karla Villarreal Sotelo hizo patente el<br>compromiso de la comunidad universitaria con la administraci\u00f3n rectoral del C.P.<br>Guillermo Mendoza Cavazos, a quien reconoci\u00f3 su apoyo para el crecimiento de la<br>unidad acad\u00e9mica en materia educativa y cient\u00edfica.<\/p>\n\n\n\n<p>Dentro del programa, el rector, el alcalde y autoridades de la UAMRA<br>llevaron a cabo la ceremonia de premiaci\u00f3n y entrega de reconocimientos a los<br>estudiantes de bachillerato de diversas escuelas de la entidad que obtuvieron los<br>primeros lugares de la Olimpiada Regional de la Qu\u00edmica 2023, de la cual fue sede<br>este plantel universitario.<br>Tambi\u00e9n se realiz\u00f3 un programa art\u00edstico y deportivo a cargo de grupos de<br>estudiantes, y se devel\u00f3 una placa que conmemora la celebraci\u00f3n de los 52 a\u00f1os<br>de la instituci\u00f3n que en el a\u00f1o de 1972 inici\u00f3 oficialmente como Facultad de<br>Ciencias Qu\u00edmicas.<br>Posteriormente, el rector Guillermo Mendoza presidi\u00f3 los trabajos de la<br>D\u00e9cimo Novena Reuni\u00f3n Ordinaria del Colegio de Directores, cuyo \u00f3rgano<br>universitario est\u00e1 integrado por titulares de las 26 facultades, unidades<br>acad\u00e9micas y escuelas de la UAT.<\/p>\n","protected":false},"excerpt":{"rendered":"<p>Cd. Reynosa, Tam.; 14 de noviembre de 2023.Rector de la UAT preside actividades por el 52 Aniversario de la UAM Reynosa Aztl\u00e1n El rector de la Universidad Aut\u00f3noma de Tamaulipas (UAT), C.P. GuillermoMendoza Cavazos, presidi\u00f3 las actividades conmemorativas por el 52 Aniversariode la Unidad Acad\u00e9mica Multidisciplinaria Reynosa Aztl\u00e1n (UAMRA), dondeexpres\u00f3 su reconocimiento a la instituci\u00f3n [&hellip;]<\/p>\n","protected":false},"author":1,"featured_media":1934,"comment_status":"open","ping_status":"open","sticky":false,"template":"","format":"standard","meta":{"footnotes":""},"categories":[4],"tags":[],"class_list":["post-1933","post","type-post","status-publish","format-standard","has-post-thumbnail","hentry","category-universidades"],"blog_post_layout_featured_media_urls":{"thumbnail":["https:\/\/elregionaldigital.info\/wp-content\/uploads\/2023\/11\/9-1-150x150.jpeg",150,150,true],"full":["https:\/\/elregionaldigital.info\/wp-content\/uploads\/2023\/11\/9-1.jpeg",1280,720,false]},"categories_names":{"4":{"name":"Universidades","link":"https:\/\/elregionaldigital.info\/?cat=4"}},"tags_names":[],"comments_number":"0","wpmagazine_modules_lite_featured_media_urls":{"thumbnail":["https:\/\/elregionaldigital.info\/wp-content\/uploads\/2023\/11\/9-1-150x150.jpeg",150,150,true],"cvmm-medium":["https:\/\/elregionaldigital.info\/wp-content\/uploads\/2023\/11\/9-1-300x300.jpeg",300,300,true],"cvmm-medium-plus":["https:\/\/elregionaldigital.info\/wp-content\/uploads\/2023\/11\/9-1-305x207.jpeg",305,207,true],"cvmm-portrait":["https:\/\/elregionaldigital.info\/wp-content\/uploads\/2023\/11\/9-1-400x600.jpeg",400,600,true],"cvmm-medium-square":["https:\/\/elregionaldigital.info\/wp-content\/uploads\/2023\/11\/9-1-600x600.jpeg",600,600,true],"cvmm-large":["https:\/\/elregionaldigital.info\/wp-content\/uploads\/2023\/11\/9-1-1024x720.jpeg",1024,720,true],"cvmm-small":["https:\/\/elregionaldigital.info\/wp-content\/uploads\/2023\/11\/9-1-130x95.jpeg",130,95,true],"full":["https:\/\/elregionaldigital.info\/wp-content\/uploads\/2023\/11\/9-1.jpeg",1280,720,false]},"_links":{"self":[{"href":"https:\/\/elregionaldigital.info\/index.php?rest_route=\/wp\/v2\/posts\/1933","targetHints":{"allow":["GET"]}}],"collection":[{"href":"https:\/\/elregionaldigital.info\/index.php?rest_route=\/wp\/v2\/posts"}],"about":[{"href":"https:\/\/elregionaldigital.info\/index.php?rest_route=\/wp\/v2\/types\/post"}],"author":[{"embeddable":true,"href":"https:\/\/elregionaldigital.info\/index.php?rest_route=\/wp\/v2\/users\/1"}],"replies":[{"embeddable":true,"href":"https:\/\/elregionaldigital.info\/index.php?rest_route=%2Fwp%2Fv2%2Fcomments&post=1933"}],"version-history":[{"count":1,"href":"https:\/\/elregionaldigital.info\/index.php?rest_route=\/wp\/v2\/posts\/1933\/revisions"}],"predecessor-version":[{"id":1935,"href":"https:\/\/elregionaldigital.info\/index.php?rest_route=\/wp\/v2\/posts\/1933\/revisions\/1935"}],"wp:featuredmedia":[{"embeddable":true,"href":"https:\/\/elregionaldigital.info\/index.php?rest_route=\/wp\/v2\/media\/1934"}],"wp:attachment":[{"href":"https:\/\/elregionaldigital.info\/index.php?rest_route=%2Fwp%2Fv2%2Fmedia&parent=1933"}],"wp:term":[{"taxonomy":"category","embeddable":true,"href":"https:\/\/elregionaldigital.info\/index.php?rest_route=%2Fwp%2Fv2%2Fcategories&post=1933"},{"taxonomy":"post_tag","embeddable":true,"href":"https:\/\/elregionaldigital.info\/index.php?rest_route=%2Fwp%2Fv2%2Ftags&post=1933"}],"curies":[{"name":"wp","href":"https:\/\/api.w.org\/{rel}","templated":true}]}}