{"id":1930,"date":"2023-11-15T00:37:52","date_gmt":"2023-11-15T00:37:52","guid":{"rendered":"http:\/\/elregionaldigital.info\/?p=1930"},"modified":"2023-11-15T00:37:52","modified_gmt":"2023-11-15T00:37:52","slug":"sheinbaum-visitara-dos-veces-tamaulipas-en-precampana","status":"publish","type":"post","link":"https:\/\/elregionaldigital.info\/?p=1930","title":{"rendered":"Sheinbaum visitar\u00e1 dos veces Tamaulipas en precampa\u00f1a"},"content":{"rendered":"\n<figure class=\"wp-block-image size-large\"><img loading=\"lazy\" decoding=\"async\" width=\"1024\" height=\"538\" src=\"http:\/\/elregionaldigital.info\/wp-content\/uploads\/2023\/11\/claudia-visitara-1-1024x538.jpg\" alt=\"\" class=\"wp-image-1931\" srcset=\"https:\/\/elregionaldigital.info\/wp-content\/uploads\/2023\/11\/claudia-visitara-1-1024x538.jpg 1024w, https:\/\/elregionaldigital.info\/wp-content\/uploads\/2023\/11\/claudia-visitara-1-300x158.jpg 300w, https:\/\/elregionaldigital.info\/wp-content\/uploads\/2023\/11\/claudia-visitara-1-768x403.jpg 768w, https:\/\/elregionaldigital.info\/wp-content\/uploads\/2023\/11\/claudia-visitara-1.jpg 1200w\" sizes=\"auto, (max-width: 1024px) 100vw, 1024px\" \/><\/figure>\n\n\n\n<p>14 de noviembre 2023<\/p>\n\n\n\n<p>Reynosa, Tamaulipas.- La aspirante a la presidencia de la rep\u00fablica por MORENA, Claudia Sheinbaum estar\u00e1 visitando Tamaulipas en dos ocasiones ahora que inicien las precampa\u00f1as, aunque aun no se han confirmado las fechas, es un hecho que estar\u00e1 en Ciudad Victoria y uno de los municipios de la frontera.<\/p>\n\n\n\n<p>@Marco Batarse Ferrel, delegado estatal del Movimiento de la Coordinadora de los Comit\u00e9s de Defensa de la 4T, confirm\u00f3 que en cuanto inicie el proceso de precampa\u00f1as este pr\u00f3ximo 20 de noviembre, se estar\u00e1n confirmando las fechas en que pueda estar Sheinbaum Pardo en Tamaulipas.<\/p>\n\n\n\n<p>Cabe recordar que la ex jefa de gobierno de la CDMX, ya ha estado en diferentes ocasiones en Tamaulipas (Reynosa y Tampico) en el proceso de selecci\u00f3n de para la coordinaci\u00f3n de los comit\u00e9s de la defensa de la 4T.<\/p>\n\n\n\n<p>Solo que ahora lo har\u00e1 ya como aspirante presidencial, a lo que Batarse Ferrel, dejo en claro que, aunque a\u00fan no hay fechas establecidas y ciudades a visitar, confirm\u00f3 que una de ellas ser\u00e1 la capital del estado.<\/p>\n","protected":false},"excerpt":{"rendered":"<p>14 de noviembre 2023 Reynosa, Tamaulipas.- La aspirante a la presidencia de la rep\u00fablica por MORENA, Claudia Sheinbaum estar\u00e1 visitando Tamaulipas en dos ocasiones ahora que inicien las precampa\u00f1as, aunque aun no se han confirmado las fechas, es un hecho que estar\u00e1 en Ciudad Victoria y uno de los municipios de la frontera. @Marco Batarse [&hellip;]<\/p>\n","protected":false},"author":1,"featured_media":1931,"comment_status":"open","ping_status":"open","sticky":false,"template":"","format":"standard","meta":{"footnotes":""},"categories":[5,2],"tags":[],"class_list":["post-1930","post","type-post","status-publish","format-standard","has-post-thumbnail","hentry","category-nacional","category-tamaulipas"],"blog_post_layout_featured_media_urls":{"thumbnail":["https:\/\/elregionaldigital.info\/wp-content\/uploads\/2023\/11\/claudia-visitara-1-150x150.jpg",150,150,true],"full":["https:\/\/elregionaldigital.info\/wp-content\/uploads\/2023\/11\/claudia-visitara-1.jpg",1200,630,false]},"categories_names":{"5":{"name":"Nacional","link":"https:\/\/elregionaldigital.info\/?cat=5"},"2":{"name":"Tamaulipas","link":"https:\/\/elregionaldigital.info\/?cat=2"}},"tags_names":[],"comments_number":"0","wpmagazine_modules_lite_featured_media_urls":{"thumbnail":["https:\/\/elregionaldigital.info\/wp-content\/uploads\/2023\/11\/claudia-visitara-1-150x150.jpg",150,150,true],"cvmm-medium":["https:\/\/elregionaldigital.info\/wp-content\/uploads\/2023\/11\/claudia-visitara-1-300x300.jpg",300,300,true],"cvmm-medium-plus":["https:\/\/elregionaldigital.info\/wp-content\/uploads\/2023\/11\/claudia-visitara-1-305x207.jpg",305,207,true],"cvmm-portrait":["https:\/\/elregionaldigital.info\/wp-content\/uploads\/2023\/11\/claudia-visitara-1-400x600.jpg",400,600,true],"cvmm-medium-square":["https:\/\/elregionaldigital.info\/wp-content\/uploads\/2023\/11\/claudia-visitara-1-600x600.jpg",600,600,true],"cvmm-large":["https:\/\/elregionaldigital.info\/wp-content\/uploads\/2023\/11\/claudia-visitara-1-1024x630.jpg",1024,630,true],"cvmm-small":["https:\/\/elregionaldigital.info\/wp-content\/uploads\/2023\/11\/claudia-visitara-1-130x95.jpg",130,95,true],"full":["https:\/\/elregionaldigital.info\/wp-content\/uploads\/2023\/11\/claudia-visitara-1.jpg",1200,630,false]},"_links":{"self":[{"href":"https:\/\/elregionaldigital.info\/index.php?rest_route=\/wp\/v2\/posts\/1930","targetHints":{"allow":["GET"]}}],"collection":[{"href":"https:\/\/elregionaldigital.info\/index.php?rest_route=\/wp\/v2\/posts"}],"about":[{"href":"https:\/\/elregionaldigital.info\/index.php?rest_route=\/wp\/v2\/types\/post"}],"author":[{"embeddable":true,"href":"https:\/\/elregionaldigital.info\/index.php?rest_route=\/wp\/v2\/users\/1"}],"replies":[{"embeddable":true,"href":"https:\/\/elregionaldigital.info\/index.php?rest_route=%2Fwp%2Fv2%2Fcomments&post=1930"}],"version-history":[{"count":1,"href":"https:\/\/elregionaldigital.info\/index.php?rest_route=\/wp\/v2\/posts\/1930\/revisions"}],"predecessor-version":[{"id":1932,"href":"https:\/\/elregionaldigital.info\/index.php?rest_route=\/wp\/v2\/posts\/1930\/revisions\/1932"}],"wp:featuredmedia":[{"embeddable":true,"href":"https:\/\/elregionaldigital.info\/index.php?rest_route=\/wp\/v2\/media\/1931"}],"wp:attachment":[{"href":"https:\/\/elregionaldigital.info\/index.php?rest_route=%2Fwp%2Fv2%2Fmedia&parent=1930"}],"wp:term":[{"taxonomy":"category","embeddable":true,"href":"https:\/\/elregionaldigital.info\/index.php?rest_route=%2Fwp%2Fv2%2Fcategories&post=1930"},{"taxonomy":"post_tag","embeddable":true,"href":"https:\/\/elregionaldigital.info\/index.php?rest_route=%2Fwp%2Fv2%2Ftags&post=1930"}],"curies":[{"name":"wp","href":"https:\/\/api.w.org\/{rel}","templated":true}]}}