{"id":1926,"date":"2023-11-13T00:30:51","date_gmt":"2023-11-13T00:30:51","guid":{"rendered":"http:\/\/elregionaldigital.info\/?p=1926"},"modified":"2023-11-15T00:35:04","modified_gmt":"2023-11-15T00:35:04","slug":"flavio-medina-niega-romance-con-silvia-navarro-y-la-actriz-le-responde-ya-me-canse","status":"publish","type":"post","link":"https:\/\/elregionaldigital.info\/?p=1926","title":{"rendered":"Flavio Medina niega romance con Silvia Navarro y la actriz le responde: &#8220;Ya me cans\u00e9&#8221;"},"content":{"rendered":"\n<figure class=\"wp-block-image size-full\"><img loading=\"lazy\" decoding=\"async\" width=\"300\" height=\"200\" src=\"http:\/\/elregionaldigital.info\/wp-content\/uploads\/2023\/11\/AA1jRAU4.jpg\" alt=\"\" class=\"wp-image-1927\"\/><\/figure>\n\n\n\n<p><strong>La actriz lo exhibi\u00f3 negando su romance y le dijo de frente, y cantando, su sentir.<\/strong><\/p>\n\n\n\n<p><strong><a href=\"https:\/\/www.lasestrellas.tv\/famosos\/silvia-navarro-flavio-medina-confesion-amor-fotos-actor\" target=\"_blank\" rel=\"noreferrer noopener\">Silvia Navarro desat\u00f3 rumores de noviazgo con Flavio Medina<\/a>&nbsp;<\/strong>en agosto de 2022 cuando comparti\u00f3 una serie de fotograf\u00edas en las que aparec\u00edan muy cari\u00f1osos.<\/p>\n\n\n\n<p>Las estrellas de telenovelas evitaron aclarar la situaci\u00f3n ante los medios de comunicaci\u00f3n y ambos siguieron publicando pol\u00e9micas im\u00e1genes juntos e, incluso, se dedicaban frases como \u2018Te amo\u2019.<\/p>\n\n\n\n<p>Ante las especulaciones de un supuesto romance, Flavio Medina fue cuestionado durante la alfombra roja de su nuevo proyecto y&nbsp;<strong>dej\u00f3 claro que solo son amigos<\/strong>, por lo que los seguir\u00e1n viendo juntos.<\/p>\n\n\n\n<p>\u201c<strong>A Silvia y yo siempre nos ver\u00e1n juntos en fotos<\/strong>&nbsp;y todo porque nos adoramos\u201d, se\u00f1al\u00f3 el actor, de 45 a\u00f1os, el pasado 7 de noviembre.<\/p>\n\n\n\n<p>Las palabras del gal\u00e1n de telenovelas, provocaron que los reporteros le cuestionaran \u201c\u00bfes un amor de amigos?\u201d.<\/p>\n\n\n\n<p>Sin dudarlo, Flavio Medina respondi\u00f3 y afirm\u00f3: \u201c<strong>Somos familia<\/strong>\u201d.<\/p>\n\n\n\n<p>Algunos medios de comunicaci\u00f3n se\u00f1alaron que como prueba de su amor\u00edo, estar\u00edan los presuntos mensajes que ambos intercambiaron en el pasado en redes sociales.<\/p>\n\n\n\n<p>\u201cA verlo (el mensaje). A ver ens\u00e9\u00f1amelo, lo quiero ver y yo ahorita \u2018ya de plano\u2019\u201d, detall\u00f3 entre risas el histri\u00f3n.<\/p>\n\n\n\n<p>Ante las palabras del actor frente a los medios de comunicaci\u00f3n, Silvia Navarro retom\u00f3 las declaraciones de Medina y las replic\u00f3 en su cuenta oficial de Instagram, donde sorprendi\u00f3 con su reacci\u00f3n.<\/p>\n\n\n\n<p><strong>\u201cAnte su negativa\u2026 Adelante con las im\u00e1genes<\/strong>\u201d, escribi\u00f3 en la publicaci\u00f3n.<\/p>\n\n\n\n<p><a href=\"https:\/\/www.msn.com\/es-mx\/entretenimiento\/tv\/flavio-medina-niega-romance-con-silvia-navarro-y-la-actriz-le-responde-ya-me-cans%C3%A9\/ar-AA1jRwcY?ocid=msedgntp&amp;cvid=36428639ac54496a9c2a5461e2e64717&amp;ei=84&amp;fullscreen=true#image=2\"><\/a><a href=\"https:\/\/www.msn.com\/es-mx\/entretenimiento\/tv\/flavio-medina-niega-romance-con-silvia-navarro-y-la-actriz-le-responde-ya-me-cans%C3%A9\/ar-AA1jRwcY?ocid=msedgntp&amp;cvid=36428639ac54496a9c2a5461e2e64717&amp;ei=84&amp;fullscreen=true#image=2\"><\/a><a href=\"https:\/\/www.msn.com\/es-mx\/entretenimiento\/tv\/flavio-medina-niega-romance-con-silvia-navarro-y-la-actriz-le-responde-ya-me-cans%C3%A9\/ar-AA1jRwcY?ocid=msedgntp&amp;cvid=36428639ac54496a9c2a5461e2e64717&amp;ei=84&amp;fullscreen=true#image=2\"><\/a>Silvia Navarro le reclamo a Flavio Medina mientras le cantaba al ritmo de Yuri\u00a9\u00a0Proporcionado por Televisa Espectaculos<\/p>\n\n\n\n<p>En la grabaci\u00f3n no s\u00f3lo dej\u00f3 ver lo que dijo Flavio Medina, la actriz detall\u00f3 que \u201cya se cans\u00f3\u201d e hizo un peculiar reclamo mientras apareci\u00f3 junto al actor y le cantaba \u201cDetr\u00e1s de mi ventana\u201d.<\/p>\n\n\n\n<p>\u201c<strong>Ya me cans\u00e9 Flavio Medina<\/strong>\u2026 Ni te enteras de qu\u00e9 es lo que pasa\u201d, destac\u00f3 Silvia Navarro, quien conoci\u00f3 al actor en 2012 cuando trabajaron juntos en \u2018Amor Brav\u00edo\u2019.<\/p>\n\n\n\n<p>Los seguidores de la actriz, de 45 a\u00f1os, entre ellos algunos famosos como Angelique Boyer, Adriana Louvier e Ir\u00e1n Castillo, reaccionaron divertidos al post: &#8220;Los amoo&#8221;, escribi\u00f3 la protagonista de Teresa.<\/p>\n","protected":false},"excerpt":{"rendered":"<p>La actriz lo exhibi\u00f3 negando su romance y le dijo de frente, y cantando, su sentir. Silvia Navarro desat\u00f3 rumores de noviazgo con Flavio Medina&nbsp;en agosto de 2022 cuando comparti\u00f3 una serie de fotograf\u00edas en las que aparec\u00edan muy cari\u00f1osos. Las estrellas de telenovelas evitaron aclarar la situaci\u00f3n ante los medios de comunicaci\u00f3n y ambos [&hellip;]<\/p>\n","protected":false},"author":1,"featured_media":1927,"comment_status":"open","ping_status":"open","sticky":false,"template":"","format":"standard","meta":{"footnotes":""},"categories":[3],"tags":[],"class_list":["post-1926","post","type-post","status-publish","format-standard","has-post-thumbnail","hentry","category-entretenimiento"],"blog_post_layout_featured_media_urls":{"thumbnail":["https:\/\/elregionaldigital.info\/wp-content\/uploads\/2023\/11\/AA1jRAU4-150x150.jpg",150,150,true],"full":["https:\/\/elregionaldigital.info\/wp-content\/uploads\/2023\/11\/AA1jRAU4.jpg",300,200,false]},"categories_names":{"3":{"name":"Entretenimiento","link":"https:\/\/elregionaldigital.info\/?cat=3"}},"tags_names":[],"comments_number":"0","wpmagazine_modules_lite_featured_media_urls":{"thumbnail":["https:\/\/elregionaldigital.info\/wp-content\/uploads\/2023\/11\/AA1jRAU4-150x150.jpg",150,150,true],"cvmm-medium":["https:\/\/elregionaldigital.info\/wp-content\/uploads\/2023\/11\/AA1jRAU4.jpg",300,200,false],"cvmm-medium-plus":["https:\/\/elregionaldigital.info\/wp-content\/uploads\/2023\/11\/AA1jRAU4.jpg",300,200,false],"cvmm-portrait":["https:\/\/elregionaldigital.info\/wp-content\/uploads\/2023\/11\/AA1jRAU4.jpg",300,200,false],"cvmm-medium-square":["https:\/\/elregionaldigital.info\/wp-content\/uploads\/2023\/11\/AA1jRAU4.jpg",300,200,false],"cvmm-large":["https:\/\/elregionaldigital.info\/wp-content\/uploads\/2023\/11\/AA1jRAU4.jpg",300,200,false],"cvmm-small":["https:\/\/elregionaldigital.info\/wp-content\/uploads\/2023\/11\/AA1jRAU4-130x95.jpg",130,95,true],"full":["https:\/\/elregionaldigital.info\/wp-content\/uploads\/2023\/11\/AA1jRAU4.jpg",300,200,false]},"_links":{"self":[{"href":"https:\/\/elregionaldigital.info\/index.php?rest_route=\/wp\/v2\/posts\/1926","targetHints":{"allow":["GET"]}}],"collection":[{"href":"https:\/\/elregionaldigital.info\/index.php?rest_route=\/wp\/v2\/posts"}],"about":[{"href":"https:\/\/elregionaldigital.info\/index.php?rest_route=\/wp\/v2\/types\/post"}],"author":[{"embeddable":true,"href":"https:\/\/elregionaldigital.info\/index.php?rest_route=\/wp\/v2\/users\/1"}],"replies":[{"embeddable":true,"href":"https:\/\/elregionaldigital.info\/index.php?rest_route=%2Fwp%2Fv2%2Fcomments&post=1926"}],"version-history":[{"count":1,"href":"https:\/\/elregionaldigital.info\/index.php?rest_route=\/wp\/v2\/posts\/1926\/revisions"}],"predecessor-version":[{"id":1928,"href":"https:\/\/elregionaldigital.info\/index.php?rest_route=\/wp\/v2\/posts\/1926\/revisions\/1928"}],"wp:featuredmedia":[{"embeddable":true,"href":"https:\/\/elregionaldigital.info\/index.php?rest_route=\/wp\/v2\/media\/1927"}],"wp:attachment":[{"href":"https:\/\/elregionaldigital.info\/index.php?rest_route=%2Fwp%2Fv2%2Fmedia&parent=1926"}],"wp:term":[{"taxonomy":"category","embeddable":true,"href":"https:\/\/elregionaldigital.info\/index.php?rest_route=%2Fwp%2Fv2%2Fcategories&post=1926"},{"taxonomy":"post_tag","embeddable":true,"href":"https:\/\/elregionaldigital.info\/index.php?rest_route=%2Fwp%2Fv2%2Ftags&post=1926"}],"curies":[{"name":"wp","href":"https:\/\/api.w.org\/{rel}","templated":true}]}}