{"id":1922,"date":"2023-11-11T17:45:00","date_gmt":"2023-11-11T17:45:00","guid":{"rendered":"http:\/\/elregionaldigital.info\/?p=1922"},"modified":"2023-11-13T00:53:18","modified_gmt":"2023-11-13T00:53:18","slug":"muere-raphael-dwamena-futbolista-ghanes-tras-desplomarse-en-pleno-partido","status":"publish","type":"post","link":"https:\/\/elregionaldigital.info\/?p=1922","title":{"rendered":"Muere Raphael Dwamena, futbolista ghan\u00e9s, tras desplomarse en pleno partido"},"content":{"rendered":"\n<p>Raphael Dwamena, delantero del Egnatia y exjugador de equipos como Levante o Zaragoza, muri\u00f3 este s\u00e1bado durante un partido de la Superliga albanesa; ten\u00eda 27 a\u00f1os<\/p>\n\n\n\n<p>11 Nov, 2023&nbsp;<\/p>\n\n\n\n<figure class=\"wp-block-image size-full\"><img loading=\"lazy\" decoding=\"async\" width=\"960\" height=\"540\" src=\"http:\/\/elregionaldigital.info\/wp-content\/uploads\/2023\/11\/f960x540-839672_913747_0-1.jpg\" alt=\"\" class=\"wp-image-1924\" srcset=\"https:\/\/elregionaldigital.info\/wp-content\/uploads\/2023\/11\/f960x540-839672_913747_0-1.jpg 960w, https:\/\/elregionaldigital.info\/wp-content\/uploads\/2023\/11\/f960x540-839672_913747_0-1-300x169.jpg 300w, https:\/\/elregionaldigital.info\/wp-content\/uploads\/2023\/11\/f960x540-839672_913747_0-1-768x432.jpg 768w\" sizes=\"auto, (max-width: 960px) 100vw, 960px\" \/><\/figure>\n\n\n\n<p>La ma\u00f1ana de este s\u00e1bado 11 de noviembre la industria deportiva se visti\u00f3 de luto debido a que el futbolista ghan\u00e9s,&nbsp;<strong>Raphael Dwamena<\/strong>, falleci\u00f3 tras desplomarse en pleno partido debido a un aparente ataque al coraz\u00f3n, por lo que las dram\u00e1ticas im\u00e1genes le han dado la vuelta al mundo y han provocado una gran conmoci\u00f3n entre el gremio del balompi\u00e9 mundial.&nbsp;<\/p>\n\n\n\n<p>Raphael Dwamena ten\u00eda 28 a\u00f1os, actualmente militaba en las filas del Egnatia de la Serie A de Albania y en el pasado perteneci\u00f3 a equipos de talla mundial como el Levante y el Real Zaragoza de<strong>\u00a0La Liga de Espa<\/strong>\u00f1a<\/p>\n\n\n\n<h2 class=\"wp-block-heading\">As\u00ed fue la dram\u00e1tica muerte del futbolista Raphael Dwamena<\/h2>\n\n\n\n<p>Este s\u00e1bado el<strong>\u00a0Egnatia\u00a0<\/strong>de Raphael Dwamena se enfrent\u00f3 al\u00a0<strong>Partizani\u00a0<\/strong>en uno de los partidos m\u00e1s importante de la temporada pues ambos clubes se estaban disputando el liderato de la\u00a0<strong>Superliga de Albania<\/strong>\u00a0donde luego de trece fechas ambos equipos se ubican en la parte alta de la tabla con 27 puntos y lo que se esperaba fuera un partido re\u00f1ido termin\u00f3 en una aut\u00e9ntica tragedia pues cuando corr\u00eda el minuto 24 de acciones el delantero ghan\u00e9s se desplom\u00f3 cerca del \u00e1rea rival, por lo que el silbante al percatarse de la situaci\u00f3n de inmediato solicit\u00f3 la intervenci\u00f3n del equipo m\u00e9dico<\/p>\n\n\n\n<p>En el video de la transmisi\u00f3n del partido se pudo ver que tanto sus compa\u00f1eros como los rivales se corrieron hacia \u00e9l para tratar de auxiliarlo mientras llegaban los m\u00e9dicos de su equipo, quienes se encargaron de brindarle los primeros auxilios en pleno terreno de juego para despu\u00e9s trasladar al jugador en ambulancia a una cl\u00ednica cercana donde minutos m\u00e1s tarde perdi\u00f3 la vida pese a los intentos de reanimarlo.<\/p>\n\n\n\n<p>Tras este desafortunado momento, el juez central tom\u00f3 la decisi\u00f3n de suspender el partido y una vez que se confirm\u00f3 la muerte del futbolista africano, la<strong>\u00a0liga de Albania<\/strong>\u00a0notific\u00f3 que el resto de la jornada tambi\u00e9n quedaba suspendida en se\u00f1al de duelo.<\/p>\n\n\n\n<p>Como era de esperarse, la noticia del dram\u00e1tico fallecimiento de&nbsp;<strong>Raphael Dwamena<\/strong>&nbsp;corri\u00f3 como la p\u00f3lvora alrededor de todo el mundo, por lo que las reacciones entre el gremio futbol\u00edstico no se hicieron esperar, destacando las de la&nbsp;<strong>Federaci\u00f3n de Futbol de Ghana, el Levante y la Real Sociedad,<\/strong>&nbsp;equipos para los que en alg\u00fan momento de su vida jug\u00f3 el delantero fallecido a los 28 a\u00f1os de edad.<\/p>\n\n\n\n<h2 class=\"wp-block-heading\">Raphael Dwamena ten\u00eda problemas cardiacos &nbsp;<\/h2>\n\n\n\n<p>De acuerdo con los reportes de distintos medios locales, Raphael Dwamena ya hab\u00eda presentado dificultades cardiacas con anterioridad, incluso los m\u00e9dicos le hab\u00edan recomendado no volver a jugar debido a que hace poco m\u00e1s de tres a\u00f1os<strong>&nbsp;le implantaron un dispositivo en el coraz\u00f3n<\/strong>, sin embargo, el ghan\u00e9s opt\u00f3 por aferrarse a las canchas y fue hace apenas unos cuantos meses cuando volvi\u00f3 a los empastados, sin imaginar que ser\u00eda en este lugar donde perder\u00eda la vida.<\/p>\n","protected":false},"excerpt":{"rendered":"<p>Raphael Dwamena, delantero del Egnatia y exjugador de equipos como Levante o Zaragoza, muri\u00f3 este s\u00e1bado durante un partido de la Superliga albanesa; ten\u00eda 27 a\u00f1os 11 Nov, 2023&nbsp; La ma\u00f1ana de este s\u00e1bado 11 de noviembre la industria deportiva se visti\u00f3 de luto debido a que el futbolista ghan\u00e9s,&nbsp;Raphael Dwamena, falleci\u00f3 tras desplomarse en [&hellip;]<\/p>\n","protected":false},"author":1,"featured_media":1923,"comment_status":"open","ping_status":"open","sticky":false,"template":"","format":"standard","meta":{"footnotes":""},"categories":[6,11],"tags":[],"class_list":["post-1922","post","type-post","status-publish","format-standard","has-post-thumbnail","hentry","category-deportes","category-mundo"],"blog_post_layout_featured_media_urls":{"thumbnail":["https:\/\/elregionaldigital.info\/wp-content\/uploads\/2023\/11\/f960x540-839672_913747_0-150x150.jpg",150,150,true],"full":["https:\/\/elregionaldigital.info\/wp-content\/uploads\/2023\/11\/f960x540-839672_913747_0.jpg",960,540,false]},"categories_names":{"6":{"name":"Deportes","link":"https:\/\/elregionaldigital.info\/?cat=6"},"11":{"name":"Mundo","link":"https:\/\/elregionaldigital.info\/?cat=11"}},"tags_names":[],"comments_number":"0","wpmagazine_modules_lite_featured_media_urls":{"thumbnail":["https:\/\/elregionaldigital.info\/wp-content\/uploads\/2023\/11\/f960x540-839672_913747_0-150x150.jpg",150,150,true],"cvmm-medium":["https:\/\/elregionaldigital.info\/wp-content\/uploads\/2023\/11\/f960x540-839672_913747_0-300x300.jpg",300,300,true],"cvmm-medium-plus":["https:\/\/elregionaldigital.info\/wp-content\/uploads\/2023\/11\/f960x540-839672_913747_0-305x207.jpg",305,207,true],"cvmm-portrait":["https:\/\/elregionaldigital.info\/wp-content\/uploads\/2023\/11\/f960x540-839672_913747_0-400x540.jpg",400,540,true],"cvmm-medium-square":["https:\/\/elregionaldigital.info\/wp-content\/uploads\/2023\/11\/f960x540-839672_913747_0-600x540.jpg",600,540,true],"cvmm-large":["https:\/\/elregionaldigital.info\/wp-content\/uploads\/2023\/11\/f960x540-839672_913747_0.jpg",960,540,false],"cvmm-small":["https:\/\/elregionaldigital.info\/wp-content\/uploads\/2023\/11\/f960x540-839672_913747_0-130x95.jpg",130,95,true],"full":["https:\/\/elregionaldigital.info\/wp-content\/uploads\/2023\/11\/f960x540-839672_913747_0.jpg",960,540,false]},"_links":{"self":[{"href":"https:\/\/elregionaldigital.info\/index.php?rest_route=\/wp\/v2\/posts\/1922","targetHints":{"allow":["GET"]}}],"collection":[{"href":"https:\/\/elregionaldigital.info\/index.php?rest_route=\/wp\/v2\/posts"}],"about":[{"href":"https:\/\/elregionaldigital.info\/index.php?rest_route=\/wp\/v2\/types\/post"}],"author":[{"embeddable":true,"href":"https:\/\/elregionaldigital.info\/index.php?rest_route=\/wp\/v2\/users\/1"}],"replies":[{"embeddable":true,"href":"https:\/\/elregionaldigital.info\/index.php?rest_route=%2Fwp%2Fv2%2Fcomments&post=1922"}],"version-history":[{"count":1,"href":"https:\/\/elregionaldigital.info\/index.php?rest_route=\/wp\/v2\/posts\/1922\/revisions"}],"predecessor-version":[{"id":1925,"href":"https:\/\/elregionaldigital.info\/index.php?rest_route=\/wp\/v2\/posts\/1922\/revisions\/1925"}],"wp:featuredmedia":[{"embeddable":true,"href":"https:\/\/elregionaldigital.info\/index.php?rest_route=\/wp\/v2\/media\/1923"}],"wp:attachment":[{"href":"https:\/\/elregionaldigital.info\/index.php?rest_route=%2Fwp%2Fv2%2Fmedia&parent=1922"}],"wp:term":[{"taxonomy":"category","embeddable":true,"href":"https:\/\/elregionaldigital.info\/index.php?rest_route=%2Fwp%2Fv2%2Fcategories&post=1922"},{"taxonomy":"post_tag","embeddable":true,"href":"https:\/\/elregionaldigital.info\/index.php?rest_route=%2Fwp%2Fv2%2Ftags&post=1922"}],"curies":[{"name":"wp","href":"https:\/\/api.w.org\/{rel}","templated":true}]}}