{"id":1915,"date":"2023-11-03T13:24:50","date_gmt":"2023-11-03T13:24:50","guid":{"rendered":"http:\/\/elregionaldigital.info\/?p=1915"},"modified":"2023-11-10T13:27:27","modified_gmt":"2023-11-10T13:27:27","slug":"promueve-uat-el-cultivo-y-conservacion-de-orquideas","status":"publish","type":"post","link":"https:\/\/elregionaldigital.info\/?p=1915","title":{"rendered":"Promueve UAT el cultivo y conservaci\u00f3n de orqu\u00eddeas"},"content":{"rendered":"\n<figure class=\"wp-block-image size-large\"><img loading=\"lazy\" decoding=\"async\" width=\"1024\" height=\"682\" src=\"http:\/\/elregionaldigital.info\/wp-content\/uploads\/2023\/11\/4-8-1024x682.jpg\" alt=\"\" class=\"wp-image-1916\" srcset=\"https:\/\/elregionaldigital.info\/wp-content\/uploads\/2023\/11\/4-8-1024x682.jpg 1024w, https:\/\/elregionaldigital.info\/wp-content\/uploads\/2023\/11\/4-8-300x200.jpg 300w, https:\/\/elregionaldigital.info\/wp-content\/uploads\/2023\/11\/4-8-768x512.jpg 768w, https:\/\/elregionaldigital.info\/wp-content\/uploads\/2023\/11\/4-8.jpg 1280w\" sizes=\"auto, (max-width: 1024px) 100vw, 1024px\" \/><\/figure>\n\n\n\n<p>Ciudad Victoria, Tam.; 3 de noviembre de 2023.<br>Promueve UAT el cultivo y conservaci\u00f3n de orqu\u00eddeas<\/p>\n\n\n\n<p>El Instituto de Ecolog\u00eda Aplicada (IEA) de la Universidad Aut\u00f3noma de Tamaulipas<br>(UAT) llev\u00f3 a cabo un curso y taller te\u00f3rico-pr\u00e1ctico titulado &#8220;Cultivo de orqu\u00eddeas,<br>t\u00e9cnicas y generalidades&#8221; con el prop\u00f3sito de fomentar la conservaci\u00f3n de esas<br>plantas y brindar informaci\u00f3n sobre su cultivo y preservaci\u00f3n.<br>Atendiendo uno de los objetivos que impulsa el rector Guillermo Mendoza<br>Cavazos, en el sentido de vincular la investigaci\u00f3n que genera la UAT con el<br>desarrollo sustentable, este programa representa un valioso esfuerzo para educar<br>al p\u00fablico en general sobre la importancia de cuidar las orqu\u00eddeas, contribuyendo<br>a su conservaci\u00f3n.<br>Durante la apertura del curso taller, el Dr. Antonio Guerra P\u00e9rez,<br>investigador del Instituto de Ecolog\u00eda en el \u00e1rea de etnobiolog\u00eda, subray\u00f3 la<br>importancia de la conservaci\u00f3n de las orqu\u00eddeas en Tamaulipas, donde se estima<br>que existen m\u00e1s de 80 especies, algunas de las cuales est\u00e1n en peligro de<br>extinci\u00f3n debido al uso excesivo y saqueo en la naturaleza.<br>Por ello, destac\u00f3 la relevancia de fomentar su producci\u00f3n en invernaderos y<br>la protecci\u00f3n de \u00e1reas naturales, que son pasos fundamentales para garantizar su<br>supervivencia.<br>Se\u00f1al\u00f3 que esta familia de plantas es cosmopolita, ya que se encuentra en<br>todo el mundo, con excepci\u00f3n de las regiones polares.<br>Agreg\u00f3 que las orqu\u00eddeas no solo tienen valor ornamental, sino que algunas<br>tambi\u00e9n son comestibles y medicinales.<br>En ese contexto, el curso taller se imparti\u00f3 en tres partes mediante<br>diferentes tem\u00e1ticas con la colaboraci\u00f3n de expertos en el campo de la ecolog\u00eda y<br>bot\u00e1nica.<\/p>\n\n\n\n<p>La primera parte estuvo a cargo de la Maestra en Ciencias Julieta<br>Hern\u00e1ndez Mej\u00eda, estudiante del doctorado en Ecolog\u00eda y Manejo de Recursos<br>Naturales de la UAT, quien expuso las caracter\u00edsticas, taxonom\u00eda y distribuci\u00f3n de<br>las orqu\u00eddeas.<br>Los participantes tambi\u00e9n recibieron informaci\u00f3n detallada sobre la<br>estructura de la orqu\u00eddea y conocimientos sobre la reproducci\u00f3n de esas plantas,<br>que ocurre a trav\u00e9s de floraci\u00f3n, polinizaci\u00f3n, germinaci\u00f3n y varios m\u00e9todos de<br>propagaci\u00f3n.<br>La segunda parte del curso estuvo a cargo del Ing. Jorge Jim\u00e9nez P\u00e9rez,<br>quien abord\u00f3 las condiciones necesarias para el crecimiento de las orqu\u00eddeas en<br>su entorno natural y en invernaderos. De manera pr\u00e1ctica se proporcionaron<br>detalles sobre el sustrato, riego, fertilizaci\u00f3n y control de plagas, elementos<br>esenciales para el cuidado exitoso de las plantas.<br>La tercera y \u00faltima parte del taller fue dirigida por el Dr. Antonio Guerra<br>P\u00e9rez, quien inform\u00f3 a los participantes sobre la diversidad de la familia<br>Orchideaceae en Tamaulipas, la importancia de la protecci\u00f3n y conservaci\u00f3n de<br>las orqu\u00eddeas silvestres, as\u00ed como las especies amenazadas. Adem\u00e1s, se destac\u00f3<br>el papel fundamental de las \u00e1reas naturales protegidas en la preservaci\u00f3n de esas<br>plantas.<\/p>\n","protected":false},"excerpt":{"rendered":"<p>Ciudad Victoria, Tam.; 3 de noviembre de 2023.Promueve UAT el cultivo y conservaci\u00f3n de orqu\u00eddeas El Instituto de Ecolog\u00eda Aplicada (IEA) de la Universidad Aut\u00f3noma de Tamaulipas(UAT) llev\u00f3 a cabo un curso y taller te\u00f3rico-pr\u00e1ctico titulado &#8220;Cultivo de orqu\u00eddeas,t\u00e9cnicas y generalidades&#8221; con el prop\u00f3sito de fomentar la conservaci\u00f3n de esasplantas y brindar informaci\u00f3n sobre su [&hellip;]<\/p>\n","protected":false},"author":1,"featured_media":1916,"comment_status":"open","ping_status":"open","sticky":false,"template":"","format":"standard","meta":{"footnotes":""},"categories":[4],"tags":[],"class_list":["post-1915","post","type-post","status-publish","format-standard","has-post-thumbnail","hentry","category-universidades"],"blog_post_layout_featured_media_urls":{"thumbnail":["https:\/\/elregionaldigital.info\/wp-content\/uploads\/2023\/11\/4-8-150x150.jpg",150,150,true],"full":["https:\/\/elregionaldigital.info\/wp-content\/uploads\/2023\/11\/4-8.jpg",1280,853,false]},"categories_names":{"4":{"name":"Universidades","link":"https:\/\/elregionaldigital.info\/?cat=4"}},"tags_names":[],"comments_number":"0","wpmagazine_modules_lite_featured_media_urls":{"thumbnail":["https:\/\/elregionaldigital.info\/wp-content\/uploads\/2023\/11\/4-8-150x150.jpg",150,150,true],"cvmm-medium":["https:\/\/elregionaldigital.info\/wp-content\/uploads\/2023\/11\/4-8-300x300.jpg",300,300,true],"cvmm-medium-plus":["https:\/\/elregionaldigital.info\/wp-content\/uploads\/2023\/11\/4-8-305x207.jpg",305,207,true],"cvmm-portrait":["https:\/\/elregionaldigital.info\/wp-content\/uploads\/2023\/11\/4-8-400x600.jpg",400,600,true],"cvmm-medium-square":["https:\/\/elregionaldigital.info\/wp-content\/uploads\/2023\/11\/4-8-600x600.jpg",600,600,true],"cvmm-large":["https:\/\/elregionaldigital.info\/wp-content\/uploads\/2023\/11\/4-8-1024x853.jpg",1024,853,true],"cvmm-small":["https:\/\/elregionaldigital.info\/wp-content\/uploads\/2023\/11\/4-8-130x95.jpg",130,95,true],"full":["https:\/\/elregionaldigital.info\/wp-content\/uploads\/2023\/11\/4-8.jpg",1280,853,false]},"_links":{"self":[{"href":"https:\/\/elregionaldigital.info\/index.php?rest_route=\/wp\/v2\/posts\/1915","targetHints":{"allow":["GET"]}}],"collection":[{"href":"https:\/\/elregionaldigital.info\/index.php?rest_route=\/wp\/v2\/posts"}],"about":[{"href":"https:\/\/elregionaldigital.info\/index.php?rest_route=\/wp\/v2\/types\/post"}],"author":[{"embeddable":true,"href":"https:\/\/elregionaldigital.info\/index.php?rest_route=\/wp\/v2\/users\/1"}],"replies":[{"embeddable":true,"href":"https:\/\/elregionaldigital.info\/index.php?rest_route=%2Fwp%2Fv2%2Fcomments&post=1915"}],"version-history":[{"count":1,"href":"https:\/\/elregionaldigital.info\/index.php?rest_route=\/wp\/v2\/posts\/1915\/revisions"}],"predecessor-version":[{"id":1917,"href":"https:\/\/elregionaldigital.info\/index.php?rest_route=\/wp\/v2\/posts\/1915\/revisions\/1917"}],"wp:featuredmedia":[{"embeddable":true,"href":"https:\/\/elregionaldigital.info\/index.php?rest_route=\/wp\/v2\/media\/1916"}],"wp:attachment":[{"href":"https:\/\/elregionaldigital.info\/index.php?rest_route=%2Fwp%2Fv2%2Fmedia&parent=1915"}],"wp:term":[{"taxonomy":"category","embeddable":true,"href":"https:\/\/elregionaldigital.info\/index.php?rest_route=%2Fwp%2Fv2%2Fcategories&post=1915"},{"taxonomy":"post_tag","embeddable":true,"href":"https:\/\/elregionaldigital.info\/index.php?rest_route=%2Fwp%2Fv2%2Ftags&post=1915"}],"curies":[{"name":"wp","href":"https:\/\/api.w.org\/{rel}","templated":true}]}}