{"id":1905,"date":"2023-11-10T06:02:00","date_gmt":"2023-11-10T06:02:00","guid":{"rendered":"http:\/\/elregionaldigital.info\/?p=1905"},"modified":"2023-11-10T06:02:01","modified_gmt":"2023-11-10T06:02:01","slug":"firma-la-uat-acuerdo-con-south-texas-college","status":"publish","type":"post","link":"https:\/\/elregionaldigital.info\/?p=1905","title":{"rendered":"Firma la UAT acuerdo con South Texas College"},"content":{"rendered":"\n<figure class=\"wp-block-image size-full\"><img loading=\"lazy\" decoding=\"async\" width=\"1024\" height=\"456\" src=\"http:\/\/elregionaldigital.info\/wp-content\/uploads\/2023\/11\/5-3.jpg\" alt=\"\" class=\"wp-image-1906\" srcset=\"https:\/\/elregionaldigital.info\/wp-content\/uploads\/2023\/11\/5-3.jpg 1024w, https:\/\/elregionaldigital.info\/wp-content\/uploads\/2023\/11\/5-3-300x134.jpg 300w, https:\/\/elregionaldigital.info\/wp-content\/uploads\/2023\/11\/5-3-768x342.jpg 768w\" sizes=\"auto, (max-width: 1024px) 100vw, 1024px\" \/><\/figure>\n\n\n\n<p>Ciudad Victoria, Tam.; 9 de noviembre de 2023.<\/p>\n\n\n\n<p>Firma la UAT acuerdo con South Texas College<\/p>\n\n\n\n<p>En el marco de los proyectos de colaboraci\u00f3n internacional, la Universidad<br>Aut\u00f3noma de Tamaulipas (UAT) y South Texas College (STC) firmaron un<br>acuerdo que permitir\u00e1 fortalecer la vinculaci\u00f3n entre ambas instituciones y realizar<br>programas en materia acad\u00e9mica, as\u00ed como de movilidad de estudiantes y<br>docentes.<br>El C.P. Guillermo Mendoza Cavazos, rector de la UAT, y el Dr. Ricardo J.<br>Sol\u00eds, presidente de STC, suscribieron el convenio que consolida la cooperaci\u00f3n<br>bilateral para impulsar programas conjuntos en beneficio de sus comunidades<br>estudiantiles y docentes.<br>La firma del acuerdo se llev\u00f3 a cabo en el Campus Pecan de STC ubicado<br>en la ciudad de McAllen, Texas, en los Estados Unidos, donde estuvieron<br>presentes tambi\u00e9n autoridades acad\u00e9micas de la UAT que acompa\u00f1aron al rector<br>Guillermo Mendoza Cavazos.<br>En ese contexto, se puso de relieve que el acuerdo celebrado es una<br>asociaci\u00f3n hist\u00f3rica entre ambos sistemas universitarios, y que, en primera<br>instancia, abre la oportunidad a estudiantes de la UAT para ampliar sus<br>conocimientos en las \u00e1reas de ciberseguridad y tecnolog\u00edas de la informaci\u00f3n en<br>los programas de vanguardia del South Texas College.<br>Por parte de la UAT asistieron: el Mtro. Mauricio Pimentel Torres, secretario<br>de Vinculaci\u00f3n; la Dra. Mar\u00eda de Jes\u00fas Hern\u00e1ndez Rangel, directora de Relaciones<br>Internacionales; el Dr. Jaime Gerardo Malacara Nav\u00e9jar, director de la Unidad<br>Acad\u00e9mica Multidisciplinaria Reynosa Rodhe y la Dra. Karla Villarreal Sotelo,<br>directora de la Unidad Acad\u00e9mica Multidisciplinaria Reynosa Aztl\u00e1n.<\/p>\n","protected":false},"excerpt":{"rendered":"<p>Ciudad Victoria, Tam.; 9 de noviembre de 2023. Firma la UAT acuerdo con South Texas College En el marco de los proyectos de colaboraci\u00f3n internacional, la UniversidadAut\u00f3noma de Tamaulipas (UAT) y South Texas College (STC) firmaron unacuerdo que permitir\u00e1 fortalecer la vinculaci\u00f3n entre ambas instituciones y realizarprogramas en materia acad\u00e9mica, as\u00ed como de movilidad de [&hellip;]<\/p>\n","protected":false},"author":1,"featured_media":1906,"comment_status":"open","ping_status":"open","sticky":false,"template":"","format":"standard","meta":{"footnotes":""},"categories":[4],"tags":[],"class_list":["post-1905","post","type-post","status-publish","format-standard","has-post-thumbnail","hentry","category-universidades"],"blog_post_layout_featured_media_urls":{"thumbnail":["https:\/\/elregionaldigital.info\/wp-content\/uploads\/2023\/11\/5-3-150x150.jpg",150,150,true],"full":["https:\/\/elregionaldigital.info\/wp-content\/uploads\/2023\/11\/5-3.jpg",1024,456,false]},"categories_names":{"4":{"name":"Universidades","link":"https:\/\/elregionaldigital.info\/?cat=4"}},"tags_names":[],"comments_number":"0","wpmagazine_modules_lite_featured_media_urls":{"thumbnail":["https:\/\/elregionaldigital.info\/wp-content\/uploads\/2023\/11\/5-3-150x150.jpg",150,150,true],"cvmm-medium":["https:\/\/elregionaldigital.info\/wp-content\/uploads\/2023\/11\/5-3-300x300.jpg",300,300,true],"cvmm-medium-plus":["https:\/\/elregionaldigital.info\/wp-content\/uploads\/2023\/11\/5-3-305x207.jpg",305,207,true],"cvmm-portrait":["https:\/\/elregionaldigital.info\/wp-content\/uploads\/2023\/11\/5-3-400x456.jpg",400,456,true],"cvmm-medium-square":["https:\/\/elregionaldigital.info\/wp-content\/uploads\/2023\/11\/5-3-600x456.jpg",600,456,true],"cvmm-large":["https:\/\/elregionaldigital.info\/wp-content\/uploads\/2023\/11\/5-3.jpg",1024,456,false],"cvmm-small":["https:\/\/elregionaldigital.info\/wp-content\/uploads\/2023\/11\/5-3-130x95.jpg",130,95,true],"full":["https:\/\/elregionaldigital.info\/wp-content\/uploads\/2023\/11\/5-3.jpg",1024,456,false]},"_links":{"self":[{"href":"https:\/\/elregionaldigital.info\/index.php?rest_route=\/wp\/v2\/posts\/1905","targetHints":{"allow":["GET"]}}],"collection":[{"href":"https:\/\/elregionaldigital.info\/index.php?rest_route=\/wp\/v2\/posts"}],"about":[{"href":"https:\/\/elregionaldigital.info\/index.php?rest_route=\/wp\/v2\/types\/post"}],"author":[{"embeddable":true,"href":"https:\/\/elregionaldigital.info\/index.php?rest_route=\/wp\/v2\/users\/1"}],"replies":[{"embeddable":true,"href":"https:\/\/elregionaldigital.info\/index.php?rest_route=%2Fwp%2Fv2%2Fcomments&post=1905"}],"version-history":[{"count":1,"href":"https:\/\/elregionaldigital.info\/index.php?rest_route=\/wp\/v2\/posts\/1905\/revisions"}],"predecessor-version":[{"id":1907,"href":"https:\/\/elregionaldigital.info\/index.php?rest_route=\/wp\/v2\/posts\/1905\/revisions\/1907"}],"wp:featuredmedia":[{"embeddable":true,"href":"https:\/\/elregionaldigital.info\/index.php?rest_route=\/wp\/v2\/media\/1906"}],"wp:attachment":[{"href":"https:\/\/elregionaldigital.info\/index.php?rest_route=%2Fwp%2Fv2%2Fmedia&parent=1905"}],"wp:term":[{"taxonomy":"category","embeddable":true,"href":"https:\/\/elregionaldigital.info\/index.php?rest_route=%2Fwp%2Fv2%2Fcategories&post=1905"},{"taxonomy":"post_tag","embeddable":true,"href":"https:\/\/elregionaldigital.info\/index.php?rest_route=%2Fwp%2Fv2%2Ftags&post=1905"}],"curies":[{"name":"wp","href":"https:\/\/api.w.org\/{rel}","templated":true}]}}