{"id":1902,"date":"2023-11-09T19:49:43","date_gmt":"2023-11-09T19:49:43","guid":{"rendered":"http:\/\/elregionaldigital.info\/?p=1902"},"modified":"2023-11-09T19:49:43","modified_gmt":"2023-11-09T19:49:43","slug":"marcelo-ebrard-fue-hospitalizado","status":"publish","type":"post","link":"https:\/\/elregionaldigital.info\/?p=1902","title":{"rendered":"Marcelo Ebrard fue hospitalizado"},"content":{"rendered":"\n<figure class=\"wp-block-image size-full\"><img loading=\"lazy\" decoding=\"async\" width=\"534\" height=\"534\" src=\"http:\/\/elregionaldigital.info\/wp-content\/uploads\/2023\/11\/AA1jF0S0.jpg\" alt=\"\" class=\"wp-image-1903\" srcset=\"https:\/\/elregionaldigital.info\/wp-content\/uploads\/2023\/11\/AA1jF0S0.jpg 534w, https:\/\/elregionaldigital.info\/wp-content\/uploads\/2023\/11\/AA1jF0S0-300x300.jpg 300w, https:\/\/elregionaldigital.info\/wp-content\/uploads\/2023\/11\/AA1jF0S0-150x150.jpg 150w\" sizes=\"auto, (max-width: 534px) 100vw, 534px\" \/><\/figure>\n\n\n\n<p>Marcelo Ebrard, figura destacada de Morena y aspirante a la candidatura presidencial,\u00a0<strong>habr\u00eda sido hospitalizado debido a un cuadro de presi\u00f3n arterial alta<\/strong>, seg\u00fan inform\u00f3 la revista Proceso, citando fuentes cercanas al exfuncionario federal. La noticia surge en un momento crucial, ya que Ebrard est\u00e1 a la espera de la decisi\u00f3n de Morena sobre las impugnaciones que present\u00f3 contra el proceso interno del partido.<\/p>\n\n\n\n<p>Aunque la noticia inicial fue desmentida por integrantes de su equipo de campa\u00f1a, quienes aseguraron que&nbsp;<a href=\"https:\/\/www.lasirena.la\/seccion\/noticias\" target=\"_blank\" rel=\"noreferrer noopener\">Marcelo Ebrard<\/a>&nbsp;trabaja con normalidad en su oficina, el propio pol\u00edtico reapareci\u00f3 en redes sociales para&nbsp;<strong>aclarar su estado de salud<\/strong>. En un video, exhibi\u00f3 la nota que circulaba sobre su<strong>&nbsp;supuesta hospitalizaci\u00f3n<\/strong>&nbsp;y afirm\u00f3 que goza de &#8220;cabal salud&#8221;.<\/p>\n\n\n\n<p>La \u00faltima publicaci\u00f3n de Marcelo Ebrard en sus\u00a0<a href=\"https:\/\/www.lasirena.la\/\" target=\"_blank\" rel=\"noreferrer noopener\">redes sociales<\/a>\u00a0data del 2 de noviembre, donde celebr\u00f3 el \u00e9xito de su organizaci\u00f3n pol\u00edtica,<em>\u00a0El Camino de M\u00e9xico<\/em>, en la recolecci\u00f3n de v\u00edveres para los damnificados por el hurac\u00e1n Otis.<\/p>\n\n\n\n<p>En cuanto a su futuro pol\u00edtico, se espera que Marcelo Ebrard tome una decisi\u00f3n este jueves, en medio de las impugnaciones presentadas ante la Comisi\u00f3n Nacional de Honestidad y Justicia en relaci\u00f3n con la candidatura presidencial de Morena. El presidente nacional de Morena, Mario Delgado, expres\u00f3 su confianza en que Ebrard permanecer\u00e1 en el partido y seguir\u00e1 contribuyendo a la Cuarta Transformaci\u00f3n.<\/p>\n\n\n\n<ul class=\"wp-block-list\">\n<li><\/li>\n<\/ul>\n","protected":false},"excerpt":{"rendered":"<p>Marcelo Ebrard, figura destacada de Morena y aspirante a la candidatura presidencial,\u00a0habr\u00eda sido hospitalizado debido a un cuadro de presi\u00f3n arterial alta, seg\u00fan inform\u00f3 la revista Proceso, citando fuentes cercanas al exfuncionario federal. La noticia surge en un momento crucial, ya que Ebrard est\u00e1 a la espera de la decisi\u00f3n de Morena sobre las impugnaciones [&hellip;]<\/p>\n","protected":false},"author":1,"featured_media":1903,"comment_status":"open","ping_status":"open","sticky":false,"template":"","format":"standard","meta":{"footnotes":""},"categories":[5],"tags":[],"class_list":["post-1902","post","type-post","status-publish","format-standard","has-post-thumbnail","hentry","category-nacional"],"blog_post_layout_featured_media_urls":{"thumbnail":["https:\/\/elregionaldigital.info\/wp-content\/uploads\/2023\/11\/AA1jF0S0-150x150.jpg",150,150,true],"full":["https:\/\/elregionaldigital.info\/wp-content\/uploads\/2023\/11\/AA1jF0S0.jpg",534,534,false]},"categories_names":{"5":{"name":"Nacional","link":"https:\/\/elregionaldigital.info\/?cat=5"}},"tags_names":[],"comments_number":"0","wpmagazine_modules_lite_featured_media_urls":{"thumbnail":["https:\/\/elregionaldigital.info\/wp-content\/uploads\/2023\/11\/AA1jF0S0-150x150.jpg",150,150,true],"cvmm-medium":["https:\/\/elregionaldigital.info\/wp-content\/uploads\/2023\/11\/AA1jF0S0-300x300.jpg",300,300,true],"cvmm-medium-plus":["https:\/\/elregionaldigital.info\/wp-content\/uploads\/2023\/11\/AA1jF0S0-305x207.jpg",305,207,true],"cvmm-portrait":["https:\/\/elregionaldigital.info\/wp-content\/uploads\/2023\/11\/AA1jF0S0-400x534.jpg",400,534,true],"cvmm-medium-square":["https:\/\/elregionaldigital.info\/wp-content\/uploads\/2023\/11\/AA1jF0S0.jpg",534,534,false],"cvmm-large":["https:\/\/elregionaldigital.info\/wp-content\/uploads\/2023\/11\/AA1jF0S0.jpg",534,534,false],"cvmm-small":["https:\/\/elregionaldigital.info\/wp-content\/uploads\/2023\/11\/AA1jF0S0-130x95.jpg",130,95,true],"full":["https:\/\/elregionaldigital.info\/wp-content\/uploads\/2023\/11\/AA1jF0S0.jpg",534,534,false]},"_links":{"self":[{"href":"https:\/\/elregionaldigital.info\/index.php?rest_route=\/wp\/v2\/posts\/1902","targetHints":{"allow":["GET"]}}],"collection":[{"href":"https:\/\/elregionaldigital.info\/index.php?rest_route=\/wp\/v2\/posts"}],"about":[{"href":"https:\/\/elregionaldigital.info\/index.php?rest_route=\/wp\/v2\/types\/post"}],"author":[{"embeddable":true,"href":"https:\/\/elregionaldigital.info\/index.php?rest_route=\/wp\/v2\/users\/1"}],"replies":[{"embeddable":true,"href":"https:\/\/elregionaldigital.info\/index.php?rest_route=%2Fwp%2Fv2%2Fcomments&post=1902"}],"version-history":[{"count":1,"href":"https:\/\/elregionaldigital.info\/index.php?rest_route=\/wp\/v2\/posts\/1902\/revisions"}],"predecessor-version":[{"id":1904,"href":"https:\/\/elregionaldigital.info\/index.php?rest_route=\/wp\/v2\/posts\/1902\/revisions\/1904"}],"wp:featuredmedia":[{"embeddable":true,"href":"https:\/\/elregionaldigital.info\/index.php?rest_route=\/wp\/v2\/media\/1903"}],"wp:attachment":[{"href":"https:\/\/elregionaldigital.info\/index.php?rest_route=%2Fwp%2Fv2%2Fmedia&parent=1902"}],"wp:term":[{"taxonomy":"category","embeddable":true,"href":"https:\/\/elregionaldigital.info\/index.php?rest_route=%2Fwp%2Fv2%2Fcategories&post=1902"},{"taxonomy":"post_tag","embeddable":true,"href":"https:\/\/elregionaldigital.info\/index.php?rest_route=%2Fwp%2Fv2%2Ftags&post=1902"}],"curies":[{"name":"wp","href":"https:\/\/api.w.org\/{rel}","templated":true}]}}