{"id":1898,"date":"2023-11-08T00:10:00","date_gmt":"2023-11-08T00:10:00","guid":{"rendered":"http:\/\/elregionaldigital.info\/?p=1898"},"modified":"2023-11-08T05:01:36","modified_gmt":"2023-11-08T05:01:36","slug":"lopez-obrador-avisa-que-no-rompera-relaciones-con-israel","status":"publish","type":"post","link":"https:\/\/elregionaldigital.info\/?p=1898","title":{"rendered":"L\u00f3pez Obrador avisa que no romper\u00e1 relaciones con Israel"},"content":{"rendered":"\n<figure class=\"wp-block-image size-full\"><img loading=\"lazy\" decoding=\"async\" width=\"890\" height=\"395\" src=\"http:\/\/elregionaldigital.info\/wp-content\/uploads\/2023\/11\/1030963.jpg\" alt=\"\" class=\"wp-image-1899\" srcset=\"https:\/\/elregionaldigital.info\/wp-content\/uploads\/2023\/11\/1030963.jpg 890w, https:\/\/elregionaldigital.info\/wp-content\/uploads\/2023\/11\/1030963-300x133.jpg 300w, https:\/\/elregionaldigital.info\/wp-content\/uploads\/2023\/11\/1030963-768x341.jpg 768w\" sizes=\"auto, (max-width: 890px) 100vw, 890px\" \/><\/figure>\n\n\n\n<p>2023-11-07<\/p>\n\n\n\n<p>Ciudad de M\u00e9xico, 7 nov (EFE).- El presidente mexicano, Andr\u00e9s Manuel L\u00f3pez Obrador, avis\u00f3 este martes que no romper\u00e1 relaciones con Israel pese a la muerte de m\u00e1s de 10,000 civiles en la Franja de Gaza, lo que ha despertado acciones diplom\u00e1ticos de otros Gobiernos de la izquierda latinoamericana.<\/p>\n\n\n\n<p>\u201cNosotros, quiero decirlo con mucha claridad, no vamos a romper relaciones con Israel ni vamos a tener una postura m\u00e1s all\u00e1 de buscar la paz, de evitar que siga la guerra y, adem\u00e1s, que se extienda, porque es muy riesgoso, muy doloroso lo que est\u00e1 sucediendo, y produce hasta impotencia&#8221;, declar\u00f3.<\/p>\n\n\n\n<p>El posicionamiento del mandatario mexicano contrasta con la de otros Gobiernos de izquierda en la regi\u00f3n, como Bolivia, que la semana pasada rompi\u00f3 relaciones con Israel, y Chile y Colombia, que llamaron a consultas a sus embajadores en Tel Aviv.<\/p>\n\n\n\n<p>En su rueda de prensa matutina, el presidente mantuvo su postura de &#8220;neutralidad&#8221;, aunque ha despertado cr\u00edticas tanto de la Embajada de Israel en M\u00e9xico, que la tacha de un apoyo impl\u00edcito al terrorismo, como de grupos mexicanos a favor de Palestina, que exigen una condena al &#8220;genocidio&#8221; cometido en Gaza.<\/p>\n\n\n\n<p>&#8220;Al principio, que me ped\u00edan que yo tomara partido, dije: neutralidad. Nosotros no nos metemos en eso, nosotros queremos la paz, no se entendi\u00f3 porque, si nosotros conden\u00e1bamos, de inmediato se estaba tomando una postura, sab\u00edamos que iba a venir una represalia, como lamentablemente sucedi\u00f3&#8221;, argument\u00f3.<\/p>\n\n\n\n<p>L\u00f3pez Obrador lament\u00f3 que haya m\u00e1s de 10,000 muertos en la Franja de Gaza despu\u00e9s de un mes del estallido del conflicto, que comenz\u00f3 el 7 de octubre con un sorpresivo ataque del brazo armado del grupo Ham\u00e1s que ha dejado m\u00e1s de 1,400 fallecidos en Israel.<\/p>\n\n\n\n<p>&#8220;Acerca del conflicto entre Israel y el grupo Ham\u00e1s, y todo lo que tiene que ver con los palestinos, es muy triste todo lo que est\u00e1 sucediendo, muy doloroso, mucho muy inhumano, es el predominio de lo irracional, y desde luego que yo estoy por la paz, y por que cese el fuego&#8221;, coment\u00f3.<\/p>\n\n\n\n<p>&#8220;Van m\u00e1s de 10,000 muertos, muchos ni\u00f1os. \u00bfQu\u00e9 no podemos ponernos de acuerdo?&#8221;, agreg\u00f3.<\/p>\n\n\n\n<p>El mandatario afirm\u00f3 &#8220;se tard\u00f3 la ONU, porque desde los primeros momentos debi\u00f3 llamar a todos los pa\u00edses miembro\u201d.<\/p>\n\n\n\n<p>&#8220;Ojal\u00e1 y Naciones Unidas haga algo, Estados Unidos, que tiene muy buena relaci\u00f3n con Israel, que intervenga para garantizar una tregua, para proteger a civiles, para evitar masacres, pero todos deber\u00edamos ayudar a que se d\u00e9 la paz sin confrontarnos&#8221;, concluy\u00f3.<\/p>\n","protected":false},"excerpt":{"rendered":"<p>2023-11-07 Ciudad de M\u00e9xico, 7 nov (EFE).- El presidente mexicano, Andr\u00e9s Manuel L\u00f3pez Obrador, avis\u00f3 este martes que no romper\u00e1 relaciones con Israel pese a la muerte de m\u00e1s de 10,000 civiles en la Franja de Gaza, lo que ha despertado acciones diplom\u00e1ticos de otros Gobiernos de la izquierda latinoamericana. \u201cNosotros, quiero decirlo con mucha [&hellip;]<\/p>\n","protected":false},"author":1,"featured_media":1899,"comment_status":"open","ping_status":"open","sticky":false,"template":"","format":"standard","meta":{"footnotes":""},"categories":[5],"tags":[],"class_list":["post-1898","post","type-post","status-publish","format-standard","has-post-thumbnail","hentry","category-nacional"],"blog_post_layout_featured_media_urls":{"thumbnail":["https:\/\/elregionaldigital.info\/wp-content\/uploads\/2023\/11\/1030963-150x150.jpg",150,150,true],"full":["https:\/\/elregionaldigital.info\/wp-content\/uploads\/2023\/11\/1030963.jpg",890,395,false]},"categories_names":{"5":{"name":"Nacional","link":"https:\/\/elregionaldigital.info\/?cat=5"}},"tags_names":[],"comments_number":"0","wpmagazine_modules_lite_featured_media_urls":{"thumbnail":["https:\/\/elregionaldigital.info\/wp-content\/uploads\/2023\/11\/1030963-150x150.jpg",150,150,true],"cvmm-medium":["https:\/\/elregionaldigital.info\/wp-content\/uploads\/2023\/11\/1030963-300x300.jpg",300,300,true],"cvmm-medium-plus":["https:\/\/elregionaldigital.info\/wp-content\/uploads\/2023\/11\/1030963-305x207.jpg",305,207,true],"cvmm-portrait":["https:\/\/elregionaldigital.info\/wp-content\/uploads\/2023\/11\/1030963-400x395.jpg",400,395,true],"cvmm-medium-square":["https:\/\/elregionaldigital.info\/wp-content\/uploads\/2023\/11\/1030963-600x395.jpg",600,395,true],"cvmm-large":["https:\/\/elregionaldigital.info\/wp-content\/uploads\/2023\/11\/1030963.jpg",890,395,false],"cvmm-small":["https:\/\/elregionaldigital.info\/wp-content\/uploads\/2023\/11\/1030963-130x95.jpg",130,95,true],"full":["https:\/\/elregionaldigital.info\/wp-content\/uploads\/2023\/11\/1030963.jpg",890,395,false]},"_links":{"self":[{"href":"https:\/\/elregionaldigital.info\/index.php?rest_route=\/wp\/v2\/posts\/1898","targetHints":{"allow":["GET"]}}],"collection":[{"href":"https:\/\/elregionaldigital.info\/index.php?rest_route=\/wp\/v2\/posts"}],"about":[{"href":"https:\/\/elregionaldigital.info\/index.php?rest_route=\/wp\/v2\/types\/post"}],"author":[{"embeddable":true,"href":"https:\/\/elregionaldigital.info\/index.php?rest_route=\/wp\/v2\/users\/1"}],"replies":[{"embeddable":true,"href":"https:\/\/elregionaldigital.info\/index.php?rest_route=%2Fwp%2Fv2%2Fcomments&post=1898"}],"version-history":[{"count":1,"href":"https:\/\/elregionaldigital.info\/index.php?rest_route=\/wp\/v2\/posts\/1898\/revisions"}],"predecessor-version":[{"id":1900,"href":"https:\/\/elregionaldigital.info\/index.php?rest_route=\/wp\/v2\/posts\/1898\/revisions\/1900"}],"wp:featuredmedia":[{"embeddable":true,"href":"https:\/\/elregionaldigital.info\/index.php?rest_route=\/wp\/v2\/media\/1899"}],"wp:attachment":[{"href":"https:\/\/elregionaldigital.info\/index.php?rest_route=%2Fwp%2Fv2%2Fmedia&parent=1898"}],"wp:term":[{"taxonomy":"category","embeddable":true,"href":"https:\/\/elregionaldigital.info\/index.php?rest_route=%2Fwp%2Fv2%2Fcategories&post=1898"},{"taxonomy":"post_tag","embeddable":true,"href":"https:\/\/elregionaldigital.info\/index.php?rest_route=%2Fwp%2Fv2%2Ftags&post=1898"}],"curies":[{"name":"wp","href":"https:\/\/api.w.org\/{rel}","templated":true}]}}