{"id":1895,"date":"2023-11-07T15:57:00","date_gmt":"2023-11-07T15:57:00","guid":{"rendered":"http:\/\/elregionaldigital.info\/?p=1895"},"modified":"2023-11-08T04:02:14","modified_gmt":"2023-11-08T04:02:14","slug":"humberto-zurita-habla-por-primera-vez-de-su-encuentro-con-luismi-ex-de-su-novia-stephanie-salas","status":"publish","type":"post","link":"https:\/\/elregionaldigital.info\/?p=1895","title":{"rendered":"Humberto Zurita habla por primera vez de su encuentro con \u2018Luismi\u2019, ex de su novia Stephanie Salas"},"content":{"rendered":"\n<figure class=\"wp-block-image size-full\"><img loading=\"lazy\" decoding=\"async\" width=\"768\" height=\"478\" src=\"http:\/\/elregionaldigital.info\/wp-content\/uploads\/2023\/11\/AA1jxpqw.jpg\" alt=\"\" class=\"wp-image-1896\" srcset=\"https:\/\/elregionaldigital.info\/wp-content\/uploads\/2023\/11\/AA1jxpqw.jpg 768w, https:\/\/elregionaldigital.info\/wp-content\/uploads\/2023\/11\/AA1jxpqw-300x187.jpg 300w\" sizes=\"auto, (max-width: 768px) 100vw, 768px\" \/><\/figure>\n\n\n\n<p>7 de noviembre 2023-.<\/p>\n\n\n\n<p>E<strong>l actor confes\u00f3 que antes de iniciar su noviazgo con la mam\u00e1 de Michelle Salas, \u00e9l ya ten\u00eda una cercana relaci\u00f3n con El Sol.<\/strong><\/p>\n\n\n\n<p>La\u00a0<strong><a rel=\"noreferrer noopener\" href=\"https:\/\/www.lasestrellas.tv\/famosos\/luis-miguel-boda-michelle-salas-stephanie-salas-declaraciones\" target=\"_blank\">boda de Michelle Salas con Danilo D\u00edaz<\/a>\u00a0<\/strong>en Italia sigue siendo tema de conversaci\u00f3n casi un mes despu\u00e9s sobre todo por la presencia de Luis Miguel y es que en la llamada \u201cboda del a\u00f1o\u201d,\u00a0<strong>\u2018El Sol\u2019 pudo reencontrarse con Stephanie Salas,<\/strong>\u00a0quien estuvo acompa\u00f1ada de\u00a0<strong>Humberto Zurita,<\/strong>\u00a0su actual pareja.<\/p>\n\n\n\n<p>nte las dudas sobre c\u00f3mo habr\u00eda sido el encuentro entre Luis Miguel y Humberto Zurita, fue el actor quien rompi\u00f3 el silencio y en entrevista con la periodista Vicky L\u00f3pez, revel\u00f3 detalles sobre este momento.<\/p>\n\n\n\n<p><strong>\u201cNos saludamos (con cari\u00f1o) y con admiraci\u00f3n\u00a0<\/strong>de mi parte hacia \u00e9l, como debe de ser\u201d, mencion\u00f3 ante el micr\u00f3fono del programa radiof\u00f3nico \u2018Todo para la mujer\u2019, en su emisi\u00f3n de este martes.<strong>\u00a0\u201cEs un gran se\u00f1or, es nuestro Sol\u201d,<\/strong>\u00a0precis\u00f3.<\/p>\n\n\n\n<h2 class=\"wp-block-heading\"><strong>Humberto Zurita y Luis Miguel ya se conoc\u00edan<\/strong><\/h2>\n\n\n\n<p><strong><a rel=\"noreferrer noopener\" href=\"https:\/\/www.lasestrellas.tv\/famosos\/stephanie-salas-humberto-zurita-vacaciones-roma\" target=\"_blank\">Humberto Zurita<\/a>\u00a0<\/strong>revel\u00f3, tambi\u00e9n, que la boda de Michelle Salas no marc\u00f3 su primer encuentro con Luis Miguel, como en muchos medios se especula, pues se\u00f1al\u00f3 que fue gracias a la\u00a0<strong>amistad que hab\u00eda entre Aracely Ar\u00e1mbula y Christian Bach<\/strong>\u00a0que ambos tuvieron oportunidad de convivir en tres ocasiones.<\/p>\n\n\n\n<p>Incluso, comparti\u00f3 -sin especificar en qu\u00e9 a\u00f1o- que visitaron juntos uno de los parques tem\u00e1ticos de Disney.<\/p>\n\n\n\n<p>\u201cYo con \u00e9l tuve contacto antes por la amistad que ten\u00eda Christian con Aracely (Ar\u00e1mbula)\u2026 Nos hemos visto como tres veces.&nbsp;<strong>Alguna vez nos encontramos con ellos en Disneylandia,&nbsp;<\/strong>pero no tengo m\u00e1s (qu\u00e9 decir)\u201d, puntualiz\u00f3.<\/p>\n\n\n\n<p>Finalmente, fue la periodista Vicky L\u00f3pez quien comparti\u00f3 a Maxine Woodside que en una breve charla con Humberto Zurita, \u00e9ste le revel\u00f3 que, adem\u00e1s de&nbsp;<strong>\u201chaber brindado con Luis Miguel\u201d,<\/strong>&nbsp;platicaron por algunos minutos,&nbsp;<strong>sellando su encuentro con un cordial abrazo.<\/strong><\/p>\n","protected":false},"excerpt":{"rendered":"<p>7 de noviembre 2023-. El actor confes\u00f3 que antes de iniciar su noviazgo con la mam\u00e1 de Michelle Salas, \u00e9l ya ten\u00eda una cercana relaci\u00f3n con El Sol. La\u00a0boda de Michelle Salas con Danilo D\u00edaz\u00a0en Italia sigue siendo tema de conversaci\u00f3n casi un mes despu\u00e9s sobre todo por la presencia de Luis Miguel y es [&hellip;]<\/p>\n","protected":false},"author":1,"featured_media":1896,"comment_status":"open","ping_status":"open","sticky":false,"template":"","format":"standard","meta":{"footnotes":""},"categories":[3],"tags":[],"class_list":["post-1895","post","type-post","status-publish","format-standard","has-post-thumbnail","hentry","category-entretenimiento"],"blog_post_layout_featured_media_urls":{"thumbnail":["https:\/\/elregionaldigital.info\/wp-content\/uploads\/2023\/11\/AA1jxpqw-150x150.jpg",150,150,true],"full":["https:\/\/elregionaldigital.info\/wp-content\/uploads\/2023\/11\/AA1jxpqw.jpg",768,478,false]},"categories_names":{"3":{"name":"Entretenimiento","link":"https:\/\/elregionaldigital.info\/?cat=3"}},"tags_names":[],"comments_number":"0","wpmagazine_modules_lite_featured_media_urls":{"thumbnail":["https:\/\/elregionaldigital.info\/wp-content\/uploads\/2023\/11\/AA1jxpqw-150x150.jpg",150,150,true],"cvmm-medium":["https:\/\/elregionaldigital.info\/wp-content\/uploads\/2023\/11\/AA1jxpqw-300x300.jpg",300,300,true],"cvmm-medium-plus":["https:\/\/elregionaldigital.info\/wp-content\/uploads\/2023\/11\/AA1jxpqw-305x207.jpg",305,207,true],"cvmm-portrait":["https:\/\/elregionaldigital.info\/wp-content\/uploads\/2023\/11\/AA1jxpqw-400x478.jpg",400,478,true],"cvmm-medium-square":["https:\/\/elregionaldigital.info\/wp-content\/uploads\/2023\/11\/AA1jxpqw-600x478.jpg",600,478,true],"cvmm-large":["https:\/\/elregionaldigital.info\/wp-content\/uploads\/2023\/11\/AA1jxpqw.jpg",768,478,false],"cvmm-small":["https:\/\/elregionaldigital.info\/wp-content\/uploads\/2023\/11\/AA1jxpqw-130x95.jpg",130,95,true],"full":["https:\/\/elregionaldigital.info\/wp-content\/uploads\/2023\/11\/AA1jxpqw.jpg",768,478,false]},"_links":{"self":[{"href":"https:\/\/elregionaldigital.info\/index.php?rest_route=\/wp\/v2\/posts\/1895","targetHints":{"allow":["GET"]}}],"collection":[{"href":"https:\/\/elregionaldigital.info\/index.php?rest_route=\/wp\/v2\/posts"}],"about":[{"href":"https:\/\/elregionaldigital.info\/index.php?rest_route=\/wp\/v2\/types\/post"}],"author":[{"embeddable":true,"href":"https:\/\/elregionaldigital.info\/index.php?rest_route=\/wp\/v2\/users\/1"}],"replies":[{"embeddable":true,"href":"https:\/\/elregionaldigital.info\/index.php?rest_route=%2Fwp%2Fv2%2Fcomments&post=1895"}],"version-history":[{"count":1,"href":"https:\/\/elregionaldigital.info\/index.php?rest_route=\/wp\/v2\/posts\/1895\/revisions"}],"predecessor-version":[{"id":1897,"href":"https:\/\/elregionaldigital.info\/index.php?rest_route=\/wp\/v2\/posts\/1895\/revisions\/1897"}],"wp:featuredmedia":[{"embeddable":true,"href":"https:\/\/elregionaldigital.info\/index.php?rest_route=\/wp\/v2\/media\/1896"}],"wp:attachment":[{"href":"https:\/\/elregionaldigital.info\/index.php?rest_route=%2Fwp%2Fv2%2Fmedia&parent=1895"}],"wp:term":[{"taxonomy":"category","embeddable":true,"href":"https:\/\/elregionaldigital.info\/index.php?rest_route=%2Fwp%2Fv2%2Fcategories&post=1895"},{"taxonomy":"post_tag","embeddable":true,"href":"https:\/\/elregionaldigital.info\/index.php?rest_route=%2Fwp%2Fv2%2Ftags&post=1895"}],"curies":[{"name":"wp","href":"https:\/\/api.w.org\/{rel}","templated":true}]}}