{"id":1887,"date":"2023-11-05T18:41:00","date_gmt":"2023-11-05T18:41:00","guid":{"rendered":"http:\/\/elregionaldigital.info\/?p=1887"},"modified":"2023-11-06T07:02:10","modified_gmt":"2023-11-06T07:02:10","slug":"julio-cesar-chavez-jr-estaria-en-un-hospital-psiquiatrico-por-consumo-de-medicamentos-peligrosos-aseguran-en-estados-unidos","status":"publish","type":"post","link":"https:\/\/elregionaldigital.info\/?p=1887","title":{"rendered":"Julio C\u00e9sar Ch\u00e1vez Jr. estar\u00eda en un hospital psiqui\u00e1trico por consumo de medicamentos peligrosos, aseguran en Estados Unidos"},"content":{"rendered":"\n<h2 class=\"wp-block-heading\">El hijo de la leyenda estar\u00eda en un centro psiqui\u00e1trico luego de ingerir muchas pastillas<\/h2>\n\n\n\n<figure class=\"wp-block-image size-large\"><img loading=\"lazy\" decoding=\"async\" width=\"1024\" height=\"576\" src=\"http:\/\/elregionaldigital.info\/wp-content\/uploads\/2023\/11\/chavez_jr.png_1533775428-1024x576.webp\" alt=\"\" class=\"wp-image-1888\" srcset=\"https:\/\/elregionaldigital.info\/wp-content\/uploads\/2023\/11\/chavez_jr.png_1533775428-1024x576.webp 1024w, https:\/\/elregionaldigital.info\/wp-content\/uploads\/2023\/11\/chavez_jr.png_1533775428-300x169.webp 300w, https:\/\/elregionaldigital.info\/wp-content\/uploads\/2023\/11\/chavez_jr.png_1533775428-768x432.webp 768w, https:\/\/elregionaldigital.info\/wp-content\/uploads\/2023\/11\/chavez_jr.png_1533775428.webp 1200w\" sizes=\"auto, (max-width: 1024px) 100vw, 1024px\" \/><\/figure>\n\n\n\n<p><a href=\"https:\/\/www.eluniversal.com.mx\/deportes\/\" target=\"_blank\" rel=\"noreferrer noopener\"><strong>Julio C\u00e9sar Ch\u00e1vez Jr<\/strong><\/a>. no se encuentra en el mejor momento de su vida, luego de que su&nbsp;<strong>pap\u00e1&nbsp;<\/strong>declarar que ten\u00eda miedo por el estado de salud de \u00e9l, ahora se ha dado a conocer que se encuentra hospitalizado.<\/p>\n\n\n\n<p>El hijo de la leyenda, que no logr\u00f3 consolidarse en el\u00a0<strong>boxeo\u00a0<\/strong>luego de tener un\u00a0<strong>r\u00e9cord de 53-6-1<\/strong>\u00a0y de tener su \u00faltima pelea como profesional el 18 de diciembre del 2021, ha pisado distintos centros de salud y de recuperaci\u00f3n ante las\u00a0<strong>adicciones en diversos lapsos de su vida.<\/strong><\/p>\n\n\n\n<p>Al comienzo de este a\u00f1o, precisamente en abril,\u00a0<strong>Ch\u00e1vez Jr.<\/strong>\u00a0habl\u00f3 sobre su tiempo en un centro de adicciones, donde permaneci\u00f3 casi un a\u00f1o, y donde declar\u00f3 que lleg\u00f3 a pensar en\u00a0<strong>&#8216;matar&#8217; a su pap\u00e1<\/strong>.<\/p>\n\n\n\n<p>Este domingo se ha dado a conocer que el&nbsp;<strong>hijo mayor del gran campe\u00f3n mexicano se encontrar\u00eda hospitalizado en un centro de salud psiqui\u00e1trico<\/strong>&nbsp;debido al consumo de &#8216;docenas&#8217; pastillas de un&nbsp;<strong>medicamento potente y peligroso.<\/strong><\/p>\n\n\n\n<p>El suceso habr\u00eda ocurrido el&nbsp;<strong>24 de octubre<\/strong>&nbsp;y su esposa es la que habr\u00eda avisado a la polic\u00eda sobre el consumo desmedido del medicamento por parte del &#8216;junior&#8217; en la zona de&nbsp;<strong>Hollywood, California<\/strong>.<\/p>\n","protected":false},"excerpt":{"rendered":"<p>El hijo de la leyenda estar\u00eda en un centro psiqui\u00e1trico luego de ingerir muchas pastillas Julio C\u00e9sar Ch\u00e1vez Jr. no se encuentra en el mejor momento de su vida, luego de que su&nbsp;pap\u00e1&nbsp;declarar que ten\u00eda miedo por el estado de salud de \u00e9l, ahora se ha dado a conocer que se encuentra hospitalizado. El hijo [&hellip;]<\/p>\n","protected":false},"author":1,"featured_media":1888,"comment_status":"open","ping_status":"open","sticky":false,"template":"","format":"standard","meta":{"footnotes":""},"categories":[6],"tags":[],"class_list":["post-1887","post","type-post","status-publish","format-standard","has-post-thumbnail","hentry","category-deportes"],"blog_post_layout_featured_media_urls":{"thumbnail":["https:\/\/elregionaldigital.info\/wp-content\/uploads\/2023\/11\/chavez_jr.png_1533775428-150x150.webp",150,150,true],"full":["https:\/\/elregionaldigital.info\/wp-content\/uploads\/2023\/11\/chavez_jr.png_1533775428.webp",1200,675,false]},"categories_names":{"6":{"name":"Deportes","link":"https:\/\/elregionaldigital.info\/?cat=6"}},"tags_names":[],"comments_number":"0","wpmagazine_modules_lite_featured_media_urls":{"thumbnail":["https:\/\/elregionaldigital.info\/wp-content\/uploads\/2023\/11\/chavez_jr.png_1533775428-150x150.webp",150,150,true],"cvmm-medium":["https:\/\/elregionaldigital.info\/wp-content\/uploads\/2023\/11\/chavez_jr.png_1533775428-300x300.webp",300,300,true],"cvmm-medium-plus":["https:\/\/elregionaldigital.info\/wp-content\/uploads\/2023\/11\/chavez_jr.png_1533775428-305x207.webp",305,207,true],"cvmm-portrait":["https:\/\/elregionaldigital.info\/wp-content\/uploads\/2023\/11\/chavez_jr.png_1533775428-400x600.webp",400,600,true],"cvmm-medium-square":["https:\/\/elregionaldigital.info\/wp-content\/uploads\/2023\/11\/chavez_jr.png_1533775428-600x600.webp",600,600,true],"cvmm-large":["https:\/\/elregionaldigital.info\/wp-content\/uploads\/2023\/11\/chavez_jr.png_1533775428-1024x675.webp",1024,675,true],"cvmm-small":["https:\/\/elregionaldigital.info\/wp-content\/uploads\/2023\/11\/chavez_jr.png_1533775428-130x95.webp",130,95,true],"full":["https:\/\/elregionaldigital.info\/wp-content\/uploads\/2023\/11\/chavez_jr.png_1533775428.webp",1200,675,false]},"_links":{"self":[{"href":"https:\/\/elregionaldigital.info\/index.php?rest_route=\/wp\/v2\/posts\/1887","targetHints":{"allow":["GET"]}}],"collection":[{"href":"https:\/\/elregionaldigital.info\/index.php?rest_route=\/wp\/v2\/posts"}],"about":[{"href":"https:\/\/elregionaldigital.info\/index.php?rest_route=\/wp\/v2\/types\/post"}],"author":[{"embeddable":true,"href":"https:\/\/elregionaldigital.info\/index.php?rest_route=\/wp\/v2\/users\/1"}],"replies":[{"embeddable":true,"href":"https:\/\/elregionaldigital.info\/index.php?rest_route=%2Fwp%2Fv2%2Fcomments&post=1887"}],"version-history":[{"count":1,"href":"https:\/\/elregionaldigital.info\/index.php?rest_route=\/wp\/v2\/posts\/1887\/revisions"}],"predecessor-version":[{"id":1889,"href":"https:\/\/elregionaldigital.info\/index.php?rest_route=\/wp\/v2\/posts\/1887\/revisions\/1889"}],"wp:featuredmedia":[{"embeddable":true,"href":"https:\/\/elregionaldigital.info\/index.php?rest_route=\/wp\/v2\/media\/1888"}],"wp:attachment":[{"href":"https:\/\/elregionaldigital.info\/index.php?rest_route=%2Fwp%2Fv2%2Fmedia&parent=1887"}],"wp:term":[{"taxonomy":"category","embeddable":true,"href":"https:\/\/elregionaldigital.info\/index.php?rest_route=%2Fwp%2Fv2%2Fcategories&post=1887"},{"taxonomy":"post_tag","embeddable":true,"href":"https:\/\/elregionaldigital.info\/index.php?rest_route=%2Fwp%2Fv2%2Ftags&post=1887"}],"curies":[{"name":"wp","href":"https:\/\/api.w.org\/{rel}","templated":true}]}}