{"id":1881,"date":"2023-11-04T00:19:00","date_gmt":"2023-11-04T00:19:00","guid":{"rendered":"http:\/\/elregionaldigital.info\/?p=1881"},"modified":"2023-11-04T04:25:38","modified_gmt":"2023-11-04T04:25:38","slug":"la-mexicana-barbara-lango-y-su-esposo-salen-de-la-franja-de-gaza","status":"publish","type":"post","link":"https:\/\/elregionaldigital.info\/?p=1881","title":{"rendered":"La mexicana B\u00e1rbara Lango y su esposo salen de la Franja de Gaza"},"content":{"rendered":"\n<p>A trav\u00e9s de sus redes sociales, la titular de la SRE&nbsp;comparti\u00f3 una foto de Michelle Ravel en la Embajada de M\u00e9xico en Egipto, en preparaci\u00f3n para su repatriaci\u00f3n<\/p>\n\n\n\n<p>3 de noviembre de 2023<\/p>\n\n\n\n<figure class=\"wp-block-image size-full\"><img loading=\"lazy\" decoding=\"async\" width=\"770\" height=\"485\" src=\"http:\/\/elregionaldigital.info\/wp-content\/uploads\/2023\/11\/lwzskybnqzhcfmoeago6e5mlsa_crop1699027290593.jpg_1970638775.webp\" alt=\"\" class=\"wp-image-1882\" srcset=\"https:\/\/elregionaldigital.info\/wp-content\/uploads\/2023\/11\/lwzskybnqzhcfmoeago6e5mlsa_crop1699027290593.jpg_1970638775.webp 770w, https:\/\/elregionaldigital.info\/wp-content\/uploads\/2023\/11\/lwzskybnqzhcfmoeago6e5mlsa_crop1699027290593.jpg_1970638775-300x189.webp 300w, https:\/\/elregionaldigital.info\/wp-content\/uploads\/2023\/11\/lwzskybnqzhcfmoeago6e5mlsa_crop1699027290593.jpg_1970638775-768x484.webp 768w\" sizes=\"auto, (max-width: 770px) 100vw, 770px\" \/><\/figure>\n\n\n\n<p><strong>La mexicana B\u00e1rbara Lango y su esposo Suleiman, lograron salir de la Franja de Gaza, ante el conflicto de Israel contra Ham\u00e1s,<\/strong>&nbsp;inform\u00f3 Alicia B\u00e1rcena, titular de la Secretar\u00eda de Relaciones Exteriores (SRE).<\/p>\n\n\n\n<p>La canciller agradeci\u00f3 a la Embajada de M\u00e9xico en Egipto,<strong>\u00a0luego de que este jueves tambi\u00e9n fue recibida la connacional Michelle Ravel, quien tambi\u00e9n sali\u00f3 de Gaza.<\/strong><\/p>\n\n\n\n<p><strong>&#8220;Gracias a la Embajada de M\u00e9xico en Egipto y a todos quienes hicieron posible su salida&#8221;,<\/strong>\u00a0dijo la titular de la SRE.<\/p>\n\n\n\n<p>A trav\u00e9s de sus redes sociales, B\u00e1rcena comparti\u00f3 una foto de&nbsp;<strong>Michelle Ravel en la Embajada de M\u00e9xico en Egipto, en preparaci\u00f3n para su repatriaci\u00f3n.<\/strong><\/p>\n\n\n\n<p><strong>Michelle Ravel fue otra mexicana que sali\u00f3 de Gaza este mi\u00e9rcoles.&nbsp;<\/strong><\/p>\n","protected":false},"excerpt":{"rendered":"<p>A trav\u00e9s de sus redes sociales, la titular de la SRE&nbsp;comparti\u00f3 una foto de Michelle Ravel en la Embajada de M\u00e9xico en Egipto, en preparaci\u00f3n para su repatriaci\u00f3n 3 de noviembre de 2023 La mexicana B\u00e1rbara Lango y su esposo Suleiman, lograron salir de la Franja de Gaza, ante el conflicto de Israel contra Ham\u00e1s,&nbsp;inform\u00f3 [&hellip;]<\/p>\n","protected":false},"author":1,"featured_media":1882,"comment_status":"open","ping_status":"open","sticky":false,"template":"","format":"standard","meta":{"footnotes":""},"categories":[11],"tags":[],"class_list":["post-1881","post","type-post","status-publish","format-standard","has-post-thumbnail","hentry","category-mundo"],"blog_post_layout_featured_media_urls":{"thumbnail":["https:\/\/elregionaldigital.info\/wp-content\/uploads\/2023\/11\/lwzskybnqzhcfmoeago6e5mlsa_crop1699027290593.jpg_1970638775-150x150.webp",150,150,true],"full":["https:\/\/elregionaldigital.info\/wp-content\/uploads\/2023\/11\/lwzskybnqzhcfmoeago6e5mlsa_crop1699027290593.jpg_1970638775.webp",770,485,false]},"categories_names":{"11":{"name":"Mundo","link":"https:\/\/elregionaldigital.info\/?cat=11"}},"tags_names":[],"comments_number":"0","wpmagazine_modules_lite_featured_media_urls":{"thumbnail":["https:\/\/elregionaldigital.info\/wp-content\/uploads\/2023\/11\/lwzskybnqzhcfmoeago6e5mlsa_crop1699027290593.jpg_1970638775-150x150.webp",150,150,true],"cvmm-medium":["https:\/\/elregionaldigital.info\/wp-content\/uploads\/2023\/11\/lwzskybnqzhcfmoeago6e5mlsa_crop1699027290593.jpg_1970638775-300x300.webp",300,300,true],"cvmm-medium-plus":["https:\/\/elregionaldigital.info\/wp-content\/uploads\/2023\/11\/lwzskybnqzhcfmoeago6e5mlsa_crop1699027290593.jpg_1970638775-305x207.webp",305,207,true],"cvmm-portrait":["https:\/\/elregionaldigital.info\/wp-content\/uploads\/2023\/11\/lwzskybnqzhcfmoeago6e5mlsa_crop1699027290593.jpg_1970638775-400x485.webp",400,485,true],"cvmm-medium-square":["https:\/\/elregionaldigital.info\/wp-content\/uploads\/2023\/11\/lwzskybnqzhcfmoeago6e5mlsa_crop1699027290593.jpg_1970638775-600x485.webp",600,485,true],"cvmm-large":["https:\/\/elregionaldigital.info\/wp-content\/uploads\/2023\/11\/lwzskybnqzhcfmoeago6e5mlsa_crop1699027290593.jpg_1970638775.webp",770,485,false],"cvmm-small":["https:\/\/elregionaldigital.info\/wp-content\/uploads\/2023\/11\/lwzskybnqzhcfmoeago6e5mlsa_crop1699027290593.jpg_1970638775-130x95.webp",130,95,true],"full":["https:\/\/elregionaldigital.info\/wp-content\/uploads\/2023\/11\/lwzskybnqzhcfmoeago6e5mlsa_crop1699027290593.jpg_1970638775.webp",770,485,false]},"_links":{"self":[{"href":"https:\/\/elregionaldigital.info\/index.php?rest_route=\/wp\/v2\/posts\/1881","targetHints":{"allow":["GET"]}}],"collection":[{"href":"https:\/\/elregionaldigital.info\/index.php?rest_route=\/wp\/v2\/posts"}],"about":[{"href":"https:\/\/elregionaldigital.info\/index.php?rest_route=\/wp\/v2\/types\/post"}],"author":[{"embeddable":true,"href":"https:\/\/elregionaldigital.info\/index.php?rest_route=\/wp\/v2\/users\/1"}],"replies":[{"embeddable":true,"href":"https:\/\/elregionaldigital.info\/index.php?rest_route=%2Fwp%2Fv2%2Fcomments&post=1881"}],"version-history":[{"count":1,"href":"https:\/\/elregionaldigital.info\/index.php?rest_route=\/wp\/v2\/posts\/1881\/revisions"}],"predecessor-version":[{"id":1883,"href":"https:\/\/elregionaldigital.info\/index.php?rest_route=\/wp\/v2\/posts\/1881\/revisions\/1883"}],"wp:featuredmedia":[{"embeddable":true,"href":"https:\/\/elregionaldigital.info\/index.php?rest_route=\/wp\/v2\/media\/1882"}],"wp:attachment":[{"href":"https:\/\/elregionaldigital.info\/index.php?rest_route=%2Fwp%2Fv2%2Fmedia&parent=1881"}],"wp:term":[{"taxonomy":"category","embeddable":true,"href":"https:\/\/elregionaldigital.info\/index.php?rest_route=%2Fwp%2Fv2%2Fcategories&post=1881"},{"taxonomy":"post_tag","embeddable":true,"href":"https:\/\/elregionaldigital.info\/index.php?rest_route=%2Fwp%2Fv2%2Ftags&post=1881"}],"curies":[{"name":"wp","href":"https:\/\/api.w.org\/{rel}","templated":true}]}}