{"id":1875,"date":"2023-11-03T21:40:00","date_gmt":"2023-11-03T21:40:00","guid":{"rendered":"http:\/\/elregionaldigital.info\/?p=1875"},"modified":"2023-11-04T04:14:45","modified_gmt":"2023-11-04T04:14:45","slug":"ricardo-salinas-responde-a-los-senalamientos-de-lopez-obrador-en-su-contra","status":"publish","type":"post","link":"https:\/\/elregionaldigital.info\/?p=1875","title":{"rendered":"Ricardo Salinas responde a los se\u00f1alamientos de L\u00f3pez Obrador en su contra"},"content":{"rendered":"\n<p>L\u00f3pez Obrador ha se\u00f1alado que el noticiario de TV Azteca se ha encargado de crear &#8220;una campa\u00f1a hablando de la incapacidad del gobierno y abriendo el micr\u00f3fono para que me mienten la madre los entrevistados&#8221;<\/p>\n\n\n\n<p>Por:\u00a0El Informador3 de noviembre de 2023\u00a0<\/p>\n\n\n\n<figure class=\"wp-block-image size-full\"><img loading=\"lazy\" decoding=\"async\" width=\"770\" height=\"485\" src=\"http:\/\/elregionaldigital.info\/wp-content\/uploads\/2023\/11\/rs3085098_age-2021-01-08-22-21-02-scr_crop1699069662825.jpg_1970638775.webp\" alt=\"\" class=\"wp-image-1876\" srcset=\"https:\/\/elregionaldigital.info\/wp-content\/uploads\/2023\/11\/rs3085098_age-2021-01-08-22-21-02-scr_crop1699069662825.jpg_1970638775.webp 770w, https:\/\/elregionaldigital.info\/wp-content\/uploads\/2023\/11\/rs3085098_age-2021-01-08-22-21-02-scr_crop1699069662825.jpg_1970638775-300x189.webp 300w, https:\/\/elregionaldigital.info\/wp-content\/uploads\/2023\/11\/rs3085098_age-2021-01-08-22-21-02-scr_crop1699069662825.jpg_1970638775-768x484.webp 768w\" sizes=\"auto, (max-width: 770px) 100vw, 770px\" \/><\/figure>\n\n\n\n<p>Tras la llegada del<strong>&nbsp;hurac\u00e1n Otis&nbsp;como categor\u00eda 5&nbsp;<\/strong>al estado de&nbsp;<strong>Guerrero<\/strong>,&nbsp;el papel que ha tenido el gobierno de Andr\u00e9s Manuel L\u00f3pez Obrador para brindar la atenci\u00f3n a los damnificados se ha convertido en un choque medi\u00e1tico entre el presidente y Ricardo Salinas Pliego,&nbsp;empresario y due\u00f1o de Grupo Salinas.<\/p>\n\n\n\n<p><strong>L\u00f3pez Obrador ha se\u00f1alado que el noticiario de TV Azteca se ha encargado de crear &#8220;una campa\u00f1a hablando de la incapacidad del gobierno y abriendo el micr\u00f3fono para que me mienten la madre los entrevistados&#8221;.<\/strong><\/p>\n\n\n\n<p>Ante estas declaraciones,\u00a0<strong>Ricardo Salinas alz\u00f3 la voz<\/strong>\u00a0y a trav\u00e9s de su cuenta de X, y sin mencionar al presidente,\u00a0<strong>expres\u00f3 que\u00a0en lugar de culpar a los medios por mostrar la verdad, el gobierno deber\u00eda ponerse a trabajar.<\/strong><\/p>\n\n\n\n<p><strong>Esta situaci\u00f3n gener\u00f3 que\u00a0<\/strong>durante la conferencia matutina de hoy<strong>, el mandatario\u00a0mencionara que Salinas &#8220;est\u00e1 enojado&#8221; por el cobro de 25 mil millones de pesos que adeuda a la hacienda p\u00fablica<\/strong>\u00a0desde hace ya varios sexenios. Asimismo, reconoci\u00f3 que ambos tienen diferencias y que\u00a0ha hablado con \u00e9l respecto al tema de la evasi\u00f3n de impuestos.<\/p>\n\n\n\n<p>&#8220;\u00c9l sabe por qu\u00e9 tenemos diferencias; adem\u00e1s, yo creo, ya mucha gente lo sabe. Yo he hablado con \u00e9l y voy a seguir hablando.\u00a0\u00c9l tiene una querella, tiene un proceso legal, porque desde los tiempos de Fox, cuando era secretario de Hacienda, Francisco Gil D\u00edaz, le presentaron una denuncia por evasi\u00f3n de impuestos, no exactamente as\u00ed, no conozco a detalle el tema, pero le exigen un pago de impuestos; esto se ha litigado sexenio tras sexenio&#8221;, dijo el presidente.<\/p>\n\n\n\n<p>En respuesta,&nbsp;<strong>Salinas asegur\u00f3 que no est\u00e1 enojado y que ellos solo est\u00e1n haciendo su trabajo<\/strong>&nbsp;y que no solo transmiten las &#8220;mentadas de madre&#8221; sino tambi\u00e9n las porras y que ambas vienen de la gente.<\/p>\n\n\n\n<figure class=\"wp-block-image\"><img decoding=\"async\" src=\"https:\/\/www.informador.mx\/export\/sites\/elinformador\/img\/2023\/11\/03\/image_8.png_410220572.png\" alt=\"\"\/><\/figure>\n","protected":false},"excerpt":{"rendered":"<p>L\u00f3pez Obrador ha se\u00f1alado que el noticiario de TV Azteca se ha encargado de crear &#8220;una campa\u00f1a hablando de la incapacidad del gobierno y abriendo el micr\u00f3fono para que me mienten la madre los entrevistados&#8221; Por:\u00a0El Informador3 de noviembre de 2023\u00a0 Tras la llegada del&nbsp;hurac\u00e1n Otis&nbsp;como categor\u00eda 5&nbsp;al estado de&nbsp;Guerrero,&nbsp;el papel que ha tenido el [&hellip;]<\/p>\n","protected":false},"author":1,"featured_media":1876,"comment_status":"open","ping_status":"open","sticky":false,"template":"","format":"standard","meta":{"footnotes":""},"categories":[5],"tags":[],"class_list":["post-1875","post","type-post","status-publish","format-standard","has-post-thumbnail","hentry","category-nacional"],"blog_post_layout_featured_media_urls":{"thumbnail":["https:\/\/elregionaldigital.info\/wp-content\/uploads\/2023\/11\/rs3085098_age-2021-01-08-22-21-02-scr_crop1699069662825.jpg_1970638775-150x150.webp",150,150,true],"full":["https:\/\/elregionaldigital.info\/wp-content\/uploads\/2023\/11\/rs3085098_age-2021-01-08-22-21-02-scr_crop1699069662825.jpg_1970638775.webp",770,485,false]},"categories_names":{"5":{"name":"Nacional","link":"https:\/\/elregionaldigital.info\/?cat=5"}},"tags_names":[],"comments_number":"0","wpmagazine_modules_lite_featured_media_urls":{"thumbnail":["https:\/\/elregionaldigital.info\/wp-content\/uploads\/2023\/11\/rs3085098_age-2021-01-08-22-21-02-scr_crop1699069662825.jpg_1970638775-150x150.webp",150,150,true],"cvmm-medium":["https:\/\/elregionaldigital.info\/wp-content\/uploads\/2023\/11\/rs3085098_age-2021-01-08-22-21-02-scr_crop1699069662825.jpg_1970638775-300x300.webp",300,300,true],"cvmm-medium-plus":["https:\/\/elregionaldigital.info\/wp-content\/uploads\/2023\/11\/rs3085098_age-2021-01-08-22-21-02-scr_crop1699069662825.jpg_1970638775-305x207.webp",305,207,true],"cvmm-portrait":["https:\/\/elregionaldigital.info\/wp-content\/uploads\/2023\/11\/rs3085098_age-2021-01-08-22-21-02-scr_crop1699069662825.jpg_1970638775-400x485.webp",400,485,true],"cvmm-medium-square":["https:\/\/elregionaldigital.info\/wp-content\/uploads\/2023\/11\/rs3085098_age-2021-01-08-22-21-02-scr_crop1699069662825.jpg_1970638775-600x485.webp",600,485,true],"cvmm-large":["https:\/\/elregionaldigital.info\/wp-content\/uploads\/2023\/11\/rs3085098_age-2021-01-08-22-21-02-scr_crop1699069662825.jpg_1970638775.webp",770,485,false],"cvmm-small":["https:\/\/elregionaldigital.info\/wp-content\/uploads\/2023\/11\/rs3085098_age-2021-01-08-22-21-02-scr_crop1699069662825.jpg_1970638775-130x95.webp",130,95,true],"full":["https:\/\/elregionaldigital.info\/wp-content\/uploads\/2023\/11\/rs3085098_age-2021-01-08-22-21-02-scr_crop1699069662825.jpg_1970638775.webp",770,485,false]},"_links":{"self":[{"href":"https:\/\/elregionaldigital.info\/index.php?rest_route=\/wp\/v2\/posts\/1875","targetHints":{"allow":["GET"]}}],"collection":[{"href":"https:\/\/elregionaldigital.info\/index.php?rest_route=\/wp\/v2\/posts"}],"about":[{"href":"https:\/\/elregionaldigital.info\/index.php?rest_route=\/wp\/v2\/types\/post"}],"author":[{"embeddable":true,"href":"https:\/\/elregionaldigital.info\/index.php?rest_route=\/wp\/v2\/users\/1"}],"replies":[{"embeddable":true,"href":"https:\/\/elregionaldigital.info\/index.php?rest_route=%2Fwp%2Fv2%2Fcomments&post=1875"}],"version-history":[{"count":1,"href":"https:\/\/elregionaldigital.info\/index.php?rest_route=\/wp\/v2\/posts\/1875\/revisions"}],"predecessor-version":[{"id":1877,"href":"https:\/\/elregionaldigital.info\/index.php?rest_route=\/wp\/v2\/posts\/1875\/revisions\/1877"}],"wp:featuredmedia":[{"embeddable":true,"href":"https:\/\/elregionaldigital.info\/index.php?rest_route=\/wp\/v2\/media\/1876"}],"wp:attachment":[{"href":"https:\/\/elregionaldigital.info\/index.php?rest_route=%2Fwp%2Fv2%2Fmedia&parent=1875"}],"wp:term":[{"taxonomy":"category","embeddable":true,"href":"https:\/\/elregionaldigital.info\/index.php?rest_route=%2Fwp%2Fv2%2Fcategories&post=1875"},{"taxonomy":"post_tag","embeddable":true,"href":"https:\/\/elregionaldigital.info\/index.php?rest_route=%2Fwp%2Fv2%2Ftags&post=1875"}],"curies":[{"name":"wp","href":"https:\/\/api.w.org\/{rel}","templated":true}]}}