{"id":1872,"date":"2023-10-31T15:57:00","date_gmt":"2023-10-31T15:57:00","guid":{"rendered":"http:\/\/elregionaldigital.info\/?p=1872"},"modified":"2023-11-04T04:04:31","modified_gmt":"2023-11-04T04:04:31","slug":"mundial-2034-se-jugara-en-arabia-saudita","status":"publish","type":"post","link":"https:\/\/elregionaldigital.info\/?p=1872","title":{"rendered":"Mundial 2034 se jugar\u00e1 en Arabia Saudita"},"content":{"rendered":"\n<p>El Mundial 2034 se disputar\u00e1 en Arabia Saudita, as\u00ed lo confirm\u00f3 a trav\u00e9s de sus redes sociales el Presidente de la FIFA&nbsp;Gianni Infantino<\/p>\n\n\n\n<p>Por:\u00a0<a href=\"https:\/\/www.informador.mx\/staff\/efe\">EFE<\/a>31 de octubre de 2023 &#8211;<\/p>\n\n\n\n<figure class=\"wp-block-image size-full\"><img loading=\"lazy\" decoding=\"async\" width=\"770\" height=\"485\" src=\"http:\/\/elregionaldigital.info\/wp-content\/uploads\/2023\/11\/eldmwtjapfccxlzmc4tec64miu_crop1698785151967.jpg_1970638775.webp\" alt=\"\" class=\"wp-image-1873\" srcset=\"https:\/\/elregionaldigital.info\/wp-content\/uploads\/2023\/11\/eldmwtjapfccxlzmc4tec64miu_crop1698785151967.jpg_1970638775.webp 770w, https:\/\/elregionaldigital.info\/wp-content\/uploads\/2023\/11\/eldmwtjapfccxlzmc4tec64miu_crop1698785151967.jpg_1970638775-300x189.webp 300w, https:\/\/elregionaldigital.info\/wp-content\/uploads\/2023\/11\/eldmwtjapfccxlzmc4tec64miu_crop1698785151967.jpg_1970638775-768x484.webp 768w\" sizes=\"auto, (max-width: 770px) 100vw, 770px\" \/><\/figure>\n\n\n\n<p>Gianni Infantino, presidente de la FIFA, confirm\u00f3 a trav\u00e9s de una publicaci\u00f3n en redes sociales, que&nbsp;<strong>el Mundial 2034 se disputar\u00e1 en Arabia Saudita, pa\u00eds cuya candidatura present\u00f3 la declaraci\u00f3n de inter\u00e9s para organizar la cita.<\/strong><\/p>\n\n\n\n<p>&#8220;El mejor espect\u00e1culo de la Tierra ser\u00e1 organizado por Canad\u00e1, M\u00e9xico y Estados Unidos en el 2026 en Norteam\u00e9rica. Las pr\u00f3ximas dos ediciones de la Copa Mundial de la FIFA se celebrar\u00e1n en \u00c1frica (Marruecos), Europa (Portugal y Espa\u00f1a) -con tres partidos jugados en Am\u00e9rica del Sur (Argentina, Paraguay y Uruguay)- en 2030 y en Asia (Arabia Saudita) en 2034.\u00a0<strong>Tres ediciones, cinco continentes y diez pa\u00edses involucrados en el torneo. \u00a1Eso est\u00e1 haciendo que el f\u00fatbol sea verdaderamente global&#8221;,\u00a0<\/strong>indic\u00f3.<\/p>\n\n\n\n<p>En este sentido, explic\u00f3:\u00a0<strong>&#8220;Los procesos de licitaci\u00f3n fueron aprobados por consenso a trav\u00e9s del Consejo de la FIFA,\u00a0<\/strong>donde est\u00e1n representadas las seis confederaciones, despu\u00e9s de un di\u00e1logo constructivo y una extensa consulta. Gracias a todos los que han participado en este intercambio positivo&#8221;<\/p>\n\n\n\n<p>Infantino considera que &#8220;el f\u00fatbol une al mundo como ning\u00fan otro deporte&#8221;, que el Mundial &#8220;es la exhibici\u00f3n perfecta para un mensaje de unidad e inclusi\u00f3n&#8221; y que tambi\u00e9n proporciona\u00a0<strong>&#8220;una importante ilustraci\u00f3n de c\u00f3mo las diferentes culturas pueden estar juntas y aprender a entenderse mejor las unas a las otras&#8221;.<\/strong><\/p>\n","protected":false},"excerpt":{"rendered":"<p>El Mundial 2034 se disputar\u00e1 en Arabia Saudita, as\u00ed lo confirm\u00f3 a trav\u00e9s de sus redes sociales el Presidente de la FIFA&nbsp;Gianni Infantino Por:\u00a0EFE31 de octubre de 2023 &#8211; Gianni Infantino, presidente de la FIFA, confirm\u00f3 a trav\u00e9s de una publicaci\u00f3n en redes sociales, que&nbsp;el Mundial 2034 se disputar\u00e1 en Arabia Saudita, pa\u00eds cuya candidatura [&hellip;]<\/p>\n","protected":false},"author":1,"featured_media":1873,"comment_status":"open","ping_status":"open","sticky":false,"template":"","format":"standard","meta":{"footnotes":""},"categories":[6],"tags":[],"class_list":["post-1872","post","type-post","status-publish","format-standard","has-post-thumbnail","hentry","category-deportes"],"blog_post_layout_featured_media_urls":{"thumbnail":["https:\/\/elregionaldigital.info\/wp-content\/uploads\/2023\/11\/eldmwtjapfccxlzmc4tec64miu_crop1698785151967.jpg_1970638775-150x150.webp",150,150,true],"full":["https:\/\/elregionaldigital.info\/wp-content\/uploads\/2023\/11\/eldmwtjapfccxlzmc4tec64miu_crop1698785151967.jpg_1970638775.webp",770,485,false]},"categories_names":{"6":{"name":"Deportes","link":"https:\/\/elregionaldigital.info\/?cat=6"}},"tags_names":[],"comments_number":"0","wpmagazine_modules_lite_featured_media_urls":{"thumbnail":["https:\/\/elregionaldigital.info\/wp-content\/uploads\/2023\/11\/eldmwtjapfccxlzmc4tec64miu_crop1698785151967.jpg_1970638775-150x150.webp",150,150,true],"cvmm-medium":["https:\/\/elregionaldigital.info\/wp-content\/uploads\/2023\/11\/eldmwtjapfccxlzmc4tec64miu_crop1698785151967.jpg_1970638775-300x300.webp",300,300,true],"cvmm-medium-plus":["https:\/\/elregionaldigital.info\/wp-content\/uploads\/2023\/11\/eldmwtjapfccxlzmc4tec64miu_crop1698785151967.jpg_1970638775-305x207.webp",305,207,true],"cvmm-portrait":["https:\/\/elregionaldigital.info\/wp-content\/uploads\/2023\/11\/eldmwtjapfccxlzmc4tec64miu_crop1698785151967.jpg_1970638775-400x485.webp",400,485,true],"cvmm-medium-square":["https:\/\/elregionaldigital.info\/wp-content\/uploads\/2023\/11\/eldmwtjapfccxlzmc4tec64miu_crop1698785151967.jpg_1970638775-600x485.webp",600,485,true],"cvmm-large":["https:\/\/elregionaldigital.info\/wp-content\/uploads\/2023\/11\/eldmwtjapfccxlzmc4tec64miu_crop1698785151967.jpg_1970638775.webp",770,485,false],"cvmm-small":["https:\/\/elregionaldigital.info\/wp-content\/uploads\/2023\/11\/eldmwtjapfccxlzmc4tec64miu_crop1698785151967.jpg_1970638775-130x95.webp",130,95,true],"full":["https:\/\/elregionaldigital.info\/wp-content\/uploads\/2023\/11\/eldmwtjapfccxlzmc4tec64miu_crop1698785151967.jpg_1970638775.webp",770,485,false]},"_links":{"self":[{"href":"https:\/\/elregionaldigital.info\/index.php?rest_route=\/wp\/v2\/posts\/1872","targetHints":{"allow":["GET"]}}],"collection":[{"href":"https:\/\/elregionaldigital.info\/index.php?rest_route=\/wp\/v2\/posts"}],"about":[{"href":"https:\/\/elregionaldigital.info\/index.php?rest_route=\/wp\/v2\/types\/post"}],"author":[{"embeddable":true,"href":"https:\/\/elregionaldigital.info\/index.php?rest_route=\/wp\/v2\/users\/1"}],"replies":[{"embeddable":true,"href":"https:\/\/elregionaldigital.info\/index.php?rest_route=%2Fwp%2Fv2%2Fcomments&post=1872"}],"version-history":[{"count":1,"href":"https:\/\/elregionaldigital.info\/index.php?rest_route=\/wp\/v2\/posts\/1872\/revisions"}],"predecessor-version":[{"id":1874,"href":"https:\/\/elregionaldigital.info\/index.php?rest_route=\/wp\/v2\/posts\/1872\/revisions\/1874"}],"wp:featuredmedia":[{"embeddable":true,"href":"https:\/\/elregionaldigital.info\/index.php?rest_route=\/wp\/v2\/media\/1873"}],"wp:attachment":[{"href":"https:\/\/elregionaldigital.info\/index.php?rest_route=%2Fwp%2Fv2%2Fmedia&parent=1872"}],"wp:term":[{"taxonomy":"category","embeddable":true,"href":"https:\/\/elregionaldigital.info\/index.php?rest_route=%2Fwp%2Fv2%2Fcategories&post=1872"},{"taxonomy":"post_tag","embeddable":true,"href":"https:\/\/elregionaldigital.info\/index.php?rest_route=%2Fwp%2Fv2%2Ftags&post=1872"}],"curies":[{"name":"wp","href":"https:\/\/api.w.org\/{rel}","templated":true}]}}