{"id":1865,"date":"2023-10-29T20:01:38","date_gmt":"2023-10-29T20:01:38","guid":{"rendered":"http:\/\/elregionaldigital.info\/?p=1865"},"modified":"2023-10-29T20:01:39","modified_gmt":"2023-10-29T20:01:39","slug":"con-exito-hijos-de-talina-fernandez-venden-pertenencias-de-la-conductora-en-un-bazar","status":"publish","type":"post","link":"https:\/\/elregionaldigital.info\/?p=1865","title":{"rendered":"Con \u00e9xito, hijos de Talina Fern\u00e1ndez venden pertenencias de la conductora en un bazar"},"content":{"rendered":"\n<p>Pato Levy, el hijo menor de la conductora, busca recaudar dinero para pagar su cuenta de hospital y una futura operaci\u00f3n<\/p>\n\n\n\n<figure class=\"wp-block-image size-large\"><img loading=\"lazy\" decoding=\"async\" width=\"1024\" height=\"576\" src=\"http:\/\/elregionaldigital.info\/wp-content\/uploads\/2023\/10\/f1280x720-346760_478435_5050-1024x576.webp\" alt=\"\" class=\"wp-image-1866\" srcset=\"https:\/\/elregionaldigital.info\/wp-content\/uploads\/2023\/10\/f1280x720-346760_478435_5050-1024x576.webp 1024w, https:\/\/elregionaldigital.info\/wp-content\/uploads\/2023\/10\/f1280x720-346760_478435_5050-300x169.webp 300w, https:\/\/elregionaldigital.info\/wp-content\/uploads\/2023\/10\/f1280x720-346760_478435_5050-768x432.webp 768w, https:\/\/elregionaldigital.info\/wp-content\/uploads\/2023\/10\/f1280x720-346760_478435_5050.webp 1280w\" sizes=\"auto, (max-width: 1024px) 100vw, 1024px\" \/><\/figure>\n\n\n\n<p>La condici\u00f3n de salud de<a href=\"https:\/\/www.eluniversal.com.mx\/\" target=\"_blank\" rel=\"noreferrer noopener\"><strong>&nbsp;Patricio &#8220;Pato&#8221; Levy<\/strong><\/a>, hijo de&nbsp;<a href=\"https:\/\/www.eluniversal.com.mx\/minuto-x-minuto\/\" target=\"_blank\" rel=\"noreferrer noopener\"><strong>Talina Fern\u00e1ndez<\/strong><\/a>, lo ha llevado a \u00e9l y a Coco, su hermano mayor, a tomar la decisi\u00f3n de poner a la venta algunas pertenencias de su madre, quien perdi\u00f3 la vida hace cuatro meses, en un bazar que abri\u00f3 sus puertas el d\u00eda de ayer, el cual result\u00f3 todo un \u00e9xito, pues fueron muchas las personas que se dieron cita para adquirir una prenda, un mueble, un libro o un cuadro que un d\u00eda perteneci\u00f3 a &#8220;la dama del buen decir&#8221;.<\/p>\n\n\n\n<p>Hace una semana, se dio a conocer que el hijo m\u00e1s peque\u00f1o de Talina, Pato hab\u00eda sido internado por una insuficiencia card\u00edaca, versi\u00f3n que \u00e9l mismo confirm\u00f3 a &#8220;Ventaneando&#8221;, y aunque cuando convers\u00f3 con el programa de espect\u00e1culos, ya se encontraba fuera del hospital, confi\u00f3 que fue gracias a Coco Levy y sus influencias, pues su hermano mayor pidi\u00f3 a algunos de sus amigos y conocidos un pr\u00e9stamo para solventar los gastos m\u00e9dicos de Patricio.<\/p>\n\n\n\n<p>Pato cont\u00f3 a Pedro Sola que s\u00f3lo de su internamiento se hab\u00eda acumulado una cuenta de 500 mil pesos, la cual le era imposible de pagar debido a que &#8220;no ten\u00eda ni un centavo&#8221;, de acuerdo con sus propias palabras.<\/p>\n\n\n\n<p>Pero eso no es todo, pues Pato precis\u00f3 que todav\u00eda tiene que someterse a una operaci\u00f3n al coraz\u00f3n para mejorar su condici\u00f3n de su salud, ya que desde diciembre de este a\u00f1o padece una arritmia, debido a una mala intervenci\u00f3n, en la que un doctor conect\u00f3 de manera equivocada uno de sus intestinos, situaci\u00f3n que adem\u00e1s le hizo subir 80 kilos en muy poco tiempo.<\/p>\n\n\n\n<p>&#8220;El cuentotonon\u00f3n del hospital lo debo y la operaci\u00f3n al coraz\u00f3n todav\u00eda no me la hago, estamos buscando dinero ahorita para ver de qu\u00e9 manera solventamos los gastos&#8221;, detall\u00f3.<\/p>\n\n\n\n<p>Fue por eso que \u00e9l y Coco idearon la iniciativa de poner a la venta algunas de las pertenencias que su madre, fallecida el pasado 28 de junio, coleccion\u00f3 a lo largo de su vida, pues le gustaba que la decoraci\u00f3n de su casa estuviera ataviada de cuadros y accesorios que, en la actualidad, ninguno de sus hijos utiliza.<\/p>\n\n\n\n<p>&#8220;La idea fue de Coco y m\u00eda porque vivimos en una casa enorme, de mi madre santa, donde le encantaba colgarle cuadros y cositas, entonces toda la casa est\u00e1 llena de talachas, como le dec\u00edamos a mi mami&#8221;, expuso.<\/p>\n\n\n\n<p>&#8220;Una cantidad de cuadros, libros, libros autografiados, libros de ella, tenemos figuritas, figurotas y lo que tenemos m\u00e1s que nada son ceniceros&#8221;, dijo, pues su madre fumaba mucho, as\u00ed como \u00e9l, sin embargo, destac\u00f3 que ya lo dej\u00f3 debido a que es un h\u00e1bito que podr\u00eda dificultar m\u00e1s sus problemas del coraz\u00f3n.<\/p>\n\n\n\n<p>En este contexto, desde las 10:30 horas de ayer, Coco y Pato se dieron cita en las instalaciones del autocinema Coyote, donde debajo de tres carpas colocaron ropa, cuadros, muebles, libros, vajillas, vinilos, adornos para el hogar, y hasta algunos reconocimientos que la conductora recibi\u00f3 en vida, en el que recibieron una gran cantidad de personas interesadas en llevarse una pertenencia de do\u00f1a Talina.<\/p>\n\n\n\n<p>Uno de los medios que se dio cita en el bazar fue &#8220;TVyNovelas&#8221;, medio que convers\u00f3 con los hermanos Levy, quienes destacaron que la venta, en su d\u00eda debut, result\u00f3 todo un \u00e9xito, por lo que revelaron que a\u00fan tienen mucho por vender, por lo que a finales de noviembre anunciaran otra fecha para seguir con esta iniciativa, donde los precios van desde los 300 pesos hasta los 3 mil, dependiendo del tipo de objeto y su utilidad.<\/p>\n\n\n\n<p>\u201cNos ha ido muy bien, a\u00fan nos sobran muchas cosas, pero hemos vendido much\u00edsimo, trajimos un buen de cosas que mi madre santa le encantaba coleccionar&#8221;, dijo Pato, agradecido de que las personas se interesaran en llevarse un recuerdo de su madre, con quien cuenta que vivi\u00f3 muy cercano en sus \u00faltimos tres a\u00f1os de vida.<\/p>\n\n\n\n<p>Otro de las iniciativas a las que Pato ah recurrido para juntar dinero para pagar la cuenta de hospital, as\u00ed como para poderse operar lo antes posible, es pedir dinero en una p\u00e1gina de donativos, conocida como &#8220;GoFoundMe&#8221;, en la que las personas pueden cooperar desde un peso hasta la cantidad que puedan y desean proporcionar.<\/p>\n","protected":false},"excerpt":{"rendered":"<p>Pato Levy, el hijo menor de la conductora, busca recaudar dinero para pagar su cuenta de hospital y una futura operaci\u00f3n La condici\u00f3n de salud de&nbsp;Patricio &#8220;Pato&#8221; Levy, hijo de&nbsp;Talina Fern\u00e1ndez, lo ha llevado a \u00e9l y a Coco, su hermano mayor, a tomar la decisi\u00f3n de poner a la venta algunas pertenencias de su [&hellip;]<\/p>\n","protected":false},"author":1,"featured_media":1866,"comment_status":"open","ping_status":"open","sticky":false,"template":"","format":"standard","meta":{"footnotes":""},"categories":[3],"tags":[],"class_list":["post-1865","post","type-post","status-publish","format-standard","has-post-thumbnail","hentry","category-entretenimiento"],"blog_post_layout_featured_media_urls":{"thumbnail":["https:\/\/elregionaldigital.info\/wp-content\/uploads\/2023\/10\/f1280x720-346760_478435_5050-150x150.webp",150,150,true],"full":["https:\/\/elregionaldigital.info\/wp-content\/uploads\/2023\/10\/f1280x720-346760_478435_5050.webp",1280,720,false]},"categories_names":{"3":{"name":"Entretenimiento","link":"https:\/\/elregionaldigital.info\/?cat=3"}},"tags_names":[],"comments_number":"0","wpmagazine_modules_lite_featured_media_urls":{"thumbnail":["https:\/\/elregionaldigital.info\/wp-content\/uploads\/2023\/10\/f1280x720-346760_478435_5050-150x150.webp",150,150,true],"cvmm-medium":["https:\/\/elregionaldigital.info\/wp-content\/uploads\/2023\/10\/f1280x720-346760_478435_5050-300x300.webp",300,300,true],"cvmm-medium-plus":["https:\/\/elregionaldigital.info\/wp-content\/uploads\/2023\/10\/f1280x720-346760_478435_5050-305x207.webp",305,207,true],"cvmm-portrait":["https:\/\/elregionaldigital.info\/wp-content\/uploads\/2023\/10\/f1280x720-346760_478435_5050-400x600.webp",400,600,true],"cvmm-medium-square":["https:\/\/elregionaldigital.info\/wp-content\/uploads\/2023\/10\/f1280x720-346760_478435_5050-600x600.webp",600,600,true],"cvmm-large":["https:\/\/elregionaldigital.info\/wp-content\/uploads\/2023\/10\/f1280x720-346760_478435_5050-1024x720.webp",1024,720,true],"cvmm-small":["https:\/\/elregionaldigital.info\/wp-content\/uploads\/2023\/10\/f1280x720-346760_478435_5050-130x95.webp",130,95,true],"full":["https:\/\/elregionaldigital.info\/wp-content\/uploads\/2023\/10\/f1280x720-346760_478435_5050.webp",1280,720,false]},"_links":{"self":[{"href":"https:\/\/elregionaldigital.info\/index.php?rest_route=\/wp\/v2\/posts\/1865","targetHints":{"allow":["GET"]}}],"collection":[{"href":"https:\/\/elregionaldigital.info\/index.php?rest_route=\/wp\/v2\/posts"}],"about":[{"href":"https:\/\/elregionaldigital.info\/index.php?rest_route=\/wp\/v2\/types\/post"}],"author":[{"embeddable":true,"href":"https:\/\/elregionaldigital.info\/index.php?rest_route=\/wp\/v2\/users\/1"}],"replies":[{"embeddable":true,"href":"https:\/\/elregionaldigital.info\/index.php?rest_route=%2Fwp%2Fv2%2Fcomments&post=1865"}],"version-history":[{"count":1,"href":"https:\/\/elregionaldigital.info\/index.php?rest_route=\/wp\/v2\/posts\/1865\/revisions"}],"predecessor-version":[{"id":1867,"href":"https:\/\/elregionaldigital.info\/index.php?rest_route=\/wp\/v2\/posts\/1865\/revisions\/1867"}],"wp:featuredmedia":[{"embeddable":true,"href":"https:\/\/elregionaldigital.info\/index.php?rest_route=\/wp\/v2\/media\/1866"}],"wp:attachment":[{"href":"https:\/\/elregionaldigital.info\/index.php?rest_route=%2Fwp%2Fv2%2Fmedia&parent=1865"}],"wp:term":[{"taxonomy":"category","embeddable":true,"href":"https:\/\/elregionaldigital.info\/index.php?rest_route=%2Fwp%2Fv2%2Fcategories&post=1865"},{"taxonomy":"post_tag","embeddable":true,"href":"https:\/\/elregionaldigital.info\/index.php?rest_route=%2Fwp%2Fv2%2Ftags&post=1865"}],"curies":[{"name":"wp","href":"https:\/\/api.w.org\/{rel}","templated":true}]}}