{"id":1851,"date":"2023-10-26T15:23:42","date_gmt":"2023-10-26T15:23:42","guid":{"rendered":"http:\/\/elregionaldigital.info\/?p=1851"},"modified":"2023-10-26T15:23:42","modified_gmt":"2023-10-26T15:23:42","slug":"huracan-otis-destroza-e-incomunica-a-acapulco","status":"publish","type":"post","link":"https:\/\/elregionaldigital.info\/?p=1851","title":{"rendered":"Hurac\u00e1n \u201cOtis\u201d destroza\u00a0e incomunica a Acapulco"},"content":{"rendered":"\n<p>Especialistas ya lo consideran el hurac\u00e1n m\u00e1s fuerte de la historia en tocar tierra en esa zona de la costa del Pac\u00edfico mexicano<\/p>\n\n\n\n<p>El Informador 26 de octubre de 2023 <\/p>\n\n\n\n<figure class=\"wp-block-image size-full\"><img loading=\"lazy\" decoding=\"async\" width=\"800\" height=\"480\" src=\"http:\/\/elregionaldigital.info\/wp-content\/uploads\/2023\/10\/imagen_cymkimagen_33z83u7-highres.jpg_589106975.webp\" alt=\"\" class=\"wp-image-1852\" srcset=\"https:\/\/elregionaldigital.info\/wp-content\/uploads\/2023\/10\/imagen_cymkimagen_33z83u7-highres.jpg_589106975.webp 800w, https:\/\/elregionaldigital.info\/wp-content\/uploads\/2023\/10\/imagen_cymkimagen_33z83u7-highres.jpg_589106975-300x180.webp 300w, https:\/\/elregionaldigital.info\/wp-content\/uploads\/2023\/10\/imagen_cymkimagen_33z83u7-highres.jpg_589106975-768x461.webp 768w\" sizes=\"auto, (max-width: 800px) 100vw, 800px\" \/><\/figure>\n\n\n\n<p><strong>M\u00e1s de 12 horas despu\u00e9s de que \u201cOtis\u201d toc\u00f3 tierra como hurac\u00e1n categor\u00eda 5 en la costa de Guerrero<\/strong>, principalmente, a\u00fan segu\u00eda sin saberse si hab\u00eda dejado muertos o la magnitud real de los da\u00f1os.&nbsp;<strong>Residentes y visitantes quedaron sin electricidad, tel\u00e9fono o comunicaciones, servicios que hasta el cierre de esta edici\u00f3n no se hab\u00edan podido restablecer.<\/strong><\/p>\n\n\n\n<p>La entrada del hurac\u00e1n en Acapulco provoc\u00f3 inundaciones y deslaves que bloquearon los principales accesos a la ciudad y a otras zonas de Guerrero. Medio mill\u00f3n de viviendas quedaron sin luz, indic\u00f3 la Comisi\u00f3n Federal de Electricidad.&nbsp;<\/p>\n\n\n\n<p>\u201cOtis\u201d alcanz\u00f3 niveles devastadores a la misma velocidad con la que se disip\u00f3 en las monta\u00f1as. Los expertos ya la consideran la tormenta m\u00e1s fuerte de la historia en <\/p>\n\n\n\n<p>Ingenieros militares y funcionarios estatales trabajaron para abrir un paso terrestre para los equipos de emergencia, lo que se logr\u00f3 por la tarde, inform\u00f3 la Secretar\u00eda de Comunicaciones y Transportes.<\/p>\n\n\n\n<p>El aeropuerto de Acapulco se mantuvo cerrado y con muchos da\u00f1os.\u00a0<strong>La Zona Diamante de Acapulco, un \u00e1rea frente al mar repleta de hoteles, restaurantes y otras atracciones tur\u00edsticas, qued\u00f3 cubierta por un enorme manto de agua marr\u00f3n<\/strong>, seg\u00fan im\u00e1genes a\u00e9reas que una cadena televisiva divulg\u00f3 en internet en las que bulevares y puentes quedaron completamente ocultos.<\/p>\n\n\n\n<p>Grandes edificios perdieron paredes y tejados, ya sea de forma total o parcial y los ventanales de cristal hab\u00edan desaparecido. Paneles solares desprendidos, coches y escombros cubr\u00edan el vest\u00edbulo de un hotel. En algunas zonas la gente caminaba con el agua hasta la cintura, mientras que en otras calles los soldados retiraban escombros y ramas ca\u00eddas.<\/p>\n\n\n\n<p>Luego de un traslado de varias horas, v\u00eda terrestre, desde Ciudad de M\u00e9xico a Acapulco, el Presidente Andr\u00e9s Manuel L\u00f3pez Obrador lleg\u00f3 anoche al puerto, donde cumpli\u00f3 una reuni\u00f3n de seguridad y luego regres\u00f3 a la capital del pa\u00eds.\u00a0<\/p>\n\n\n\n<h4 class=\"wp-block-heading\"><strong>\u201cLos da\u00f1os son incuantificables\u201d,&nbsp;se\u00f1alan empresarios de turismo<\/strong><\/h4>\n\n\n\n<p>Empresarios del sector tur\u00edstico en Acapulco reportaron un da\u00f1o incuantificable en sus patrimonios, de acuerdo con Jorge Laurel Gonz\u00e1lez, ex presidente de la Asociaci\u00f3n de Hoteles y Empresas Tur\u00edsticas de Acapulco (AHETA).<\/p>\n\n\n\n<p><strong>\u201cEl impacto fue muy grave porque no esper\u00e1bamos esto, era una tormenta tropical que se convirti\u00f3 r\u00e1pidamente en hurac\u00e1n categor\u00eda 5 y que adem\u00e1s lleg\u00f3 seis horas antes de lo esperado, los da\u00f1os son incuantificables, no hay comunicaci\u00f3n\u201d<\/strong>, dijo el empresario.<\/p>\n\n\n\n<p>Adem\u00e1s, detall\u00f3 que a\u00fan no se pueden obtener los da\u00f1os y las afectaciones de los diferentes hoteles, los cuales son graves, porque no hay comunicaci\u00f3n celular ni fija.<\/p>\n\n\n\n<p>\u201cEn Acapulco hay 20 mil habitaciones de hotel, vemos con gran preocupaci\u00f3n lo que est\u00e1 sucediendo, no podemos todav\u00eda hacer un c\u00e1lculo de los da\u00f1os, pero s\u00ed te puedo decir que este impacto es m\u00e1s grande que el del hurac\u00e1n \u2018Paulina\u2019 o el del hurac\u00e1n \u2018Manuel\u2019, no nos avis\u00f3 y ahora vemos en las calles todas las desgracias\u201d, lament\u00f3 el ejecutivo.<\/p>\n\n\n\n<p>En redes circulan im\u00e1genes y videos de los estragos que hizo el hurac\u00e1n \u201cOtis\u201d que golpe\u00f3 las costas de Guerrero a las cero horas de ayer.<\/p>\n\n\n\n<p>Los datos del propio Gobierno federal estiman que en el caso del cicl\u00f3n \u201cManuel\u201d en 2013 el da\u00f1o econ\u00f3mico ascendi\u00f3 solamente para Guerrero a 23 mil 441 millones de pesos.<\/p>\n\n\n\n<h4 class=\"wp-block-heading\"><br><strong>Afecta electricidad<\/strong><\/h4>\n\n\n\n<p>La Comisi\u00f3n Federal de Electricidad (CFE) calcula que hay cerca de 300 mil negocios y hogares afectados.<\/p>\n\n\n\n<p>\u201cAnte el impacto del hurac\u00e1n \u2018Otis\u2019, la Comisi\u00f3n Federal de Electricidad emprendi\u00f3 acciones inmediatas para restablecer el servicio el\u00e9ctrico a la brevedad posible, con lo que consigui\u00f3 restituir el suministro al 40% de los 504 mil usuarios afectados hasta el momento en el estado de Guerrero\u201d, se\u00f1al\u00f3.<\/p>\n\n\n\n<h4 class=\"wp-block-heading\"><strong>Cierra aeropuerto<\/strong><\/h4>\n\n\n\n<p>La Agencia Federal de Aviaci\u00f3n Civil inform\u00f3 a trav\u00e9s de la Secretar\u00eda de Infraestructura, Comunicaciones y Transportes (SICT) que\u00a0<strong>debido a las afectaciones del hurac\u00e1n &#8220;Otis&#8221;, el Aeropuerto Internacional de Acapulco tiene suspendidas sus operaciones hasta nuevo aviso<\/strong>.<\/p>\n\n\n\n<figure class=\"wp-block-image size-full\"><img loading=\"lazy\" decoding=\"async\" width=\"770\" height=\"485\" src=\"http:\/\/elregionaldigital.info\/wp-content\/uploads\/2023\/10\/imagen_imagen_huracxn_2_crop1698318209091.jpg_1970638775-2.webp\" alt=\"\" class=\"wp-image-1854\" srcset=\"https:\/\/elregionaldigital.info\/wp-content\/uploads\/2023\/10\/imagen_imagen_huracxn_2_crop1698318209091.jpg_1970638775-2.webp 770w, https:\/\/elregionaldigital.info\/wp-content\/uploads\/2023\/10\/imagen_imagen_huracxn_2_crop1698318209091.jpg_1970638775-2-300x189.webp 300w, https:\/\/elregionaldigital.info\/wp-content\/uploads\/2023\/10\/imagen_imagen_huracxn_2_crop1698318209091.jpg_1970638775-2-768x484.webp 768w\" sizes=\"auto, (max-width: 770px) 100vw, 770px\" \/><\/figure>\n","protected":false},"excerpt":{"rendered":"<p>Especialistas ya lo consideran el hurac\u00e1n m\u00e1s fuerte de la historia en tocar tierra en esa zona de la costa del Pac\u00edfico mexicano El Informador 26 de octubre de 2023 M\u00e1s de 12 horas despu\u00e9s de que \u201cOtis\u201d toc\u00f3 tierra como hurac\u00e1n categor\u00eda 5 en la costa de Guerrero, principalmente, a\u00fan segu\u00eda sin saberse si [&hellip;]<\/p>\n","protected":false},"author":1,"featured_media":1854,"comment_status":"open","ping_status":"open","sticky":false,"template":"","format":"standard","meta":{"footnotes":""},"categories":[5],"tags":[],"class_list":["post-1851","post","type-post","status-publish","format-standard","has-post-thumbnail","hentry","category-nacional"],"blog_post_layout_featured_media_urls":{"thumbnail":["https:\/\/elregionaldigital.info\/wp-content\/uploads\/2023\/10\/imagen_imagen_huracxn_2_crop1698318209091.jpg_1970638775-2-150x150.webp",150,150,true],"full":["https:\/\/elregionaldigital.info\/wp-content\/uploads\/2023\/10\/imagen_imagen_huracxn_2_crop1698318209091.jpg_1970638775-2.webp",770,485,false]},"categories_names":{"5":{"name":"Nacional","link":"https:\/\/elregionaldigital.info\/?cat=5"}},"tags_names":[],"comments_number":"0","wpmagazine_modules_lite_featured_media_urls":{"thumbnail":["https:\/\/elregionaldigital.info\/wp-content\/uploads\/2023\/10\/imagen_imagen_huracxn_2_crop1698318209091.jpg_1970638775-2-150x150.webp",150,150,true],"cvmm-medium":["https:\/\/elregionaldigital.info\/wp-content\/uploads\/2023\/10\/imagen_imagen_huracxn_2_crop1698318209091.jpg_1970638775-2-300x300.webp",300,300,true],"cvmm-medium-plus":["https:\/\/elregionaldigital.info\/wp-content\/uploads\/2023\/10\/imagen_imagen_huracxn_2_crop1698318209091.jpg_1970638775-2-305x207.webp",305,207,true],"cvmm-portrait":["https:\/\/elregionaldigital.info\/wp-content\/uploads\/2023\/10\/imagen_imagen_huracxn_2_crop1698318209091.jpg_1970638775-2-400x485.webp",400,485,true],"cvmm-medium-square":["https:\/\/elregionaldigital.info\/wp-content\/uploads\/2023\/10\/imagen_imagen_huracxn_2_crop1698318209091.jpg_1970638775-2-600x485.webp",600,485,true],"cvmm-large":["https:\/\/elregionaldigital.info\/wp-content\/uploads\/2023\/10\/imagen_imagen_huracxn_2_crop1698318209091.jpg_1970638775-2.webp",770,485,false],"cvmm-small":["https:\/\/elregionaldigital.info\/wp-content\/uploads\/2023\/10\/imagen_imagen_huracxn_2_crop1698318209091.jpg_1970638775-2-130x95.webp",130,95,true],"full":["https:\/\/elregionaldigital.info\/wp-content\/uploads\/2023\/10\/imagen_imagen_huracxn_2_crop1698318209091.jpg_1970638775-2.webp",770,485,false]},"_links":{"self":[{"href":"https:\/\/elregionaldigital.info\/index.php?rest_route=\/wp\/v2\/posts\/1851","targetHints":{"allow":["GET"]}}],"collection":[{"href":"https:\/\/elregionaldigital.info\/index.php?rest_route=\/wp\/v2\/posts"}],"about":[{"href":"https:\/\/elregionaldigital.info\/index.php?rest_route=\/wp\/v2\/types\/post"}],"author":[{"embeddable":true,"href":"https:\/\/elregionaldigital.info\/index.php?rest_route=\/wp\/v2\/users\/1"}],"replies":[{"embeddable":true,"href":"https:\/\/elregionaldigital.info\/index.php?rest_route=%2Fwp%2Fv2%2Fcomments&post=1851"}],"version-history":[{"count":1,"href":"https:\/\/elregionaldigital.info\/index.php?rest_route=\/wp\/v2\/posts\/1851\/revisions"}],"predecessor-version":[{"id":1855,"href":"https:\/\/elregionaldigital.info\/index.php?rest_route=\/wp\/v2\/posts\/1851\/revisions\/1855"}],"wp:featuredmedia":[{"embeddable":true,"href":"https:\/\/elregionaldigital.info\/index.php?rest_route=\/wp\/v2\/media\/1854"}],"wp:attachment":[{"href":"https:\/\/elregionaldigital.info\/index.php?rest_route=%2Fwp%2Fv2%2Fmedia&parent=1851"}],"wp:term":[{"taxonomy":"category","embeddable":true,"href":"https:\/\/elregionaldigital.info\/index.php?rest_route=%2Fwp%2Fv2%2Fcategories&post=1851"},{"taxonomy":"post_tag","embeddable":true,"href":"https:\/\/elregionaldigital.info\/index.php?rest_route=%2Fwp%2Fv2%2Ftags&post=1851"}],"curies":[{"name":"wp","href":"https:\/\/api.w.org\/{rel}","templated":true}]}}