{"id":1848,"date":"2023-10-21T13:24:00","date_gmt":"2023-10-21T13:24:00","guid":{"rendered":"http:\/\/elregionaldigital.info\/?p=1848"},"modified":"2023-10-26T01:35:34","modified_gmt":"2023-10-26T01:35:34","slug":"hombre-se-hace-pasar-por-maniqui-para-asaltar-tiendas-en-centro-comercial-asi-lo-atraparon","status":"publish","type":"post","link":"https:\/\/elregionaldigital.info\/?p=1848","title":{"rendered":"Hombre se hace pasar por maniqu\u00ed para asaltar tiendas en centro comercial; as\u00ed lo atraparon"},"content":{"rendered":"\n<figure class=\"wp-block-image size-full\"><img loading=\"lazy\" decoding=\"async\" width=\"1024\" height=\"576\" src=\"http:\/\/elregionaldigital.info\/wp-content\/uploads\/2023\/10\/hombre-maniqui-centro-comercial-191354-1024x576-1.jpg\" alt=\"\" class=\"wp-image-1849\" srcset=\"https:\/\/elregionaldigital.info\/wp-content\/uploads\/2023\/10\/hombre-maniqui-centro-comercial-191354-1024x576-1.jpg 1024w, https:\/\/elregionaldigital.info\/wp-content\/uploads\/2023\/10\/hombre-maniqui-centro-comercial-191354-1024x576-1-300x169.jpg 300w, https:\/\/elregionaldigital.info\/wp-content\/uploads\/2023\/10\/hombre-maniqui-centro-comercial-191354-1024x576-1-768x432.jpg 768w\" sizes=\"auto, (max-width: 1024px) 100vw, 1024px\" \/><\/figure>\n\n\n\n<p>21 octubre 2023-. Un\u00a0<strong>video<\/strong>, que\u00a0<a rel=\"noreferrer noopener\" href=\"https:\/\/www.unotv.com\/virales\/\" target=\"_blank\">se ha viralizado<\/a>, muestra<strong>\u00a0el peculiar modus operandi de un ladr\u00f3n de tiendas<\/strong>\u00a0quien, para lograr su cometido, se hac\u00eda pasar por un\u00a0<strong>maniqu\u00ed<\/strong>.<\/p>\n\n\n\n<p>En la grabaci\u00f3n, se observa que el hombre se mantiene quieto, cual maniqu\u00ed, enfrente del aparador de una tienda de ropa en un centro comercial. Los primeros reportes indican que adoptaba esta posici\u00f3n para \u201cpasar desapercibido\u201d en lo que los negocios cerraban sus puertas.<\/p>\n\n\n\n<p>El hombre que se hac\u00eda pasar por maniqu\u00ed en un centro comercial de Varsovia, Polonia, fue detenido el pasado 18 de octubre, inform\u00f3 la polic\u00eda de aquel pa\u00eds.<\/p>\n\n\n\n<p>Seg\u00fan las autoridades, el modus operandi del hombre consist\u00eda en quedarse quieto, con una bolsa en la mano, frente a un escaparate de una de las tiendas, para esperar el cierre del centro comercial.<\/p>\n\n\n\n<p>El objetivo de hacerse pasar por un maniqu\u00ed, inform\u00f3 la polic\u00eda de Varsovia, era el de \u201cevitar ser expuesto por las c\u00e1maras\u201d de la plaza comercial.<\/p>\n\n\n\n<p>Una vez que el centro comercial cerraba, el hombre, de 22 a\u00f1os,<strong>\u00a0se dedicaba a robar en las tiendas<\/strong>. En una ocasi\u00f3n, el rob\u00f3 joyas, en otra entr\u00f3 a un negocio de ropa y sali\u00f3 vestido con prendas nuevas.<\/p>\n\n\n\n<p>Aunado a lo anterior, en una ocasi\u00f3n el hombre incluso<strong>\u00a0se meti\u00f3 a un restaurante a comer<\/strong>. Finalmente, fue descubierto por personal de seguridad que llam\u00f3 a la polic\u00eda.<\/p>\n\n\n\n<p>Seg\u00fan la polic\u00eda, el hombre tambi\u00e9n hab\u00eda robado en otro centro comercial, donde sac\u00f3 dinero de las cajas registradoras e intent\u00f3 robar otros art\u00edculos despu\u00e9s de que cerraron<\/p>\n\n\n\n<p>El hombre podr\u00eda enfrentarse a diez a\u00f1os de prisi\u00f3n por sus presuntos delitos, inform\u00f3 la agencia&nbsp;<em>Reuters<\/em>.<\/p>\n","protected":false},"excerpt":{"rendered":"<p>21 octubre 2023-. Un\u00a0video, que\u00a0se ha viralizado, muestra\u00a0el peculiar modus operandi de un ladr\u00f3n de tiendas\u00a0quien, para lograr su cometido, se hac\u00eda pasar por un\u00a0maniqu\u00ed. En la grabaci\u00f3n, se observa que el hombre se mantiene quieto, cual maniqu\u00ed, enfrente del aparador de una tienda de ropa en un centro comercial. Los primeros reportes indican que [&hellip;]<\/p>\n","protected":false},"author":1,"featured_media":1849,"comment_status":"open","ping_status":"open","sticky":false,"template":"","format":"standard","meta":{"footnotes":""},"categories":[1],"tags":[],"class_list":["post-1848","post","type-post","status-publish","format-standard","has-post-thumbnail","hentry","category-sin-categoria"],"blog_post_layout_featured_media_urls":{"thumbnail":["https:\/\/elregionaldigital.info\/wp-content\/uploads\/2023\/10\/hombre-maniqui-centro-comercial-191354-1024x576-1-150x150.jpg",150,150,true],"full":["https:\/\/elregionaldigital.info\/wp-content\/uploads\/2023\/10\/hombre-maniqui-centro-comercial-191354-1024x576-1.jpg",1024,576,false]},"categories_names":{"1":{"name":"Sin categor\u00eda","link":"https:\/\/elregionaldigital.info\/?cat=1"}},"tags_names":[],"comments_number":"0","wpmagazine_modules_lite_featured_media_urls":{"thumbnail":["https:\/\/elregionaldigital.info\/wp-content\/uploads\/2023\/10\/hombre-maniqui-centro-comercial-191354-1024x576-1-150x150.jpg",150,150,true],"cvmm-medium":["https:\/\/elregionaldigital.info\/wp-content\/uploads\/2023\/10\/hombre-maniqui-centro-comercial-191354-1024x576-1-300x300.jpg",300,300,true],"cvmm-medium-plus":["https:\/\/elregionaldigital.info\/wp-content\/uploads\/2023\/10\/hombre-maniqui-centro-comercial-191354-1024x576-1-305x207.jpg",305,207,true],"cvmm-portrait":["https:\/\/elregionaldigital.info\/wp-content\/uploads\/2023\/10\/hombre-maniqui-centro-comercial-191354-1024x576-1-400x576.jpg",400,576,true],"cvmm-medium-square":["https:\/\/elregionaldigital.info\/wp-content\/uploads\/2023\/10\/hombre-maniqui-centro-comercial-191354-1024x576-1-600x576.jpg",600,576,true],"cvmm-large":["https:\/\/elregionaldigital.info\/wp-content\/uploads\/2023\/10\/hombre-maniqui-centro-comercial-191354-1024x576-1.jpg",1024,576,false],"cvmm-small":["https:\/\/elregionaldigital.info\/wp-content\/uploads\/2023\/10\/hombre-maniqui-centro-comercial-191354-1024x576-1-130x95.jpg",130,95,true],"full":["https:\/\/elregionaldigital.info\/wp-content\/uploads\/2023\/10\/hombre-maniqui-centro-comercial-191354-1024x576-1.jpg",1024,576,false]},"_links":{"self":[{"href":"https:\/\/elregionaldigital.info\/index.php?rest_route=\/wp\/v2\/posts\/1848","targetHints":{"allow":["GET"]}}],"collection":[{"href":"https:\/\/elregionaldigital.info\/index.php?rest_route=\/wp\/v2\/posts"}],"about":[{"href":"https:\/\/elregionaldigital.info\/index.php?rest_route=\/wp\/v2\/types\/post"}],"author":[{"embeddable":true,"href":"https:\/\/elregionaldigital.info\/index.php?rest_route=\/wp\/v2\/users\/1"}],"replies":[{"embeddable":true,"href":"https:\/\/elregionaldigital.info\/index.php?rest_route=%2Fwp%2Fv2%2Fcomments&post=1848"}],"version-history":[{"count":1,"href":"https:\/\/elregionaldigital.info\/index.php?rest_route=\/wp\/v2\/posts\/1848\/revisions"}],"predecessor-version":[{"id":1850,"href":"https:\/\/elregionaldigital.info\/index.php?rest_route=\/wp\/v2\/posts\/1848\/revisions\/1850"}],"wp:featuredmedia":[{"embeddable":true,"href":"https:\/\/elregionaldigital.info\/index.php?rest_route=\/wp\/v2\/media\/1849"}],"wp:attachment":[{"href":"https:\/\/elregionaldigital.info\/index.php?rest_route=%2Fwp%2Fv2%2Fmedia&parent=1848"}],"wp:term":[{"taxonomy":"category","embeddable":true,"href":"https:\/\/elregionaldigital.info\/index.php?rest_route=%2Fwp%2Fv2%2Fcategories&post=1848"},{"taxonomy":"post_tag","embeddable":true,"href":"https:\/\/elregionaldigital.info\/index.php?rest_route=%2Fwp%2Fv2%2Ftags&post=1848"}],"curies":[{"name":"wp","href":"https:\/\/api.w.org\/{rel}","templated":true}]}}