{"id":1840,"date":"2023-10-23T13:14:00","date_gmt":"2023-10-23T13:14:00","guid":{"rendered":"http:\/\/elregionaldigital.info\/?p=1840"},"modified":"2023-10-26T01:15:52","modified_gmt":"2023-10-26T01:15:52","slug":"cierra-uat-con-exito-la-feria-universitaria-del-libro-2023","status":"publish","type":"post","link":"https:\/\/elregionaldigital.info\/?p=1840","title":{"rendered":"Cierra UAT con \u00e9xito la Feria Universitaria del Libro 2023"},"content":{"rendered":"\n<figure class=\"wp-block-image size-large\"><img loading=\"lazy\" decoding=\"async\" width=\"1024\" height=\"554\" src=\"http:\/\/elregionaldigital.info\/wp-content\/uploads\/2023\/10\/1-8-1024x554.jpg\" alt=\"\" class=\"wp-image-1841\" srcset=\"https:\/\/elregionaldigital.info\/wp-content\/uploads\/2023\/10\/1-8-1024x554.jpg 1024w, https:\/\/elregionaldigital.info\/wp-content\/uploads\/2023\/10\/1-8-300x162.jpg 300w, https:\/\/elregionaldigital.info\/wp-content\/uploads\/2023\/10\/1-8-768x415.jpg 768w, https:\/\/elregionaldigital.info\/wp-content\/uploads\/2023\/10\/1-8-1536x830.jpg 1536w, https:\/\/elregionaldigital.info\/wp-content\/uploads\/2023\/10\/1-8.jpg 2048w\" sizes=\"auto, (max-width: 1024px) 100vw, 1024px\" \/><\/figure>\n\n\n\n<p>Tampico, Tam.; 23 de octubre de 2023.<\/p>\n\n\n\n<p>Cierra UAT con \u00e9xito la Feria Universitaria del Libro 2023<\/p>\n\n\n\n<p>El C.P. Guillermo Mendoza Cavazos, rector de la Universidad Aut\u00f3noma de<br>Tamaulipas, presidi\u00f3 la ceremonia de clausura de la Feria Universitaria del Libro<br>2023 (FUL UAT), evento que tuvo como marco un extraordinario concierto<br>presentado por la Orquesta Sinf\u00f3nica (OSUAT) en el Gimnasio Ol\u00edmpico del<br>Centro Universitario de Tampico.<br>En el cierre de las actividades literarias, culturales y art\u00edsticas, que se<br>desarrollaron del 14 al 22 de octubre en el campus Tampico, el rector Guillermo<br>Mendoza puso de relieve el \u00e9xito de la FUL UAT, al destacar que, en su segunda<br>edici\u00f3n, este a\u00f1o se extendi\u00f3 a las sedes de Victoria, Reynosa y Nuevo Laredo,<br>reuniendo en su conjunto a poco m\u00e1s de 160 mil asistentes.<br>Subray\u00f3 el rector que, gracias al esfuerzo de la comunidad universitaria, al<br>trabajo en equipo en la organizaci\u00f3n de las actividades y la participaci\u00f3n de<br>escritores, artistas y conferencistas reconocidos a nivel nacional e internacional,<br>se cumplieron los objetivos de divulgar la lectura y crear espacios de<br>esparcimiento y promoci\u00f3n literaria para todos los p\u00fablicos.<br>Acompa\u00f1ado del Mtro. Mauricio Pimentel Torres, secretario de Vinculaci\u00f3n<br>de la UAT y presidente del comit\u00e9 organizador de la FUL, el contador p\u00fablico<br>Guillermo Mendoza felicit\u00f3 tambi\u00e9n a la Orquesta Sinf\u00f3nica por su presentaci\u00f3n en<br>este acto de clausura, en donde ofreci\u00f3 un concierto dedicado a piezas musicales<br>del mundo de la cinematograf\u00eda.<br>Puntualiz\u00f3 el rector que para la FUL 2024 habr\u00e1 m\u00e1s eventos y m\u00e1s<br>sorpresas para chicos y grandes, luego de destacar que uno de los programas<br>innovadores ha sido la presentaci\u00f3n de comics y el \u00e1rea dedicada a los ni\u00f1os.<\/p>\n\n\n\n<p>Tambi\u00e9n agradeci\u00f3 la participaci\u00f3n y el apoyo del director del Fondo de<br>Cultura Econ\u00f3mica, Paco Ignacio Taibo II; as\u00ed como del director general de<br>EDUCAL, Fritz Glockner, adem\u00e1s de la colaboraci\u00f3n de empresarios y autoridades<br>municipales de las distintas sedes de la FUL del norte, centro y sur del estado.<\/p>\n","protected":false},"excerpt":{"rendered":"<p>Tampico, Tam.; 23 de octubre de 2023. Cierra UAT con \u00e9xito la Feria Universitaria del Libro 2023 El C.P. Guillermo Mendoza Cavazos, rector de la Universidad Aut\u00f3noma deTamaulipas, presidi\u00f3 la ceremonia de clausura de la Feria Universitaria del Libro2023 (FUL UAT), evento que tuvo como marco un extraordinario conciertopresentado por la Orquesta Sinf\u00f3nica (OSUAT) en [&hellip;]<\/p>\n","protected":false},"author":1,"featured_media":1841,"comment_status":"open","ping_status":"open","sticky":false,"template":"","format":"standard","meta":{"footnotes":""},"categories":[4],"tags":[],"class_list":["post-1840","post","type-post","status-publish","format-standard","has-post-thumbnail","hentry","category-universidades"],"blog_post_layout_featured_media_urls":{"thumbnail":["https:\/\/elregionaldigital.info\/wp-content\/uploads\/2023\/10\/1-8-150x150.jpg",150,150,true],"full":["https:\/\/elregionaldigital.info\/wp-content\/uploads\/2023\/10\/1-8.jpg",2048,1107,false]},"categories_names":{"4":{"name":"Universidades","link":"https:\/\/elregionaldigital.info\/?cat=4"}},"tags_names":[],"comments_number":"0","wpmagazine_modules_lite_featured_media_urls":{"thumbnail":["https:\/\/elregionaldigital.info\/wp-content\/uploads\/2023\/10\/1-8-150x150.jpg",150,150,true],"cvmm-medium":["https:\/\/elregionaldigital.info\/wp-content\/uploads\/2023\/10\/1-8-300x300.jpg",300,300,true],"cvmm-medium-plus":["https:\/\/elregionaldigital.info\/wp-content\/uploads\/2023\/10\/1-8-305x207.jpg",305,207,true],"cvmm-portrait":["https:\/\/elregionaldigital.info\/wp-content\/uploads\/2023\/10\/1-8-400x600.jpg",400,600,true],"cvmm-medium-square":["https:\/\/elregionaldigital.info\/wp-content\/uploads\/2023\/10\/1-8-600x600.jpg",600,600,true],"cvmm-large":["https:\/\/elregionaldigital.info\/wp-content\/uploads\/2023\/10\/1-8-1024x1024.jpg",1024,1024,true],"cvmm-small":["https:\/\/elregionaldigital.info\/wp-content\/uploads\/2023\/10\/1-8-130x95.jpg",130,95,true],"full":["https:\/\/elregionaldigital.info\/wp-content\/uploads\/2023\/10\/1-8.jpg",2048,1107,false]},"_links":{"self":[{"href":"https:\/\/elregionaldigital.info\/index.php?rest_route=\/wp\/v2\/posts\/1840","targetHints":{"allow":["GET"]}}],"collection":[{"href":"https:\/\/elregionaldigital.info\/index.php?rest_route=\/wp\/v2\/posts"}],"about":[{"href":"https:\/\/elregionaldigital.info\/index.php?rest_route=\/wp\/v2\/types\/post"}],"author":[{"embeddable":true,"href":"https:\/\/elregionaldigital.info\/index.php?rest_route=\/wp\/v2\/users\/1"}],"replies":[{"embeddable":true,"href":"https:\/\/elregionaldigital.info\/index.php?rest_route=%2Fwp%2Fv2%2Fcomments&post=1840"}],"version-history":[{"count":1,"href":"https:\/\/elregionaldigital.info\/index.php?rest_route=\/wp\/v2\/posts\/1840\/revisions"}],"predecessor-version":[{"id":1842,"href":"https:\/\/elregionaldigital.info\/index.php?rest_route=\/wp\/v2\/posts\/1840\/revisions\/1842"}],"wp:featuredmedia":[{"embeddable":true,"href":"https:\/\/elregionaldigital.info\/index.php?rest_route=\/wp\/v2\/media\/1841"}],"wp:attachment":[{"href":"https:\/\/elregionaldigital.info\/index.php?rest_route=%2Fwp%2Fv2%2Fmedia&parent=1840"}],"wp:term":[{"taxonomy":"category","embeddable":true,"href":"https:\/\/elregionaldigital.info\/index.php?rest_route=%2Fwp%2Fv2%2Fcategories&post=1840"},{"taxonomy":"post_tag","embeddable":true,"href":"https:\/\/elregionaldigital.info\/index.php?rest_route=%2Fwp%2Fv2%2Ftags&post=1840"}],"curies":[{"name":"wp","href":"https:\/\/api.w.org\/{rel}","templated":true}]}}