{"id":1827,"date":"2023-10-19T16:41:31","date_gmt":"2023-10-19T16:41:31","guid":{"rendered":"http:\/\/elregionaldigital.info\/?p=1827"},"modified":"2023-10-19T16:41:33","modified_gmt":"2023-10-19T16:41:33","slug":"indultados","status":"publish","type":"post","link":"https:\/\/elregionaldigital.info\/?p=1827","title":{"rendered":"Indultados"},"content":{"rendered":"\n<p>Alexis Vega, Cristian Calder\u00f3n y Ra\u00fal Mart\u00ednez vuelven al primer equipo del Guadalajara, luego de estar separados por dos semanas<\/p>\n\n\n\n<p>19 de octubre de 2023 &#8211; <\/p>\n\n\n\n<figure class=\"wp-block-image size-full\"><img loading=\"lazy\" decoding=\"async\" width=\"770\" height=\"485\" src=\"http:\/\/elregionaldigital.info\/wp-content\/uploads\/2023\/10\/imagen_aletzis_vega_crop1697707775200.jpg_1970638775.webp\" alt=\"\" class=\"wp-image-1828\" srcset=\"https:\/\/elregionaldigital.info\/wp-content\/uploads\/2023\/10\/imagen_aletzis_vega_crop1697707775200.jpg_1970638775.webp 770w, https:\/\/elregionaldigital.info\/wp-content\/uploads\/2023\/10\/imagen_aletzis_vega_crop1697707775200.jpg_1970638775-300x189.webp 300w, https:\/\/elregionaldigital.info\/wp-content\/uploads\/2023\/10\/imagen_aletzis_vega_crop1697707775200.jpg_1970638775-768x484.webp 768w\" sizes=\"auto, (max-width: 770px) 100vw, 770px\" \/><\/figure>\n\n\n\n<p>Luego de que los tres fueran separados por la indisciplina cometida durante la visita del Reba\u00f1o a Toluca dos semanas atr\u00e1s, ayer el Guadalajara inform\u00f3 que a partir de ya los jugadores re reincorporaron a las actividades del primer equipo.<\/p>\n\n\n\n<p>Debido a esto es que \u201cChicote\u201d y el n\u00famero 10 del Reba\u00f1o revelaron en redes sociales que ofrecieron disculpas luego de que organizaran una fiesta que les cost\u00f3 perderse el Cl\u00e1sico Tapat\u00edo contra Atlas.<\/p>\n\n\n\n<p>\u201cYa le ofrec\u00ed una disculpa a mis compa\u00f1eros, al entrenador y al club. Mi enfoque est\u00e1 en ganarme la confianza y agradezco la oportunidad\u201d, public\u00f3 Calder\u00f3n en su cuenta oficial de Instagram.<\/p>\n\n\n\n<p>Por otro lado,\u00a0Alexis\u00a0Vega asegur\u00f3 que trabajar\u00e1 para retomar su mejor versi\u00f3n: \u201cQuiero que sepan que me disculp\u00e9 con el equipo, con\u00a0Pauno\u00a0y la instituci\u00f3n. Trabajar\u00e9 para retomar mi m\u00e1ximo nivel. Seguimos para adelante\u201d.<\/p>\n\n\n\n<p><strong>En cuanto a Chivas, la postura institucional del equipo fue asegurar que tomaron la decisi\u00f3n de perdonar a estos tres jugadores luego de un an\u00e1lisis y diversas pl\u00e1ticas entre las partes implicadas.<\/strong><\/p>\n\n\n\n<p>\u201cDespu\u00e9s de una serie de reuniones en las que se valoraron las medidas tomadas y las acciones correspondientes por el incumplimiento a los lineamientos internos del club, adem\u00e1s de las disculpas ofrecidas por los tres futbolistas, se ha decidido que Alexis Vega, Cristian Calder\u00f3n y Ra\u00fal Mart\u00ednez se reincorporen al trabajo grupal desde este mi\u00e9rcoles\u201d, public\u00f3 el Guadalajara en un comunicado.<\/p>\n\n\n\n<h4 class=\"wp-block-heading\"><strong>Novela de dos semanas<\/strong><\/h4>\n\n\n\n<p>El Guadalajara anunci\u00f3 hace dos semanas las separaciones de Alexis Vega y Cristian Calder\u00f3n junto al juvenil Ra\u00fal Mart\u00ednez, luego de haber sido los principales implicados en un tema de indisciplina durante el fin de semana que el Reba\u00f1o se midi\u00f3 al Toluca.<\/p>\n\n\n\n<p>Dicho castigo implic\u00f3 que los jugadores tampoco vieran actividad en partidos como el Cl\u00e1sico Tapat\u00edo contra el Atlas; sin embargo,\u00a0<strong>ayer\u00a0tanto el \u201cChicote\u201d como Vega y Mart\u00ednez arribaron a Verde Valle para ponerse bajo las \u00f3rdenes del profe Pauno<\/strong>.<\/p>\n\n\n\n<p>Fue despu\u00e9s del Cl\u00e1sico Tapat\u00edo contra Atlas que el profe Pauno, estratega del Guadalajara, reconociera que exist\u00eda la posibilidad de perdonar a los jugadores indisciplinados; sin embargo,&nbsp;<strong>se necesitaba que los futbolistas implicados \u201ctuvieran la disposici\u00f3n para ser perdonados\u201d<\/strong>.<\/p>\n\n\n\n<figure class=\"wp-block-image\"><img decoding=\"async\" src=\"https:\/\/www.informador.mx\/__export\/1697709106153\/sites\/elinformador\/img\/2023\/10\/19\/imagen_imagen_imago-1316596.jpg_625383177.jpg\" alt=\"\"\/><\/figure>\n\n\n\n<ul class=\"wp-block-list\">\n<li><\/li>\n<\/ul>\n\n\n\n<p><\/p>\n","protected":false},"excerpt":{"rendered":"<p>Alexis Vega, Cristian Calder\u00f3n y Ra\u00fal Mart\u00ednez vuelven al primer equipo del Guadalajara, luego de estar separados por dos semanas 19 de octubre de 2023 &#8211; Luego de que los tres fueran separados por la indisciplina cometida durante la visita del Reba\u00f1o a Toluca dos semanas atr\u00e1s, ayer el Guadalajara inform\u00f3 que a partir de [&hellip;]<\/p>\n","protected":false},"author":1,"featured_media":1828,"comment_status":"open","ping_status":"open","sticky":false,"template":"","format":"standard","meta":{"footnotes":""},"categories":[6],"tags":[],"class_list":["post-1827","post","type-post","status-publish","format-standard","has-post-thumbnail","hentry","category-deportes"],"blog_post_layout_featured_media_urls":{"thumbnail":["https:\/\/elregionaldigital.info\/wp-content\/uploads\/2023\/10\/imagen_aletzis_vega_crop1697707775200.jpg_1970638775-150x150.webp",150,150,true],"full":["https:\/\/elregionaldigital.info\/wp-content\/uploads\/2023\/10\/imagen_aletzis_vega_crop1697707775200.jpg_1970638775.webp",770,485,false]},"categories_names":{"6":{"name":"Deportes","link":"https:\/\/elregionaldigital.info\/?cat=6"}},"tags_names":[],"comments_number":"0","wpmagazine_modules_lite_featured_media_urls":{"thumbnail":["https:\/\/elregionaldigital.info\/wp-content\/uploads\/2023\/10\/imagen_aletzis_vega_crop1697707775200.jpg_1970638775-150x150.webp",150,150,true],"cvmm-medium":["https:\/\/elregionaldigital.info\/wp-content\/uploads\/2023\/10\/imagen_aletzis_vega_crop1697707775200.jpg_1970638775-300x300.webp",300,300,true],"cvmm-medium-plus":["https:\/\/elregionaldigital.info\/wp-content\/uploads\/2023\/10\/imagen_aletzis_vega_crop1697707775200.jpg_1970638775-305x207.webp",305,207,true],"cvmm-portrait":["https:\/\/elregionaldigital.info\/wp-content\/uploads\/2023\/10\/imagen_aletzis_vega_crop1697707775200.jpg_1970638775-400x485.webp",400,485,true],"cvmm-medium-square":["https:\/\/elregionaldigital.info\/wp-content\/uploads\/2023\/10\/imagen_aletzis_vega_crop1697707775200.jpg_1970638775-600x485.webp",600,485,true],"cvmm-large":["https:\/\/elregionaldigital.info\/wp-content\/uploads\/2023\/10\/imagen_aletzis_vega_crop1697707775200.jpg_1970638775.webp",770,485,false],"cvmm-small":["https:\/\/elregionaldigital.info\/wp-content\/uploads\/2023\/10\/imagen_aletzis_vega_crop1697707775200.jpg_1970638775-130x95.webp",130,95,true],"full":["https:\/\/elregionaldigital.info\/wp-content\/uploads\/2023\/10\/imagen_aletzis_vega_crop1697707775200.jpg_1970638775.webp",770,485,false]},"_links":{"self":[{"href":"https:\/\/elregionaldigital.info\/index.php?rest_route=\/wp\/v2\/posts\/1827","targetHints":{"allow":["GET"]}}],"collection":[{"href":"https:\/\/elregionaldigital.info\/index.php?rest_route=\/wp\/v2\/posts"}],"about":[{"href":"https:\/\/elregionaldigital.info\/index.php?rest_route=\/wp\/v2\/types\/post"}],"author":[{"embeddable":true,"href":"https:\/\/elregionaldigital.info\/index.php?rest_route=\/wp\/v2\/users\/1"}],"replies":[{"embeddable":true,"href":"https:\/\/elregionaldigital.info\/index.php?rest_route=%2Fwp%2Fv2%2Fcomments&post=1827"}],"version-history":[{"count":1,"href":"https:\/\/elregionaldigital.info\/index.php?rest_route=\/wp\/v2\/posts\/1827\/revisions"}],"predecessor-version":[{"id":1829,"href":"https:\/\/elregionaldigital.info\/index.php?rest_route=\/wp\/v2\/posts\/1827\/revisions\/1829"}],"wp:featuredmedia":[{"embeddable":true,"href":"https:\/\/elregionaldigital.info\/index.php?rest_route=\/wp\/v2\/media\/1828"}],"wp:attachment":[{"href":"https:\/\/elregionaldigital.info\/index.php?rest_route=%2Fwp%2Fv2%2Fmedia&parent=1827"}],"wp:term":[{"taxonomy":"category","embeddable":true,"href":"https:\/\/elregionaldigital.info\/index.php?rest_route=%2Fwp%2Fv2%2Fcategories&post=1827"},{"taxonomy":"post_tag","embeddable":true,"href":"https:\/\/elregionaldigital.info\/index.php?rest_route=%2Fwp%2Fv2%2Ftags&post=1827"}],"curies":[{"name":"wp","href":"https:\/\/api.w.org\/{rel}","templated":true}]}}