{"id":1809,"date":"2023-10-15T18:27:00","date_gmt":"2023-10-15T18:27:00","guid":{"rendered":"http:\/\/elregionaldigital.info\/?p=1809"},"modified":"2023-10-16T15:37:07","modified_gmt":"2023-10-16T15:37:07","slug":"luis-miguel-si-acude-a-la-boda-de-su-hija","status":"publish","type":"post","link":"https:\/\/elregionaldigital.info\/?p=1809","title":{"rendered":"Luis Miguel s\u00ed acude a la boda de su hija"},"content":{"rendered":"\n<p>La exclusiva ceremonia nupcial tuvo lugar el 14 de octubre en La Toscana, Italia, y a pesar de los rumores, el cantante de &#8220;La incondicional&#8221;, Luis Miguel, estuvo presente<\/p>\n\n\n\n<p>15 de octubre de 2023 <\/p>\n\n\n\n<figure class=\"wp-block-image size-full\"><img loading=\"lazy\" decoding=\"async\" width=\"770\" height=\"485\" src=\"http:\/\/elregionaldigital.info\/wp-content\/uploads\/2023\/10\/rs3164108_age-2023-02-27-19-18-19-scr_x2x_crop1692730930761_jpg_1970638775_crop1692880158227.jpg_1970638775.webp\" alt=\"\" class=\"wp-image-1810\" srcset=\"https:\/\/elregionaldigital.info\/wp-content\/uploads\/2023\/10\/rs3164108_age-2023-02-27-19-18-19-scr_x2x_crop1692730930761_jpg_1970638775_crop1692880158227.jpg_1970638775.webp 770w, https:\/\/elregionaldigital.info\/wp-content\/uploads\/2023\/10\/rs3164108_age-2023-02-27-19-18-19-scr_x2x_crop1692730930761_jpg_1970638775_crop1692880158227.jpg_1970638775-300x189.webp 300w, https:\/\/elregionaldigital.info\/wp-content\/uploads\/2023\/10\/rs3164108_age-2023-02-27-19-18-19-scr_x2x_crop1692730930761_jpg_1970638775_crop1692880158227.jpg_1970638775-768x484.webp 768w\" sizes=\"auto, (max-width: 770px) 100vw, 770px\" \/><\/figure>\n\n\n\n<p>Este fin de semana fue especialmente significativo para las familias&nbsp;<strong>Pinal y Gallego Basteri<\/strong>, ya que celebraron con gran emoci\u00f3n la uni\u00f3n matrimonial de<strong>&nbsp;Michelle Salas<\/strong>, la hija de<strong>&nbsp;Stephanie Salas y Luis Miguel.<\/strong><\/p>\n\n\n\n<p>La exclusiva ceremonia nupcial tuvo lugar el 14 de octubre en La Toscana, Italia, y a pesar de los rumores, el cantante de<strong>\u00a0&#8220;La incondicional&#8221;<\/strong>, Luis Miguel, estuvo presente, como se pudo ver en un video viral que circul\u00f3 d\u00edas antes del evento. En dicho video,\u00a0<strong>el artista llegaba al lugar en un helic\u00f3ptero en compa\u00f1\u00eda de su pareja, la dise\u00f1adora Paloma Cuevas.<\/strong><\/p>\n\n\n\n<p>Las\u00a0<strong>redes sociales<\/strong>\u00a0se inundaron de fotograf\u00edas de la boda, entre las cuales se destaca una imagen donde el &#8220;Sol de M\u00e9xico&#8221; aparece en la primera fila, celebrando la felicidad de los reci\u00e9n casados. En la foto, compartida por la periodista\u00a0<strong>Maxine Woodside<\/strong>\u00a0en sus redes sociales, se observa a Luis Miguel, borroso pero elegante en un traje negro, junto a Paloma, quien lleva un vestido azul sin mangas.<\/p>\n\n\n\n<p>Lo que muchos siguen pregunt\u00e1ndose es si el famoso artista, seg\u00fan las tradiciones, entreg\u00f3 a la novia en el altar y aunque muchos ten\u00edan la esperanza de que esto sucediera, la respuesta es no, y es que, de acuerdo con publicaciones de la<strong>&nbsp;revista &#8220;Vogue&#8221;<\/strong>, este importante papel fue ejecutado por la madre, Stephani Salas.<\/p>\n\n\n\n<p>Sin embargo, padre e hija s\u00ed tuvieron su momento especial y este habr\u00eda ocurrido justo antes de que Michelle dijera\u00a0<strong>&#8220;s\u00ed, acepto&#8221;<\/strong>: &#8220;Justo antes de subir al altar, se han mirado, se han dedicado unas palabras&#8230; han vivido un momento muy \u00edntimo y que yo creo que ha sido muy emocionante para los dos&#8221;, fue la informaci\u00f3n que comparti\u00f3 Woodside y que habr\u00eda sido revelada por el programa espa\u00f1ol &#8220;Fiesta de Telecinco&#8221;.<\/p>\n\n\n\n<p>En la misma emisi\u00f3n revelaron que el acercamiento entre Salas y Micky no se dio de la noche a la ma\u00f1ana, sino que habr\u00edan estado en constante comunicaci\u00f3n durante los \u00faltimos meses, lo que puede ser confirmado con la aparici\u00f3n de la influencer en el concierto que su pap\u00e1 ofreci\u00f3 el pasado mes de septiembre en Las Vegas:<strong>&nbsp;&#8220;Han estado charlando antes de reencontrarse. (Michelle) No ha ido de su mano (la de Luis Miguel) al altar, pero han tenido unas palabras y era importante para ellos&#8221;<\/strong>, agregaron.<\/p>\n\n\n\n<p>Recordemos que la relaci\u00f3n entre Michelle y su famoso padre siempre ha estado inmersa en la pol\u00e9mica, pues la joven naci\u00f3 cuando el cantante tan solo ten\u00eda 19 a\u00f1os y se encontraba en el punto m\u00e1s alto de su carrera. Aunque en su bioserie, el astro de la m\u00fasica revel\u00f3 que intent\u00f3 ser un padre presente para la entonces ni\u00f1a, lo cierto es que no la reconoci\u00f3, legalmente, hasta 2007, una vez que ella cumpli\u00f3 la mayor\u00eda de edad.<\/p>\n\n\n\n<p>Poco es lo que se sabe sobre el tiempo que han pasado juntos, lo que s\u00ed se conoce es que no son tan cercanos y en su historial hay un constante ir y venir, pues suelen alejarse y reencontrarse continuamente.<\/p>\n\n\n\n<p>Por el momento nadie de la familia, ni la misma reci\u00e9n casada ha dado mayores detalles de la boda.<\/p>\n","protected":false},"excerpt":{"rendered":"<p>La exclusiva ceremonia nupcial tuvo lugar el 14 de octubre en La Toscana, Italia, y a pesar de los rumores, el cantante de &#8220;La incondicional&#8221;, Luis Miguel, estuvo presente 15 de octubre de 2023 Este fin de semana fue especialmente significativo para las familias&nbsp;Pinal y Gallego Basteri, ya que celebraron con gran emoci\u00f3n la uni\u00f3n [&hellip;]<\/p>\n","protected":false},"author":1,"featured_media":1810,"comment_status":"open","ping_status":"open","sticky":false,"template":"","format":"standard","meta":{"footnotes":""},"categories":[3],"tags":[],"class_list":["post-1809","post","type-post","status-publish","format-standard","has-post-thumbnail","hentry","category-entretenimiento"],"blog_post_layout_featured_media_urls":{"thumbnail":["https:\/\/elregionaldigital.info\/wp-content\/uploads\/2023\/10\/rs3164108_age-2023-02-27-19-18-19-scr_x2x_crop1692730930761_jpg_1970638775_crop1692880158227.jpg_1970638775-150x150.webp",150,150,true],"full":["https:\/\/elregionaldigital.info\/wp-content\/uploads\/2023\/10\/rs3164108_age-2023-02-27-19-18-19-scr_x2x_crop1692730930761_jpg_1970638775_crop1692880158227.jpg_1970638775.webp",770,485,false]},"categories_names":{"3":{"name":"Entretenimiento","link":"https:\/\/elregionaldigital.info\/?cat=3"}},"tags_names":[],"comments_number":"0","wpmagazine_modules_lite_featured_media_urls":{"thumbnail":["https:\/\/elregionaldigital.info\/wp-content\/uploads\/2023\/10\/rs3164108_age-2023-02-27-19-18-19-scr_x2x_crop1692730930761_jpg_1970638775_crop1692880158227.jpg_1970638775-150x150.webp",150,150,true],"cvmm-medium":["https:\/\/elregionaldigital.info\/wp-content\/uploads\/2023\/10\/rs3164108_age-2023-02-27-19-18-19-scr_x2x_crop1692730930761_jpg_1970638775_crop1692880158227.jpg_1970638775-300x300.webp",300,300,true],"cvmm-medium-plus":["https:\/\/elregionaldigital.info\/wp-content\/uploads\/2023\/10\/rs3164108_age-2023-02-27-19-18-19-scr_x2x_crop1692730930761_jpg_1970638775_crop1692880158227.jpg_1970638775-305x207.webp",305,207,true],"cvmm-portrait":["https:\/\/elregionaldigital.info\/wp-content\/uploads\/2023\/10\/rs3164108_age-2023-02-27-19-18-19-scr_x2x_crop1692730930761_jpg_1970638775_crop1692880158227.jpg_1970638775-400x485.webp",400,485,true],"cvmm-medium-square":["https:\/\/elregionaldigital.info\/wp-content\/uploads\/2023\/10\/rs3164108_age-2023-02-27-19-18-19-scr_x2x_crop1692730930761_jpg_1970638775_crop1692880158227.jpg_1970638775-600x485.webp",600,485,true],"cvmm-large":["https:\/\/elregionaldigital.info\/wp-content\/uploads\/2023\/10\/rs3164108_age-2023-02-27-19-18-19-scr_x2x_crop1692730930761_jpg_1970638775_crop1692880158227.jpg_1970638775.webp",770,485,false],"cvmm-small":["https:\/\/elregionaldigital.info\/wp-content\/uploads\/2023\/10\/rs3164108_age-2023-02-27-19-18-19-scr_x2x_crop1692730930761_jpg_1970638775_crop1692880158227.jpg_1970638775-130x95.webp",130,95,true],"full":["https:\/\/elregionaldigital.info\/wp-content\/uploads\/2023\/10\/rs3164108_age-2023-02-27-19-18-19-scr_x2x_crop1692730930761_jpg_1970638775_crop1692880158227.jpg_1970638775.webp",770,485,false]},"_links":{"self":[{"href":"https:\/\/elregionaldigital.info\/index.php?rest_route=\/wp\/v2\/posts\/1809","targetHints":{"allow":["GET"]}}],"collection":[{"href":"https:\/\/elregionaldigital.info\/index.php?rest_route=\/wp\/v2\/posts"}],"about":[{"href":"https:\/\/elregionaldigital.info\/index.php?rest_route=\/wp\/v2\/types\/post"}],"author":[{"embeddable":true,"href":"https:\/\/elregionaldigital.info\/index.php?rest_route=\/wp\/v2\/users\/1"}],"replies":[{"embeddable":true,"href":"https:\/\/elregionaldigital.info\/index.php?rest_route=%2Fwp%2Fv2%2Fcomments&post=1809"}],"version-history":[{"count":1,"href":"https:\/\/elregionaldigital.info\/index.php?rest_route=\/wp\/v2\/posts\/1809\/revisions"}],"predecessor-version":[{"id":1811,"href":"https:\/\/elregionaldigital.info\/index.php?rest_route=\/wp\/v2\/posts\/1809\/revisions\/1811"}],"wp:featuredmedia":[{"embeddable":true,"href":"https:\/\/elregionaldigital.info\/index.php?rest_route=\/wp\/v2\/media\/1810"}],"wp:attachment":[{"href":"https:\/\/elregionaldigital.info\/index.php?rest_route=%2Fwp%2Fv2%2Fmedia&parent=1809"}],"wp:term":[{"taxonomy":"category","embeddable":true,"href":"https:\/\/elregionaldigital.info\/index.php?rest_route=%2Fwp%2Fv2%2Fcategories&post=1809"},{"taxonomy":"post_tag","embeddable":true,"href":"https:\/\/elregionaldigital.info\/index.php?rest_route=%2Fwp%2Fv2%2Ftags&post=1809"}],"curies":[{"name":"wp","href":"https:\/\/api.w.org\/{rel}","templated":true}]}}