{"id":1806,"date":"2023-10-14T14:06:00","date_gmt":"2023-10-14T14:06:00","guid":{"rendered":"http:\/\/elregionaldigital.info\/?p=1806"},"modified":"2023-10-15T02:16:15","modified_gmt":"2023-10-15T02:16:15","slug":"mbappe-lleva-a-francia-a-la-euro-de-alemania","status":"publish","type":"post","link":"https:\/\/elregionaldigital.info\/?p=1806","title":{"rendered":"Mbapp\u00e9 lleva a Francia a la Euro de Alemania"},"content":{"rendered":"\n<p>El delantero hace un doblete en la victoria 2-1 sobre los Pa\u00edses Bajos<\/p>\n\n\n\n<p>14 Octubre de 2023-.<\/p>\n\n\n\n<figure class=\"wp-block-image size-full\"><img loading=\"lazy\" decoding=\"async\" width=\"770\" height=\"485\" src=\"http:\/\/elregionaldigital.info\/wp-content\/uploads\/2023\/10\/uefa_euro_2024_qualif_x12022957x_crop1697267148409.jpg_1970638775.webp\" alt=\"\" class=\"wp-image-1807\" srcset=\"https:\/\/elregionaldigital.info\/wp-content\/uploads\/2023\/10\/uefa_euro_2024_qualif_x12022957x_crop1697267148409.jpg_1970638775.webp 770w, https:\/\/elregionaldigital.info\/wp-content\/uploads\/2023\/10\/uefa_euro_2024_qualif_x12022957x_crop1697267148409.jpg_1970638775-300x189.webp 300w, https:\/\/elregionaldigital.info\/wp-content\/uploads\/2023\/10\/uefa_euro_2024_qualif_x12022957x_crop1697267148409.jpg_1970638775-768x484.webp 768w\" sizes=\"auto, (max-width: 770px) 100vw, 770px\" \/><\/figure>\n\n\n\n<p><strong>Kylian&nbsp;Mbapp\u00e9&nbsp;super\u00f3 ayer al legendario&nbsp;Michel&nbsp;Platini&nbsp;como cuarto mayor goleador de la historia de la Selecci\u00f3n francesa de futbol,<\/strong>&nbsp;al marcar dos tantos que tambi\u00e9n dieron a Francia la clasificaci\u00f3n para la Eurocopa 2024 de Alemania.<\/p>\n\n\n\n<p>El doblete de la estrella del PSG ante Pa\u00edses Bajos en Amsterdam le coloca ya con 42 goles, por los 41 de Platini.<\/p>\n\n\n\n<p>Por delante siguen dos jugadores todav\u00eda en activo, Olivier Giroud (54 tantos) y Antoine Griezmann (44), y otro retirado, Thierry Henry (51).<\/p>\n\n\n\n<p>Kylian Mbapp\u00e9 abri\u00f3 el marcador en el minuto 7 con un remate dentro del \u00e1rea tras un preciso pase del lateral derecho Jonathan Clauss.<\/p>\n\n\n\n<p>Y entr\u00f3 igual de acertado en el segundo tiempo, al marcar su segundo tanto con un estupendo disparo desde fuera del \u00e1rea al minuto 53.<\/p>\n\n\n\n<p>Mbapp\u00e9, que ven\u00eda de una racha negativa de cuatro partidos sin marcar, incluso pudo anotar un triplete, pero su disparo en la reposici\u00f3n se estrell\u00f3 en el travesa\u00f1o.<\/p>\n","protected":false},"excerpt":{"rendered":"<p>El delantero hace un doblete en la victoria 2-1 sobre los Pa\u00edses Bajos 14 Octubre de 2023-. Kylian&nbsp;Mbapp\u00e9&nbsp;super\u00f3 ayer al legendario&nbsp;Michel&nbsp;Platini&nbsp;como cuarto mayor goleador de la historia de la Selecci\u00f3n francesa de futbol,&nbsp;al marcar dos tantos que tambi\u00e9n dieron a Francia la clasificaci\u00f3n para la Eurocopa 2024 de Alemania. El doblete de la estrella del [&hellip;]<\/p>\n","protected":false},"author":1,"featured_media":1807,"comment_status":"open","ping_status":"open","sticky":false,"template":"","format":"standard","meta":{"footnotes":""},"categories":[6],"tags":[],"class_list":["post-1806","post","type-post","status-publish","format-standard","has-post-thumbnail","hentry","category-deportes"],"blog_post_layout_featured_media_urls":{"thumbnail":["https:\/\/elregionaldigital.info\/wp-content\/uploads\/2023\/10\/uefa_euro_2024_qualif_x12022957x_crop1697267148409.jpg_1970638775-150x150.webp",150,150,true],"full":["https:\/\/elregionaldigital.info\/wp-content\/uploads\/2023\/10\/uefa_euro_2024_qualif_x12022957x_crop1697267148409.jpg_1970638775.webp",770,485,false]},"categories_names":{"6":{"name":"Deportes","link":"https:\/\/elregionaldigital.info\/?cat=6"}},"tags_names":[],"comments_number":"0","wpmagazine_modules_lite_featured_media_urls":{"thumbnail":["https:\/\/elregionaldigital.info\/wp-content\/uploads\/2023\/10\/uefa_euro_2024_qualif_x12022957x_crop1697267148409.jpg_1970638775-150x150.webp",150,150,true],"cvmm-medium":["https:\/\/elregionaldigital.info\/wp-content\/uploads\/2023\/10\/uefa_euro_2024_qualif_x12022957x_crop1697267148409.jpg_1970638775-300x300.webp",300,300,true],"cvmm-medium-plus":["https:\/\/elregionaldigital.info\/wp-content\/uploads\/2023\/10\/uefa_euro_2024_qualif_x12022957x_crop1697267148409.jpg_1970638775-305x207.webp",305,207,true],"cvmm-portrait":["https:\/\/elregionaldigital.info\/wp-content\/uploads\/2023\/10\/uefa_euro_2024_qualif_x12022957x_crop1697267148409.jpg_1970638775-400x485.webp",400,485,true],"cvmm-medium-square":["https:\/\/elregionaldigital.info\/wp-content\/uploads\/2023\/10\/uefa_euro_2024_qualif_x12022957x_crop1697267148409.jpg_1970638775-600x485.webp",600,485,true],"cvmm-large":["https:\/\/elregionaldigital.info\/wp-content\/uploads\/2023\/10\/uefa_euro_2024_qualif_x12022957x_crop1697267148409.jpg_1970638775.webp",770,485,false],"cvmm-small":["https:\/\/elregionaldigital.info\/wp-content\/uploads\/2023\/10\/uefa_euro_2024_qualif_x12022957x_crop1697267148409.jpg_1970638775-130x95.webp",130,95,true],"full":["https:\/\/elregionaldigital.info\/wp-content\/uploads\/2023\/10\/uefa_euro_2024_qualif_x12022957x_crop1697267148409.jpg_1970638775.webp",770,485,false]},"_links":{"self":[{"href":"https:\/\/elregionaldigital.info\/index.php?rest_route=\/wp\/v2\/posts\/1806","targetHints":{"allow":["GET"]}}],"collection":[{"href":"https:\/\/elregionaldigital.info\/index.php?rest_route=\/wp\/v2\/posts"}],"about":[{"href":"https:\/\/elregionaldigital.info\/index.php?rest_route=\/wp\/v2\/types\/post"}],"author":[{"embeddable":true,"href":"https:\/\/elregionaldigital.info\/index.php?rest_route=\/wp\/v2\/users\/1"}],"replies":[{"embeddable":true,"href":"https:\/\/elregionaldigital.info\/index.php?rest_route=%2Fwp%2Fv2%2Fcomments&post=1806"}],"version-history":[{"count":1,"href":"https:\/\/elregionaldigital.info\/index.php?rest_route=\/wp\/v2\/posts\/1806\/revisions"}],"predecessor-version":[{"id":1808,"href":"https:\/\/elregionaldigital.info\/index.php?rest_route=\/wp\/v2\/posts\/1806\/revisions\/1808"}],"wp:featuredmedia":[{"embeddable":true,"href":"https:\/\/elregionaldigital.info\/index.php?rest_route=\/wp\/v2\/media\/1807"}],"wp:attachment":[{"href":"https:\/\/elregionaldigital.info\/index.php?rest_route=%2Fwp%2Fv2%2Fmedia&parent=1806"}],"wp:term":[{"taxonomy":"category","embeddable":true,"href":"https:\/\/elregionaldigital.info\/index.php?rest_route=%2Fwp%2Fv2%2Fcategories&post=1806"},{"taxonomy":"post_tag","embeddable":true,"href":"https:\/\/elregionaldigital.info\/index.php?rest_route=%2Fwp%2Fv2%2Ftags&post=1806"}],"curies":[{"name":"wp","href":"https:\/\/api.w.org\/{rel}","templated":true}]}}